{"id":104943,"date":"2020-12-21T08:00:06","date_gmt":"2020-12-21T11:00:06","guid":{"rendered":"https:\/\/www.eltrabajo.cl\/portal\/?p=104943"},"modified":"2020-12-20T21:40:00","modified_gmt":"2020-12-21T00:40:00","slug":"tres-personas-con-quemaduras-tras-estallar-cocinilla-en-departamento","status":"publish","type":"post","link":"https:\/\/eltrabajo.cl\/portal\/tres-personas-con-quemaduras-tras-estallar-cocinilla-en-departamento\/","title":{"rendered":"Tres personas con quemaduras tras estallar cocinilla en departamento"},"content":{"rendered":"<p style=\"text-align: left;\"><span style=\"color: #ff0000;\"><strong>Estallido hizo volar personas, ventana y cortinas por los aires:<\/strong><\/span><\/p>\n<p style=\"text-align: justify;\">Tres personas resultaron la tarde de este s\u00e1bado con quemaduras de primero y segundo grado en sus cuerpos, luego que estallara una cocinilla en uso en el N\u00ba48 del cuarto piso de Apartamentos Sargento Aldea (Block 220), la explosi\u00f3n fue de tal magnitud que las personas fueron lanzadas con gran potencia contra las paredes del inmueble y la ventana entera con su marco, cortinas y cristales volaron por los aires, cayendo a unos 30 metros de distancia, mientras que el departamento qued\u00f3 envuelto en una enorme bola de fuego y humo.<\/p>\n<p style=\"text-align: justify;\">Como resultado de lo anterior los vecinos del lugar acudieron r\u00e1pidamente para tratar de ubicar a las personas debajo de los escombros, mientras que la ropa y utensilios del hogar de do\u00f1a <strong>Amelia Ram\u00edrez<\/strong> se quemaban o derret\u00edan. En pocos minutos llegaron gran cantidad de bomberos, tomaron el control del lugar, extinguieron las llamas, y con toallas mojadas cubrieron a las ni\u00f1as (gemelas) de 4 a\u00f1os de edad, logrando sacarlas vivas, pero una de ellas con serias quemaduras en su cuerpo.<\/p>\n<p style=\"text-align: justify;\">\n<p style=\"text-align: justify;\"><span style=\"color: #ff0000;\"><strong>TRABAJO COMPLEJO<\/strong><\/span><\/p>\n<p style=\"text-align: justify;\">El comandante de Bomberos <strong>Juan Carlos Herrera Lillo<\/strong>, inform\u00f3 a <strong>Diario El Trabajo<\/strong> que \u00ab<em>fue una explosi\u00f3n ocurrida en el cuarto piso de los departamentos Sargento Aldea, al parecer fue la explosi\u00f3n de una cocinilla, tuvimos varias personas lesionadas las que fueron evaluadas y atendidas por personal del SAMU, inicialmente se nos reportaron dos adultos y una menor con quemaduras de 1\u00ba y 2\u00ba grado en su cuerpo, la explosi\u00f3n s\u00ed fue muy fuerte, inmediatamente al estallido se empez\u00f3 a incendiar el departamento donde ellos se alojan en el cuarto piso, la emergencia fue atendida por las unidades B1, B2, B4, MX 2 y LT 9, estuvo el personal del SAMU con dos ambulancias, Carabineros tambi\u00e9n, una de las menores fue trasladada al Hospital San Camilo, la verdad que esta situaci\u00f3n fue bastante complicada, la ventana con su marco y cristales cayeron como a 30 metros del departamento, y porque la gran cantidad de humo no nos permit\u00eda ver la escena como corresponde. Destacar tambi\u00e9n el trabajo impecable de los vecinos, la gente no dej\u00f3 duda del esp\u00edritu solidario<\/em>\u00bb, coment\u00f3 Herrera Lillo a nuestro medio.<\/p>\n<p style=\"text-align: justify;\">\n<p style=\"text-align: justify;\"><span style=\"color: #ff0000;\"><strong>YA ES NAVIDAD<\/strong><\/span><\/p>\n<p style=\"text-align: justify;\">Si bien es cierto que se agradece a la Providencia que estos vecinos est\u00e9n con vida y ya se est\u00e9n recuperando de sus quemaduras, tambi\u00e9n es verdad que esta Navidad ser\u00e1 muy distinta a lo que esta familia esperaban para este fin de a\u00f1o, posiblemente nuestros lectores sabr\u00e1n corresponder con algunos regalos para las peque\u00f1itas, colchones, ropa de cama y lo que fuese necesario.<\/p>\n<p style=\"text-align: justify;\"><strong>Roberto Gonz\u00e1lez Short<\/strong><\/p>\n<figure id=\"attachment_104948\" aria-describedby=\"caption-attachment-104948\" style=\"width: 698px\" class=\"wp-caption alignnone\"><img data-recalc-dims=\"1\" loading=\"lazy\" decoding=\"async\" class=\"size-full wp-image-104948\" src=\"https:\/\/i0.wp.com\/www.eltrabajo.cl\/portal\/wp-content\/uploads\/2020\/12\/Explosion5.jpg?resize=640%2C360&#038;ssl=1\" alt=\"TRABAJO A GRAN ALTURA.- La unidad MX 2 de Bomba La Internacional se utiliz\u00f3 tambi\u00e9n en este trabajo de rescate de personas y extinci\u00f3n del fuego.\" width=\"640\" height=\"360\" srcset=\"https:\/\/i0.wp.com\/eltrabajo.cl\/portal\/wp-content\/uploads\/2020\/12\/Explosion5.jpg?w=698&amp;ssl=1 698w, https:\/\/i0.wp.com\/eltrabajo.cl\/portal\/wp-content\/uploads\/2020\/12\/Explosion5.jpg?resize=300%2C169&amp;ssl=1 300w, https:\/\/i0.wp.com\/eltrabajo.cl\/portal\/wp-content\/uploads\/2020\/12\/Explosion5.jpg?resize=200%2C113&amp;ssl=1 200w, https:\/\/i0.wp.com\/eltrabajo.cl\/portal\/wp-content\/uploads\/2020\/12\/Explosion5.jpg?resize=696%2C392&amp;ssl=1 696w\" sizes=\"auto, (max-width: 640px) 100vw, 640px\" \/><figcaption id=\"caption-attachment-104948\" class=\"wp-caption-text\">TRABAJO A GRAN ALTURA.- La unidad MX 2 de Bomba La Internacional se utiliz\u00f3 tambi\u00e9n en este trabajo de rescate de personas y extinci\u00f3n del fuego.<\/figcaption><\/figure>\n<figure id=\"attachment_104947\" aria-describedby=\"caption-attachment-104947\" style=\"width: 699px\" class=\"wp-caption alignnone\"><img data-recalc-dims=\"1\" loading=\"lazy\" decoding=\"async\" class=\"size-full wp-image-104947\" src=\"https:\/\/i0.wp.com\/www.eltrabajo.cl\/portal\/wp-content\/uploads\/2020\/12\/Explosion4.jpg?resize=640%2C396&#038;ssl=1\" alt=\"TRAGEDIA FAMILIAR.- El colch\u00f3n de las ni\u00f1as tambi\u00e9n qued\u00f3 destruido por las llamas. Es una dicha que no hayan v\u00edctimas fatales que lamentar.\" width=\"640\" height=\"396\" srcset=\"https:\/\/i0.wp.com\/eltrabajo.cl\/portal\/wp-content\/uploads\/2020\/12\/Explosion4.jpg?w=699&amp;ssl=1 699w, https:\/\/i0.wp.com\/eltrabajo.cl\/portal\/wp-content\/uploads\/2020\/12\/Explosion4.jpg?resize=300%2C186&amp;ssl=1 300w, https:\/\/i0.wp.com\/eltrabajo.cl\/portal\/wp-content\/uploads\/2020\/12\/Explosion4.jpg?resize=200%2C124&amp;ssl=1 200w, https:\/\/i0.wp.com\/eltrabajo.cl\/portal\/wp-content\/uploads\/2020\/12\/Explosion4.jpg?resize=696%2C431&amp;ssl=1 696w\" sizes=\"auto, (max-width: 640px) 100vw, 640px\" \/><figcaption id=\"caption-attachment-104947\" class=\"wp-caption-text\">TRAGEDIA FAMILIAR.- El colch\u00f3n de las ni\u00f1as tambi\u00e9n qued\u00f3 destruido por las llamas. Es una dicha que no hayan v\u00edctimas fatales que lamentar.<\/figcaption><\/figure>\n<figure id=\"attachment_104945\" aria-describedby=\"caption-attachment-104945\" style=\"width: 698px\" class=\"wp-caption alignnone\"><img data-recalc-dims=\"1\" loading=\"lazy\" decoding=\"async\" class=\"size-full wp-image-104945\" src=\"https:\/\/i0.wp.com\/www.eltrabajo.cl\/portal\/wp-content\/uploads\/2020\/12\/Explosion2.jpg?resize=640%2C445&#038;ssl=1\" alt=\"MUCHAS P\u00c9RDIDAS.- As\u00ed qued\u00f3 la ropa de toda la familia dentro del departamento 48 del Block 220, luego que las llamas envolvieran a los presentes tras la explosi\u00f3n.\" width=\"640\" height=\"445\" srcset=\"https:\/\/i0.wp.com\/eltrabajo.cl\/portal\/wp-content\/uploads\/2020\/12\/Explosion2.jpg?w=698&amp;ssl=1 698w, https:\/\/i0.wp.com\/eltrabajo.cl\/portal\/wp-content\/uploads\/2020\/12\/Explosion2.jpg?resize=300%2C208&amp;ssl=1 300w, https:\/\/i0.wp.com\/eltrabajo.cl\/portal\/wp-content\/uploads\/2020\/12\/Explosion2.jpg?resize=200%2C139&amp;ssl=1 200w, https:\/\/i0.wp.com\/eltrabajo.cl\/portal\/wp-content\/uploads\/2020\/12\/Explosion2.jpg?resize=218%2C150&amp;ssl=1 218w, https:\/\/i0.wp.com\/eltrabajo.cl\/portal\/wp-content\/uploads\/2020\/12\/Explosion2.jpg?resize=696%2C484&amp;ssl=1 696w\" sizes=\"auto, (max-width: 640px) 100vw, 640px\" \/><figcaption id=\"caption-attachment-104945\" class=\"wp-caption-text\">MUCHAS P\u00c9RDIDAS.- As\u00ed qued\u00f3 la ropa de toda la familia dentro del departamento 48 del Block 220, luego que las llamas envolvieran a los presentes tras la explosi\u00f3n.<\/figcaption><\/figure>\n<figure id=\"attachment_104949\" aria-describedby=\"caption-attachment-104949\" style=\"width: 698px\" class=\"wp-caption alignnone\"><img data-recalc-dims=\"1\" loading=\"lazy\" decoding=\"async\" class=\"size-full wp-image-104949\" src=\"https:\/\/i0.wp.com\/www.eltrabajo.cl\/portal\/wp-content\/uploads\/2020\/12\/Explosion6.jpg?resize=640%2C360&#038;ssl=1\" alt=\"POTENTE EXPLOSI\u00d3N.- A 30 metros de distancia del departamento fueron a caer el marco de la ventana y sus cortinas.\" width=\"640\" height=\"360\" srcset=\"https:\/\/i0.wp.com\/eltrabajo.cl\/portal\/wp-content\/uploads\/2020\/12\/Explosion6.jpg?w=698&amp;ssl=1 698w, https:\/\/i0.wp.com\/eltrabajo.cl\/portal\/wp-content\/uploads\/2020\/12\/Explosion6.jpg?resize=300%2C169&amp;ssl=1 300w, https:\/\/i0.wp.com\/eltrabajo.cl\/portal\/wp-content\/uploads\/2020\/12\/Explosion6.jpg?resize=200%2C113&amp;ssl=1 200w, https:\/\/i0.wp.com\/eltrabajo.cl\/portal\/wp-content\/uploads\/2020\/12\/Explosion6.jpg?resize=696%2C392&amp;ssl=1 696w\" sizes=\"auto, (max-width: 640px) 100vw, 640px\" \/><figcaption id=\"caption-attachment-104949\" class=\"wp-caption-text\">POTENTE EXPLOSI\u00d3N.- A 30 metros de distancia del departamento fueron a caer el marco de la ventana y sus cortinas.<\/figcaption><\/figure>\n<figure id=\"attachment_104950\" aria-describedby=\"caption-attachment-104950\" style=\"width: 698px\" class=\"wp-caption alignnone\"><img data-recalc-dims=\"1\" loading=\"lazy\" decoding=\"async\" class=\"size-full wp-image-104950\" src=\"https:\/\/i0.wp.com\/www.eltrabajo.cl\/portal\/wp-content\/uploads\/2020\/12\/Explosion7.jpg?resize=640%2C405&#038;ssl=1\" alt=\"TERRIBLE ACCIDENTE.- As\u00ed qued\u00f3 la ventana del departamento de do\u00f1a Amalia Ram\u00edrez tras el potente estallido.\" width=\"640\" height=\"405\" srcset=\"https:\/\/i0.wp.com\/eltrabajo.cl\/portal\/wp-content\/uploads\/2020\/12\/Explosion7.jpg?w=698&amp;ssl=1 698w, https:\/\/i0.wp.com\/eltrabajo.cl\/portal\/wp-content\/uploads\/2020\/12\/Explosion7.jpg?resize=300%2C190&amp;ssl=1 300w, https:\/\/i0.wp.com\/eltrabajo.cl\/portal\/wp-content\/uploads\/2020\/12\/Explosion7.jpg?resize=200%2C127&amp;ssl=1 200w, https:\/\/i0.wp.com\/eltrabajo.cl\/portal\/wp-content\/uploads\/2020\/12\/Explosion7.jpg?resize=696%2C441&amp;ssl=1 696w\" sizes=\"auto, (max-width: 640px) 100vw, 640px\" \/><figcaption id=\"caption-attachment-104950\" class=\"wp-caption-text\">TERRIBLE ACCIDENTE.- As\u00ed qued\u00f3 la ventana del departamento de do\u00f1a Amalia Ram\u00edrez tras el potente estallido.<\/figcaption><\/figure>\n<figure id=\"attachment_104944\" aria-describedby=\"caption-attachment-104944\" style=\"width: 699px\" class=\"wp-caption alignnone\"><img data-recalc-dims=\"1\" loading=\"lazy\" decoding=\"async\" class=\"size-full wp-image-104944\" src=\"https:\/\/i0.wp.com\/www.eltrabajo.cl\/portal\/wp-content\/uploads\/2020\/12\/Explosion1.jpg?resize=640%2C407&#038;ssl=1\" alt=\"RESCATADA CON VIDA.- Do\u00f1a Amelia Ram\u00edrez fue rescatada por bomberos y vecinos, no pod\u00eda respirar y sus brazos y piernas presentaban graves quemaduras, ella estaba al cuidado de sus dos nietas gemelas de 4 a\u00f1os de edad.\" width=\"640\" height=\"407\" srcset=\"https:\/\/i0.wp.com\/eltrabajo.cl\/portal\/wp-content\/uploads\/2020\/12\/Explosion1.jpg?w=699&amp;ssl=1 699w, https:\/\/i0.wp.com\/eltrabajo.cl\/portal\/wp-content\/uploads\/2020\/12\/Explosion1.jpg?resize=300%2C191&amp;ssl=1 300w, https:\/\/i0.wp.com\/eltrabajo.cl\/portal\/wp-content\/uploads\/2020\/12\/Explosion1.jpg?resize=200%2C127&amp;ssl=1 200w, https:\/\/i0.wp.com\/eltrabajo.cl\/portal\/wp-content\/uploads\/2020\/12\/Explosion1.jpg?resize=696%2C443&amp;ssl=1 696w\" sizes=\"auto, (max-width: 640px) 100vw, 640px\" \/><figcaption id=\"caption-attachment-104944\" class=\"wp-caption-text\">RESCATADA CON VIDA.- Do\u00f1a Amelia Ram\u00edrez fue rescatada por bomberos y vecinos, no pod\u00eda respirar y sus brazos y piernas presentaban graves quemaduras, ella estaba al cuidado de sus dos nietas gemelas de 4 a\u00f1os de edad.<\/figcaption><\/figure>\n<figure id=\"attachment_104951\" aria-describedby=\"caption-attachment-104951\" style=\"width: 699px\" class=\"wp-caption alignnone\"><img data-recalc-dims=\"1\" loading=\"lazy\" decoding=\"async\" class=\"size-full wp-image-104951\" src=\"https:\/\/i0.wp.com\/www.eltrabajo.cl\/portal\/wp-content\/uploads\/2020\/12\/Explosion_Juan-Carlos-Herrera-Lillo.jpg?resize=640%2C572&#038;ssl=1\" alt=\"Comandante de Bomberos Juan Carlos Herrera Lillo.\" width=\"640\" height=\"572\" srcset=\"https:\/\/i0.wp.com\/eltrabajo.cl\/portal\/wp-content\/uploads\/2020\/12\/Explosion_Juan-Carlos-Herrera-Lillo.jpg?w=699&amp;ssl=1 699w, https:\/\/i0.wp.com\/eltrabajo.cl\/portal\/wp-content\/uploads\/2020\/12\/Explosion_Juan-Carlos-Herrera-Lillo.jpg?resize=300%2C268&amp;ssl=1 300w, https:\/\/i0.wp.com\/eltrabajo.cl\/portal\/wp-content\/uploads\/2020\/12\/Explosion_Juan-Carlos-Herrera-Lillo.jpg?resize=168%2C150&amp;ssl=1 168w, https:\/\/i0.wp.com\/eltrabajo.cl\/portal\/wp-content\/uploads\/2020\/12\/Explosion_Juan-Carlos-Herrera-Lillo.jpg?resize=696%2C622&amp;ssl=1 696w\" sizes=\"auto, (max-width: 640px) 100vw, 640px\" \/><figcaption id=\"caption-attachment-104951\" class=\"wp-caption-text\">Comandante de Bomberos Juan Carlos Herrera Lillo.<\/figcaption><\/figure>\n<figure id=\"attachment_104946\" aria-describedby=\"caption-attachment-104946\" style=\"width: 699px\" class=\"wp-caption alignnone\"><img data-recalc-dims=\"1\" loading=\"lazy\" decoding=\"async\" class=\"size-full wp-image-104946\" src=\"https:\/\/i0.wp.com\/www.eltrabajo.cl\/portal\/wp-content\/uploads\/2020\/12\/Explosion3.jpg?resize=640%2C840&#038;ssl=1\" alt=\"NUESTROS H\u00c9ROES.- Este heroico bombero rescata con vida y cubierta de con una toalla mojada, a esta ni\u00f1a de 4 a\u00f1os de edad, quien sufri\u00f3 serias quemaduras en su peque\u00f1o cuerpo. \" width=\"640\" height=\"840\" srcset=\"https:\/\/i0.wp.com\/eltrabajo.cl\/portal\/wp-content\/uploads\/2020\/12\/Explosion3.jpg?w=699&amp;ssl=1 699w, https:\/\/i0.wp.com\/eltrabajo.cl\/portal\/wp-content\/uploads\/2020\/12\/Explosion3.jpg?resize=229%2C300&amp;ssl=1 229w, https:\/\/i0.wp.com\/eltrabajo.cl\/portal\/wp-content\/uploads\/2020\/12\/Explosion3.jpg?resize=114%2C150&amp;ssl=1 114w, https:\/\/i0.wp.com\/eltrabajo.cl\/portal\/wp-content\/uploads\/2020\/12\/Explosion3.jpg?resize=696%2C913&amp;ssl=1 696w\" sizes=\"auto, (max-width: 640px) 100vw, 640px\" \/><figcaption id=\"caption-attachment-104946\" class=\"wp-caption-text\">NUESTROS H\u00c9ROES.- Este heroico bombero rescata con vida y cubierta de con una toalla mojada, a esta ni\u00f1a de 4 a\u00f1os de edad, quien sufri\u00f3 serias quemaduras en su peque\u00f1o cuerpo.<\/figcaption><\/figure>\n","protected":false},"excerpt":{"rendered":"<p>Estallido hizo volar personas, ventana y cortinas por los aires: Tres personas resultaron la tarde de este s\u00e1bado con quemaduras de primero y segundo grado en sus cuerpos, luego que estallara una&#8230;<\/p>\n","protected":false},"author":482,"featured_media":104944,"comment_status":"closed","ping_status":"open","sticky":false,"template":"","format":"standard","meta":{"advanced_seo_description":"","jetpack_seo_html_title":"","jetpack_seo_noindex":false,"_jetpack_memberships_contains_paid_content":false,"footnotes":""},"categories":[21],"tags":[],"class_list":["post-104943","post","type-post","status-publish","format-standard","has-post-thumbnail","hentry","category-policial"],"jetpack_featured_media_url":"https:\/\/i0.wp.com\/eltrabajo.cl\/portal\/wp-content\/uploads\/2020\/12\/Explosion1.jpg?fit=699%2C445&ssl=1","jetpack_sharing_enabled":true,"jetpack_likes_enabled":true,"jetpack-related-posts":[],"_links":{"self":[{"href":"https:\/\/eltrabajo.cl\/portal\/wp-json\/wp\/v2\/posts\/104943","targetHints":{"allow":["GET"]}}],"collection":[{"href":"https:\/\/eltrabajo.cl\/portal\/wp-json\/wp\/v2\/posts"}],"about":[{"href":"https:\/\/eltrabajo.cl\/portal\/wp-json\/wp\/v2\/types\/post"}],"author":[{"embeddable":true,"href":"https:\/\/eltrabajo.cl\/portal\/wp-json\/wp\/v2\/users\/482"}],"replies":[{"embeddable":true,"href":"https:\/\/eltrabajo.cl\/portal\/wp-json\/wp\/v2\/comments?post=104943"}],"version-history":[{"count":0,"href":"https:\/\/eltrabajo.cl\/portal\/wp-json\/wp\/v2\/posts\/104943\/revisions"}],"wp:featuredmedia":[{"embeddable":true,"href":"https:\/\/eltrabajo.cl\/portal\/wp-json\/wp\/v2\/media\/104944"}],"wp:attachment":[{"href":"https:\/\/eltrabajo.cl\/portal\/wp-json\/wp\/v2\/media?parent=104943"}],"wp:term":[{"taxonomy":"category","embeddable":true,"href":"https:\/\/eltrabajo.cl\/portal\/wp-json\/wp\/v2\/categories?post=104943"},{"taxonomy":"post_tag","embeddable":true,"href":"https:\/\/eltrabajo.cl\/portal\/wp-json\/wp\/v2\/tags?post=104943"}],"curies":[{"name":"wp","href":"https:\/\/api.w.org\/{rel}","templated":true}]}}