{"id":105017,"date":"2020-12-24T07:40:32","date_gmt":"2020-12-24T10:40:32","guid":{"rendered":"https:\/\/www.eltrabajo.cl\/portal\/?p=105017"},"modified":"2020-12-23T21:33:07","modified_gmt":"2020-12-24T00:33:07","slug":"hoy-entregaran-la-subvencion-municipal-a-la-asociacion-de-futbol-de-san-felipe","status":"publish","type":"post","link":"https:\/\/eltrabajo.cl\/portal\/hoy-entregaran-la-subvencion-municipal-a-la-asociacion-de-futbol-de-san-felipe\/","title":{"rendered":"Hoy entregar\u00e1n la subvenci\u00f3n municipal a la Asociaci\u00f3n de F\u00fatbol de San Felipe"},"content":{"rendered":"<p style=\"text-align: justify;\">Sin lugar a dudas que esta ser\u00e1 una jornada muy especial para el balompi\u00e9 aficionado de la ciudad, ya que de no surgir ning\u00fan inconveniente de \u00faltima hora, hoy se har\u00e1 entrega oficial por parte del actual alcalde <strong>Christian Beals<\/strong>, de la hist\u00f3rica subvenci\u00f3n municipal a la Asociaci\u00f3n de F\u00fatbol Amateur de San Felipe. <em>\u00abEste ha sido un a\u00f1o nefasto, pero que terminaremos bien y con mucha ilusi\u00f3n con este gran apoyo que brindar\u00e1 la municipalidad a cada uno de los clubes de nuestra organizaci\u00f3n\u00bb,<\/em> expres\u00f3 a <strong>El Trabajo Deportivo<\/strong>, el presidente del centenario organismo\u00a0 deportivo sanfelipe\u00f1o <strong>Ra\u00fal \u2018Rulo\u2019 Reinoso<\/strong>.<\/p>\n<p style=\"text-align: justify;\">El directivo declin\u00f3 entrar en mayores detalles respecto a los montos que se entregar\u00e1n y el horario en que \u00e9l junto a su directorio visitar\u00e1n el edificio municipal: <em>\u00abEs que a\u00fan no me han confirmado nada, solo s\u00e9 que ma\u00f1ana (hoy) ser\u00e1, pero no tengo mayores antecedentes ya que depender\u00e1 de la agenda de las autoridades\u00bb,<\/em> dijo.<\/p>\n<p style=\"text-align: justify;\">Lo que s\u00ed dej\u00f3 muy claro el dirigente mayor de la asociaci\u00f3n de f\u00fatbol local, fue que el martes pr\u00f3ximo los clubes que integran esa organizaci\u00f3n recibir\u00e1n la subvenci\u00f3n: <em>\u00abEso se acord\u00f3 en la \u00faltima reuni\u00f3n que sostuvimos el martes pasado\u00bb,<\/em> finaliz\u00f3 el dirigente.<\/p>\n<p style=\"text-align: justify;\">\n<p style=\"text-align: justify;\"><span style=\"color: #ff0000;\"><strong>PRESENTAR\u00c1 QUERELLA<\/strong><\/span><\/p>\n<p style=\"text-align: justify;\">Otro anuncio que hizo Reinoso fue el que presentar\u00e1 una querella por injurias y calumnias contra un personaje del f\u00fatbol local que realiz\u00f3 fuertes acusaciones en contra de su persona a trav\u00e9s de las redes sociales.\u00a0 <em>\u00abYa habl\u00e9 con un abogado y en los pr\u00f3ximos d\u00edas se presentar\u00e1 el recurso. Lo har\u00e9 porque no puedo permitir que a estas alturas se mancille mi honra y honor. La persona que hizo esto ya est\u00e1 plenamente identificada, y se tendr\u00e1 que hacer responsable por lo que hizo\u00bb,<\/em> sentenci\u00f3 el directivo.<\/p>\n<figure id=\"attachment_105018\" aria-describedby=\"caption-attachment-105018\" style=\"width: 698px\" class=\"wp-caption alignnone\"><img data-recalc-dims=\"1\" loading=\"lazy\" decoding=\"async\" class=\"size-full wp-image-105018\" src=\"https:\/\/i0.wp.com\/www.eltrabajo.cl\/portal\/wp-content\/uploads\/2020\/12\/reunion-2.jpg?resize=640%2C545&#038;ssl=1\" alt=\"En la reuni\u00f3n de la pr\u00f3xima semana los clubes recibir\u00e1n la subvenci\u00f3n municipal que hoy entregar\u00e1 el alcalde Beals.\" width=\"640\" height=\"545\" srcset=\"https:\/\/i0.wp.com\/eltrabajo.cl\/portal\/wp-content\/uploads\/2020\/12\/reunion-2.jpg?w=698&amp;ssl=1 698w, https:\/\/i0.wp.com\/eltrabajo.cl\/portal\/wp-content\/uploads\/2020\/12\/reunion-2.jpg?resize=300%2C255&amp;ssl=1 300w, https:\/\/i0.wp.com\/eltrabajo.cl\/portal\/wp-content\/uploads\/2020\/12\/reunion-2.jpg?resize=176%2C150&amp;ssl=1 176w, https:\/\/i0.wp.com\/eltrabajo.cl\/portal\/wp-content\/uploads\/2020\/12\/reunion-2.jpg?resize=696%2C592&amp;ssl=1 696w\" sizes=\"auto, (max-width: 640px) 100vw, 640px\" \/><figcaption id=\"caption-attachment-105018\" class=\"wp-caption-text\">En la reuni\u00f3n de la pr\u00f3xima semana los clubes recibir\u00e1n la subvenci\u00f3n municipal que hoy entregar\u00e1 el alcalde Beals.<\/figcaption><\/figure>\n","protected":false},"excerpt":{"rendered":"<p>Sin lugar a dudas que esta ser\u00e1 una jornada muy especial para el balompi\u00e9 aficionado de la ciudad, ya que de no surgir ning\u00fan inconveniente de \u00faltima hora, hoy se har\u00e1 entrega&#8230;<\/p>\n","protected":false},"author":482,"featured_media":105018,"comment_status":"closed","ping_status":"open","sticky":false,"template":"","format":"standard","meta":{"advanced_seo_description":"","jetpack_seo_html_title":"","jetpack_seo_noindex":false,"_jetpack_memberships_contains_paid_content":false,"footnotes":""},"categories":[19],"tags":[],"class_list":["post-105017","post","type-post","status-publish","format-standard","has-post-thumbnail","hentry","category-deportes"],"jetpack_featured_media_url":"https:\/\/i0.wp.com\/eltrabajo.cl\/portal\/wp-content\/uploads\/2020\/12\/reunion-2.jpg?fit=698%2C594&ssl=1","jetpack_sharing_enabled":true,"jetpack_likes_enabled":true,"jetpack-related-posts":[],"_links":{"self":[{"href":"https:\/\/eltrabajo.cl\/portal\/wp-json\/wp\/v2\/posts\/105017","targetHints":{"allow":["GET"]}}],"collection":[{"href":"https:\/\/eltrabajo.cl\/portal\/wp-json\/wp\/v2\/posts"}],"about":[{"href":"https:\/\/eltrabajo.cl\/portal\/wp-json\/wp\/v2\/types\/post"}],"author":[{"embeddable":true,"href":"https:\/\/eltrabajo.cl\/portal\/wp-json\/wp\/v2\/users\/482"}],"replies":[{"embeddable":true,"href":"https:\/\/eltrabajo.cl\/portal\/wp-json\/wp\/v2\/comments?post=105017"}],"version-history":[{"count":0,"href":"https:\/\/eltrabajo.cl\/portal\/wp-json\/wp\/v2\/posts\/105017\/revisions"}],"wp:featuredmedia":[{"embeddable":true,"href":"https:\/\/eltrabajo.cl\/portal\/wp-json\/wp\/v2\/media\/105018"}],"wp:attachment":[{"href":"https:\/\/eltrabajo.cl\/portal\/wp-json\/wp\/v2\/media?parent=105017"}],"wp:term":[{"taxonomy":"category","embeddable":true,"href":"https:\/\/eltrabajo.cl\/portal\/wp-json\/wp\/v2\/categories?post=105017"},{"taxonomy":"post_tag","embeddable":true,"href":"https:\/\/eltrabajo.cl\/portal\/wp-json\/wp\/v2\/tags?post=105017"}],"curies":[{"name":"wp","href":"https:\/\/api.w.org\/{rel}","templated":true}]}}