{"id":105046,"date":"2020-12-28T07:40:40","date_gmt":"2020-12-28T10:40:40","guid":{"rendered":"https:\/\/www.eltrabajo.cl\/portal\/?p=105046"},"modified":"2020-12-27T21:20:08","modified_gmt":"2020-12-28T00:20:08","slug":"jorge-acuna-y-sus-primeros-pasos-para-llegar-a-ser-entrenador","status":"publish","type":"post","link":"https:\/\/eltrabajo.cl\/portal\/jorge-acuna-y-sus-primeros-pasos-para-llegar-a-ser-entrenador\/","title":{"rendered":"Jorge Acu\u00f1a y sus primeros pasos para llegar a ser entrenador"},"content":{"rendered":"<p style=\"text-align: justify;\">El exjugador profesional <strong>Jorge<\/strong> \u2018<strong>Kike<\/strong>\u2019 <strong>Acu\u00f1a<\/strong>, cont\u00f3 detalles de su funci\u00f3n en el cuerpo t\u00e9cnico en el Un\u00ed Un\u00ed, donde como \u00e9l mismo lo reconoce, su principal misi\u00f3n por ahora es \u00ab<em>la verdad es que soy de conversar mucho con los jugadores, y eso es precisamente lo que estamos haciendo con<\/em> \u2018<strong><em>Nico<\/em><\/strong>\u2019 (<strong>Su\u00e1rez<\/strong>). <em>Estamos atentos a saber lo que siente y necesita cada jugador<\/em>\u00bb, dijo el exvolante central que est\u00e1 haciendo sus primeras armas como entrenador.<\/p>\n<p style=\"text-align: justify;\">Sobre c\u00f3mo valora esta experiencia, dijo que \u00ab<em>es algo muy lindo estar desde la otra vereda; es una experiencia importante que adem\u00e1s representa un gran desaf\u00edo. Soy un colaborador t\u00e9cnico m\u00e1s de los cuatro que integramos este cuerpo t\u00e9cnico que encabeza <strong>H\u00e9ctor Roco Lucero<\/strong><\/em>\u00bb.<\/p>\n<p style=\"text-align: justify;\">La ca\u00edda con San Marcos en Arica tuvo repercusiones importantes a ra\u00edz que los sanfelipe\u00f1os se bajaron de la lucha por el t\u00edtulo, por lo que desde ahora deben enfocarse en clasificar a la postemporada, y es por eso que era interesante conocer su visi\u00f3n respecto a esa derrota: \u00ab<em>En el f\u00fatbol se pasa por diferentes momentos durante un partido. Hay buenos donde se puede hacer ventajas y malos donde debes intentar que no te hagan da\u00f1o; el pleito se perdi\u00f3 en los \u00faltimos cuatro minutos de la forma en que sab\u00edamos lo intentar\u00eda San Marcos, metiendo centros y mucha gente en el \u00e1rea. Tal vez no fuimos capaces de hacer las correcciones <\/em>(cambios) <em>para resistir y entregarle las mejores herramientas al jugador para enfrentar estas situaciones<\/em>\u00bb, analiz\u00f3.<\/p>\n<p style=\"text-align: justify;\">Ma\u00f1ana Uni\u00f3n San Felipe tendr\u00e1 un duro enfrentamiento con Rangers en el Municipal, duelo al que <strong>Jorge Acu\u00f1a<\/strong> se refiri\u00f3, \u00ab<em>es un equipo<\/em> (Rangers) <em>complicado que a mi modo de ver es el que cuenta con el mejor plantel de la serie al tener tranquilamente dos jugadores por puesto. Ser\u00e1 un duelo lindo en todos los sentidos, donde tendremos que asumir una gran responsabilidad<\/em>\u00bb.<\/p>\n<figure id=\"attachment_105047\" aria-describedby=\"caption-attachment-105047\" style=\"width: 698px\" class=\"wp-caption alignnone\"><img data-recalc-dims=\"1\" loading=\"lazy\" decoding=\"async\" class=\"size-full wp-image-105047\" src=\"https:\/\/i0.wp.com\/www.eltrabajo.cl\/portal\/wp-content\/uploads\/2020\/12\/acuna.jpg?resize=640%2C463&#038;ssl=1\" alt=\"El ex seleccionado chileno hablando con los volantes Lanzini y Vergara.\" width=\"640\" height=\"463\" srcset=\"https:\/\/i0.wp.com\/eltrabajo.cl\/portal\/wp-content\/uploads\/2020\/12\/acuna.jpg?w=698&amp;ssl=1 698w, https:\/\/i0.wp.com\/eltrabajo.cl\/portal\/wp-content\/uploads\/2020\/12\/acuna.jpg?resize=300%2C217&amp;ssl=1 300w, https:\/\/i0.wp.com\/eltrabajo.cl\/portal\/wp-content\/uploads\/2020\/12\/acuna.jpg?resize=200%2C145&amp;ssl=1 200w, https:\/\/i0.wp.com\/eltrabajo.cl\/portal\/wp-content\/uploads\/2020\/12\/acuna.jpg?resize=696%2C504&amp;ssl=1 696w, https:\/\/i0.wp.com\/eltrabajo.cl\/portal\/wp-content\/uploads\/2020\/12\/acuna.jpg?resize=324%2C235&amp;ssl=1 324w\" sizes=\"auto, (max-width: 640px) 100vw, 640px\" \/><figcaption id=\"caption-attachment-105047\" class=\"wp-caption-text\">El ex seleccionado chileno hablando con los volantes Lanzini y Vergara.<\/figcaption><\/figure>\n","protected":false},"excerpt":{"rendered":"<p>El exjugador profesional Jorge \u2018Kike\u2019 Acu\u00f1a, cont\u00f3 detalles de su funci\u00f3n en el cuerpo t\u00e9cnico en el Un\u00ed Un\u00ed, donde como \u00e9l mismo lo reconoce, su principal misi\u00f3n por ahora es \u00abla&#8230;<\/p>\n","protected":false},"author":482,"featured_media":105047,"comment_status":"closed","ping_status":"open","sticky":false,"template":"","format":"standard","meta":{"advanced_seo_description":"","jetpack_seo_html_title":"","jetpack_seo_noindex":false,"_jetpack_memberships_contains_paid_content":false,"footnotes":""},"categories":[19],"tags":[],"class_list":["post-105046","post","type-post","status-publish","format-standard","has-post-thumbnail","hentry","category-deportes"],"jetpack_featured_media_url":"https:\/\/i0.wp.com\/eltrabajo.cl\/portal\/wp-content\/uploads\/2020\/12\/acuna.jpg?fit=698%2C505&ssl=1","jetpack_sharing_enabled":true,"jetpack_likes_enabled":true,"jetpack-related-posts":[],"_links":{"self":[{"href":"https:\/\/eltrabajo.cl\/portal\/wp-json\/wp\/v2\/posts\/105046","targetHints":{"allow":["GET"]}}],"collection":[{"href":"https:\/\/eltrabajo.cl\/portal\/wp-json\/wp\/v2\/posts"}],"about":[{"href":"https:\/\/eltrabajo.cl\/portal\/wp-json\/wp\/v2\/types\/post"}],"author":[{"embeddable":true,"href":"https:\/\/eltrabajo.cl\/portal\/wp-json\/wp\/v2\/users\/482"}],"replies":[{"embeddable":true,"href":"https:\/\/eltrabajo.cl\/portal\/wp-json\/wp\/v2\/comments?post=105046"}],"version-history":[{"count":0,"href":"https:\/\/eltrabajo.cl\/portal\/wp-json\/wp\/v2\/posts\/105046\/revisions"}],"wp:featuredmedia":[{"embeddable":true,"href":"https:\/\/eltrabajo.cl\/portal\/wp-json\/wp\/v2\/media\/105047"}],"wp:attachment":[{"href":"https:\/\/eltrabajo.cl\/portal\/wp-json\/wp\/v2\/media?parent=105046"}],"wp:term":[{"taxonomy":"category","embeddable":true,"href":"https:\/\/eltrabajo.cl\/portal\/wp-json\/wp\/v2\/categories?post=105046"},{"taxonomy":"post_tag","embeddable":true,"href":"https:\/\/eltrabajo.cl\/portal\/wp-json\/wp\/v2\/tags?post=105046"}],"curies":[{"name":"wp","href":"https:\/\/api.w.org\/{rel}","templated":true}]}}