{"id":105212,"date":"2021-01-06T07:35:31","date_gmt":"2021-01-06T10:35:31","guid":{"rendered":"https:\/\/www.eltrabajo.cl\/portal\/?p=105212"},"modified":"2021-01-05T22:45:58","modified_gmt":"2021-01-06T01:45:58","slug":"futboleros-se-ilusionan-con-un-torneo-de-verano-de-futbol-amateur","status":"publish","type":"post","link":"https:\/\/eltrabajo.cl\/portal\/futboleros-se-ilusionan-con-un-torneo-de-verano-de-futbol-amateur\/","title":{"rendered":"\u2018Futboleros\u2019 se ilusionan con un torneo de verano de f\u00fatbol amateur"},"content":{"rendered":"<p style=\"text-align: justify;\">Aunque la situaci\u00f3n sanitaria est\u00e1 algo compleja debido al sostenido aumento de contagios de Coronavirus Covid\u201319, igual hay esperanzas de poder organizar alg\u00fan torneo de f\u00fatbol durante el verano en San Felipe.<\/p>\n<p style=\"text-align: justify;\">Es el incansable directivo <strong>Ra\u00fal Reinoso<\/strong> quien se encuentra barajando la posibilidad de poder hacer un evento \u2018limitado\u2019 solo a algunas series y clubes, con el fin que los jugadores y clubes puedan salir de esta larga siesta en que ha sumido al deporte la Pandemia que est\u00e1 azotando fuerte al pa\u00eds. <em>\u00abSi se toman todas las medidas de seguridad se podr\u00eda hacer algo; es complejo, pero estamos tratando de idear un certamen, porque la verdad es que los jugadores quieren actuar, adem\u00e1s que los clubes necesitan moverse\u00bb,<\/em> dijo Reinoso a <strong>El Trabajo Deportivo<\/strong>.<\/p>\n<p style=\"text-align: justify;\">Respecto a las fechas de la realizaci\u00f3n de la competencia que ser\u00eda por invitaci\u00f3n y solo para jugadores j\u00f3venes, el dirigente y creador del \u2018Amor a la Camiseta\u2019 fue cauto: <em>\u00abEs solo una idea, la que de realizarse deber\u00eda ser en el corto plazo para aprovechar el periodo estival; lo que s\u00ed es claro es que no podr\u00e1n actuar jugadores de mucha edad. No es un imposible hacer algo ya que desde un tiempo a esta parte mucha gente est\u00e1 jugando f\u00fatbol y no ha habido problemas. La clave ser\u00e1 en tomar todos los resguardos con un buen protocolo\u00bb,<\/em> se\u00f1al\u00f3 el popular \u2018Rulo\u2019.<\/p>\n<figure id=\"attachment_105213\" aria-describedby=\"caption-attachment-105213\" style=\"width: 699px\" class=\"wp-caption alignnone\"><img data-recalc-dims=\"1\" loading=\"lazy\" decoding=\"async\" class=\"size-full wp-image-105213\" src=\"https:\/\/i0.wp.com\/www.eltrabajo.cl\/portal\/wp-content\/uploads\/2021\/01\/amateur.jpg?resize=640%2C434&#038;ssl=1\" alt=\"Con un torneo corto el f\u00fatbol amateur sanfelipe\u00f1o quiere poner fin al largo receso producto del Covid-19.\" width=\"640\" height=\"434\" srcset=\"https:\/\/i0.wp.com\/eltrabajo.cl\/portal\/wp-content\/uploads\/2021\/01\/amateur.jpg?w=699&amp;ssl=1 699w, https:\/\/i0.wp.com\/eltrabajo.cl\/portal\/wp-content\/uploads\/2021\/01\/amateur.jpg?resize=300%2C203&amp;ssl=1 300w, https:\/\/i0.wp.com\/eltrabajo.cl\/portal\/wp-content\/uploads\/2021\/01\/amateur.jpg?resize=200%2C136&amp;ssl=1 200w, https:\/\/i0.wp.com\/eltrabajo.cl\/portal\/wp-content\/uploads\/2021\/01\/amateur.jpg?resize=696%2C472&amp;ssl=1 696w\" sizes=\"auto, (max-width: 640px) 100vw, 640px\" \/><figcaption id=\"caption-attachment-105213\" class=\"wp-caption-text\">Con un torneo corto el f\u00fatbol amateur sanfelipe\u00f1o quiere poner fin al largo receso producto del Covid-19.<\/figcaption><\/figure>\n","protected":false},"excerpt":{"rendered":"<p>Aunque la situaci\u00f3n sanitaria est\u00e1 algo compleja debido al sostenido aumento de contagios de Coronavirus Covid\u201319, igual hay esperanzas de poder organizar alg\u00fan torneo de f\u00fatbol durante el verano en San Felipe&#8230;.<\/p>\n","protected":false},"author":482,"featured_media":105213,"comment_status":"closed","ping_status":"open","sticky":false,"template":"","format":"standard","meta":{"advanced_seo_description":"","jetpack_seo_html_title":"","jetpack_seo_noindex":false,"_jetpack_memberships_contains_paid_content":false,"footnotes":""},"categories":[19],"tags":[],"class_list":["post-105212","post","type-post","status-publish","format-standard","has-post-thumbnail","hentry","category-deportes"],"jetpack_featured_media_url":"https:\/\/i0.wp.com\/eltrabajo.cl\/portal\/wp-content\/uploads\/2021\/01\/amateur.jpg?fit=699%2C474&ssl=1","jetpack_sharing_enabled":true,"jetpack_likes_enabled":true,"jetpack-related-posts":[],"_links":{"self":[{"href":"https:\/\/eltrabajo.cl\/portal\/wp-json\/wp\/v2\/posts\/105212","targetHints":{"allow":["GET"]}}],"collection":[{"href":"https:\/\/eltrabajo.cl\/portal\/wp-json\/wp\/v2\/posts"}],"about":[{"href":"https:\/\/eltrabajo.cl\/portal\/wp-json\/wp\/v2\/types\/post"}],"author":[{"embeddable":true,"href":"https:\/\/eltrabajo.cl\/portal\/wp-json\/wp\/v2\/users\/482"}],"replies":[{"embeddable":true,"href":"https:\/\/eltrabajo.cl\/portal\/wp-json\/wp\/v2\/comments?post=105212"}],"version-history":[{"count":0,"href":"https:\/\/eltrabajo.cl\/portal\/wp-json\/wp\/v2\/posts\/105212\/revisions"}],"wp:featuredmedia":[{"embeddable":true,"href":"https:\/\/eltrabajo.cl\/portal\/wp-json\/wp\/v2\/media\/105213"}],"wp:attachment":[{"href":"https:\/\/eltrabajo.cl\/portal\/wp-json\/wp\/v2\/media?parent=105212"}],"wp:term":[{"taxonomy":"category","embeddable":true,"href":"https:\/\/eltrabajo.cl\/portal\/wp-json\/wp\/v2\/categories?post=105212"},{"taxonomy":"post_tag","embeddable":true,"href":"https:\/\/eltrabajo.cl\/portal\/wp-json\/wp\/v2\/tags?post=105212"}],"curies":[{"name":"wp","href":"https:\/\/api.w.org\/{rel}","templated":true}]}}