{"id":105235,"date":"2021-01-06T08:00:24","date_gmt":"2021-01-06T11:00:24","guid":{"rendered":"https:\/\/www.eltrabajo.cl\/portal\/?p=105235"},"modified":"2021-01-05T23:03:48","modified_gmt":"2021-01-06T02:03:48","slug":"a-la-carcel-acusados-de-incendiar-automoviles-de-personal-del-hogar-maria-ayuda","status":"publish","type":"post","link":"https:\/\/eltrabajo.cl\/portal\/a-la-carcel-acusados-de-incendiar-automoviles-de-personal-del-hogar-maria-ayuda\/","title":{"rendered":"A la c\u00e1rcel acusados de incendiar autom\u00f3viles de personal del Hogar Mar\u00eda Ayuda"},"content":{"rendered":"<p style=\"text-align: left;\"><span style=\"color: #ff0000;\"><strong>Formalizados por incendio:<\/strong><\/span><\/p>\n<p style=\"text-align: justify;\">En prisi\u00f3n preventiva y formalizados por el delito de incendio quedaron dos sujetos que fueron detenidos por Carabineros, acusados de haber incendiado dos autom\u00f3viles cuyas propietarias son la directora y la trabajadora social del Hogar Mar\u00eda Ayuda en San Felipe.<\/p>\n<p style=\"text-align: justify;\">Tal como lo inform\u00e1ramos en nuestra edici\u00f3n de ayer, este hecho ocurri\u00f3 el lunes en la tarde, pasadas las 14 horas, en la esquina de las calles Guillermo Echeverr\u00eda con La Reconquista, sector Villa Aconcagua, Loteo Villanueva.<\/p>\n<p style=\"text-align: justify;\">En primera instancia fue Carabineros de San Felipe a trav\u00e9s del prefecto de Aconcagua, coronel <strong>Jorge Chab\u00e1n<\/strong>, quien entreg\u00f3 detalles de la detenci\u00f3n de estas personas por el incendio a los dos veh\u00edculos <em>\u00abque estaban estacionados ac\u00e1 en el sector de San Felipe. Se realizaron algunas diligencias y las personas pasaron hoy d\u00eda <\/em>(ayer)<em> a control de detenci\u00f3n. Se hicieron algunos seguimientos y se estableci\u00f3 las personas que hab\u00edan participado en ese incendio intencional que lamentablemente afect\u00f3 a unas vecinas de ac\u00e1 de San Felipe\u00bb,<\/em> se\u00f1al\u00f3.<\/p>\n<p style=\"text-align: justify;\">Agreg\u00f3 que al lugar tambi\u00e9n concurri\u00f3 personal del Labocar, quienes realizaron las diligencias pertinentes para aclarar el hecho, y <em>\u00abse ubicaron a estas personas en Santiago, donde se les encontr\u00f3 elementos acelerantes que ten\u00edan en sus cuerpos. Es m\u00e1s, uno de ellos ten\u00eda unas quemaduras y el veh\u00edculo fue periciado y es el que efectivamente hab\u00eda participado en los hechos, as\u00ed es que todos esos antecedentes fueron puestos a disposici\u00f3n de los tribunales y esperemos que el resto haga lo propio con la finiquitaci\u00f3n del procedimiento\u00bb,<\/em> manifest\u00f3 el coronel Chab\u00e1n.<\/p>\n<p>&nbsp;<\/p>\n<p style=\"text-align: left;\"><span style=\"color: #ff0000;\"><strong>PRISI\u00d3N PREVENTIVA Y FORMALIZADOS POR INCENDIO<\/strong><\/span><\/p>\n<p style=\"text-align: justify;\">En tanto, desde la fiscal\u00eda local de San Felipe, fue el fiscal <strong>Benjam\u00edn Santib\u00e1\u00f1ez Contreras<\/strong> quien se refiri\u00f3 a este control de detenci\u00f3n y formalizaci\u00f3n de ambos imputados, indicando que el d\u00eda lunes 04 de enero del presente a\u00f1o 2021, en horas de la ma\u00f1ana, un matrimonio acompa\u00f1ado de otro sujeto salieron desde la Regi\u00f3n Metropolitana hacia la comuna de San Felipe, con la intenci\u00f3n de visitar a su hija menor de 15 a\u00f1os de edad, la cual se encuentra ingresada junto a su hija en el hogar residencial \u2018Mar\u00eda Ayuda\u2019, por resoluci\u00f3n del Segundo Juzgado de Familia de San Miguel.<\/p>\n<p style=\"text-align: justify;\">Agreg\u00f3 el fiscal que una vez en San Felipe comenzaron <em>\u00aba dar vueltas por el lugar y observar hacia el interior del mismo, posteriormente alrededor de las 14:00 horas, el padre de la menor efect\u00faa un llamado telef\u00f3nico a la residencia, el que fue contestado por la coordinadora de educaci\u00f3n. Este se individualiza como padre de la ni\u00f1a se\u00f1al\u00e1ndole que quer\u00eda verla para entregarle un regalo ya que ya que el d\u00eda anterior \u2013domingo- hab\u00eda estado de cumplea\u00f1os a lo que la profesional le respondi\u00f3 que deb\u00eda tener una autorizaci\u00f3n judicial lo cual molest\u00f3 al imputado quien le repiti\u00f3 en varias oportunidades \u00abya van a saber de mi\u00bb, cortando la comunicaci\u00f3n y luego le dijo al sujeto que lo acompa\u00f1aba, el cual est\u00e1 siendo investigado por la fiscal\u00eda por el delito de violaci\u00f3n contra de la misma menor, que lo llevara a un servicentro lo cual realiza y en ese lugar compra un bid\u00f3n color rojo al cual carga 3 litros de combustible y luego se sube al autom\u00f3vil que \u00e9l mismo conduc\u00eda y le entrega el bid\u00f3n con el combustible al padre de la menor y se trasladan nuevamente al lugar residencial Mar\u00eda Ayuda, procediendo este \u00faltimo a rosear el combustible en un StationWagon marca Toyota modelo RAP 4 de propiedad de la directora del Hogar Mar\u00eda Ayuda y luego al autom\u00f3vil marca Suzuki modelo SWIFT de propiedad de la trabajadora social del hogar para luego proceder a encenderlos comenzando a incendiarse ambos veh\u00edculos ocasion\u00e1ndole da\u00f1os de consideraci\u00f3n, luego los imputados huyeron en direcci\u00f3n a Santiago siendo detenidos en la autopista central salida salesianos de la comuna de Pedro Aguirre Cerda por personal de Carabineros\u00bb<\/em> se\u00f1al\u00f3<\/p>\n<p style=\"text-align: justify;\">El fiscal Benjam\u00edn Santib\u00e1\u00f1ez Contreras indic\u00f3 que, en base a los antecedentes reunidos se realiz\u00f3 el d\u00eda de ayer la audiencia de control de detenci\u00f3n, donde ambos sujetos fueron formalizados por el delito de incendio.<\/p>\n<p style=\"text-align: justify;\">\u00abSe solicit\u00f3 la medida cautelar de prisi\u00f3n preventiva, la cual fue acogida por el Tribunal quien orden\u00f3 su ingres\u00f3 a la c\u00e1rcel por considerar que sus libertades constituyen un peligro para la seguridad de la sociedad y adem\u00e1s para la seguridad de la v\u00edctima otorgando un plazo de investigaci\u00f3n de 60 d\u00edas\u00bb finaliz\u00f3 el fiscal Santib\u00e1\u00f1ez Contreras<\/p>\n<figure id=\"attachment_105236\" aria-describedby=\"caption-attachment-105236\" style=\"width: 699px\" class=\"wp-caption alignnone\"><img data-recalc-dims=\"1\" loading=\"lazy\" decoding=\"async\" class=\"size-full wp-image-105236\" src=\"https:\/\/i0.wp.com\/www.eltrabajo.cl\/portal\/wp-content\/uploads\/2021\/01\/Santibanez.jpg?resize=640%2C391&#038;ssl=1\" alt=\"Benjam\u00edn Santib\u00e1\u00f1ez Contreras, fiscal a cargo del caso.\" width=\"640\" height=\"391\" srcset=\"https:\/\/i0.wp.com\/eltrabajo.cl\/portal\/wp-content\/uploads\/2021\/01\/Santibanez.jpg?w=699&amp;ssl=1 699w, https:\/\/i0.wp.com\/eltrabajo.cl\/portal\/wp-content\/uploads\/2021\/01\/Santibanez.jpg?resize=300%2C183&amp;ssl=1 300w, https:\/\/i0.wp.com\/eltrabajo.cl\/portal\/wp-content\/uploads\/2021\/01\/Santibanez.jpg?resize=200%2C122&amp;ssl=1 200w, https:\/\/i0.wp.com\/eltrabajo.cl\/portal\/wp-content\/uploads\/2021\/01\/Santibanez.jpg?resize=696%2C425&amp;ssl=1 696w\" sizes=\"auto, (max-width: 640px) 100vw, 640px\" \/><figcaption id=\"caption-attachment-105236\" class=\"wp-caption-text\">Benjam\u00edn Santib\u00e1\u00f1ez Contreras, fiscal a cargo del caso.<\/figcaption><\/figure>\n","protected":false},"excerpt":{"rendered":"<p>Formalizados por incendio: En prisi\u00f3n preventiva y formalizados por el delito de incendio quedaron dos sujetos que fueron detenidos por Carabineros, acusados de haber incendiado dos autom\u00f3viles cuyas propietarias son la directora&#8230;<\/p>\n","protected":false},"author":482,"featured_media":105202,"comment_status":"closed","ping_status":"open","sticky":false,"template":"","format":"standard","meta":{"advanced_seo_description":"","jetpack_seo_html_title":"","jetpack_seo_noindex":false,"_jetpack_memberships_contains_paid_content":false,"footnotes":""},"categories":[97],"tags":[],"class_list":["post-105235","post","type-post","status-publish","format-standard","has-post-thumbnail","hentry","category-tribunales"],"jetpack_featured_media_url":"https:\/\/i0.wp.com\/eltrabajo.cl\/portal\/wp-content\/uploads\/2021\/01\/Atentado2.jpg?fit=698%2C393&ssl=1","jetpack_sharing_enabled":true,"jetpack_likes_enabled":true,"jetpack-related-posts":[],"_links":{"self":[{"href":"https:\/\/eltrabajo.cl\/portal\/wp-json\/wp\/v2\/posts\/105235","targetHints":{"allow":["GET"]}}],"collection":[{"href":"https:\/\/eltrabajo.cl\/portal\/wp-json\/wp\/v2\/posts"}],"about":[{"href":"https:\/\/eltrabajo.cl\/portal\/wp-json\/wp\/v2\/types\/post"}],"author":[{"embeddable":true,"href":"https:\/\/eltrabajo.cl\/portal\/wp-json\/wp\/v2\/users\/482"}],"replies":[{"embeddable":true,"href":"https:\/\/eltrabajo.cl\/portal\/wp-json\/wp\/v2\/comments?post=105235"}],"version-history":[{"count":0,"href":"https:\/\/eltrabajo.cl\/portal\/wp-json\/wp\/v2\/posts\/105235\/revisions"}],"wp:featuredmedia":[{"embeddable":true,"href":"https:\/\/eltrabajo.cl\/portal\/wp-json\/wp\/v2\/media\/105202"}],"wp:attachment":[{"href":"https:\/\/eltrabajo.cl\/portal\/wp-json\/wp\/v2\/media?parent=105235"}],"wp:term":[{"taxonomy":"category","embeddable":true,"href":"https:\/\/eltrabajo.cl\/portal\/wp-json\/wp\/v2\/categories?post=105235"},{"taxonomy":"post_tag","embeddable":true,"href":"https:\/\/eltrabajo.cl\/portal\/wp-json\/wp\/v2\/tags?post=105235"}],"curies":[{"name":"wp","href":"https:\/\/api.w.org\/{rel}","templated":true}]}}