{"id":105245,"date":"2021-01-07T07:40:55","date_gmt":"2021-01-07T10:40:55","guid":{"rendered":"https:\/\/www.eltrabajo.cl\/portal\/?p=105245"},"modified":"2021-01-06T21:00:13","modified_gmt":"2021-01-07T00:00:13","slug":"gonzalo-villegas-se-ilusiona-con-el-ascenso-del-uni-uni","status":"publish","type":"post","link":"https:\/\/eltrabajo.cl\/portal\/gonzalo-villegas-se-ilusiona-con-el-ascenso-del-uni-uni\/","title":{"rendered":"Gonzalo Villegas se ilusiona con el ascenso del Un\u00ed Un\u00ed"},"content":{"rendered":"<p style=\"text-align: justify;\">El actual lateral izquierdo albirrojo <strong>Gonzalo Villegas<\/strong>, mostr\u00f3 altas cuotas de ilusi\u00f3n por la campa\u00f1a que viene cumpliendo el equipo albirrojo: <em>\u00abHemos alcanzado una posici\u00f3n expectante que nos permite ilusionarnos. Estamos muy motivados con lo que podemos hacer, porque el equipo ha mostrado solidez y ha sido superior a sus rivales en muchos partidos\u00bb, <\/em>expres\u00f3 el jugador que reapareci\u00f3 en la infartante victoria sobre Rangers.<em> \u00abVen\u00eda de 20 partidos encima y cre\u00eda que ya no me pasar\u00eda nada, y me lesion\u00e9. Desgraciadamente tuve que salir, pero la pena se me pasaba cuando ve\u00eda que los j\u00f3venes respond\u00edan a gran nivel, felizmente me toc\u00f3 volver en el triunfo sobre Rangers\u00bb,<\/em> agreg\u00f3.<\/p>\n<p style=\"text-align: justify;\">Para Villegas result\u00f3 vital el movimiento que hubo en el banco t\u00e9cnico, donde para \u00e9l ha sido fundamental el aporte de <strong>Jorge Acu\u00f1a<\/strong> y <strong>Nicol\u00e1s Suarez<\/strong>, a los que tuvo como compa\u00f1eros hace poco tiempo. <em>\u00abInfluy\u00f3 mucho la cercan\u00eda que tenemos con Nicol\u00e1s Suarez y Jorge Acu\u00f1a, a quienes vemos como parte del grupo, y qu\u00e9 decir del \u2018Profe\u2019 Roco que hace lo suyo. S\u00ed quiero dejar claro que nada de esto ser\u00eda posible sin el compromiso de cada uno de nosotros\u00bb,<\/em> apunt\u00f3 el polifuncional.<\/p>\n<p style=\"text-align: justify;\">Respecto al partido de la semana pr\u00f3xima ante \u00d1ublense, que podr\u00eda convertirse en una verdadera final, el defensor afirm\u00f3: <em>\u00abEstamos muy expectantes a lo que pasa con \u00d1ublense, ojala se enreden para que podamos jugar contra ellos con chances de llegar al primer lugar; cada partido nos va dando m\u00e1s confianza. Sabemos que debemos luchar por nosotros y toda la gente que nos apoya, la que siempre ver\u00e1 que en los partidos que nos quedan dejaremos todo en la cancha\u00bb.<\/em><\/p>\n<figure id=\"attachment_105247\" aria-describedby=\"caption-attachment-105247\" style=\"width: 700px\" class=\"wp-caption alignnone\"><img data-recalc-dims=\"1\" loading=\"lazy\" decoding=\"async\" class=\"size-full wp-image-105247\" src=\"https:\/\/i0.wp.com\/www.eltrabajo.cl\/portal\/wp-content\/uploads\/2021\/01\/gonzalo-villegas-copia.jpg?resize=640%2C464&#038;ssl=1\" alt=\"Tras varios a\u00f1os en el Un\u00ed Un\u00ed, el lateral izquierdo Gonzalo Villegas ve muy cerca la posibilidad de ascender.\" width=\"640\" height=\"464\" srcset=\"https:\/\/i0.wp.com\/eltrabajo.cl\/portal\/wp-content\/uploads\/2021\/01\/gonzalo-villegas-copia.jpg?w=700&amp;ssl=1 700w, https:\/\/i0.wp.com\/eltrabajo.cl\/portal\/wp-content\/uploads\/2021\/01\/gonzalo-villegas-copia.jpg?resize=300%2C217&amp;ssl=1 300w, https:\/\/i0.wp.com\/eltrabajo.cl\/portal\/wp-content\/uploads\/2021\/01\/gonzalo-villegas-copia.jpg?resize=200%2C145&amp;ssl=1 200w, https:\/\/i0.wp.com\/eltrabajo.cl\/portal\/wp-content\/uploads\/2021\/01\/gonzalo-villegas-copia.jpg?resize=696%2C504&amp;ssl=1 696w, https:\/\/i0.wp.com\/eltrabajo.cl\/portal\/wp-content\/uploads\/2021\/01\/gonzalo-villegas-copia.jpg?resize=324%2C235&amp;ssl=1 324w\" sizes=\"auto, (max-width: 640px) 100vw, 640px\" \/><figcaption id=\"caption-attachment-105247\" class=\"wp-caption-text\">Tras varios a\u00f1os en el Un\u00ed Un\u00ed, el lateral izquierdo Gonzalo Villegas ve muy cerca la posibilidad de ascender.<\/figcaption><\/figure>\n","protected":false},"excerpt":{"rendered":"<p>El actual lateral izquierdo albirrojo Gonzalo Villegas, mostr\u00f3 altas cuotas de ilusi\u00f3n por la campa\u00f1a que viene cumpliendo el equipo albirrojo: \u00abHemos alcanzado una posici\u00f3n expectante que nos permite ilusionarnos. Estamos muy&#8230;<\/p>\n","protected":false},"author":482,"featured_media":105247,"comment_status":"closed","ping_status":"open","sticky":false,"template":"","format":"standard","meta":{"advanced_seo_description":"","jetpack_seo_html_title":"","jetpack_seo_noindex":false,"_jetpack_memberships_contains_paid_content":false,"footnotes":""},"categories":[19],"tags":[],"class_list":["post-105245","post","type-post","status-publish","format-standard","has-post-thumbnail","hentry","category-deportes"],"jetpack_featured_media_url":"https:\/\/i0.wp.com\/eltrabajo.cl\/portal\/wp-content\/uploads\/2021\/01\/gonzalo-villegas-copia.jpg?fit=700%2C507&ssl=1","jetpack_sharing_enabled":true,"jetpack_likes_enabled":true,"jetpack-related-posts":[],"_links":{"self":[{"href":"https:\/\/eltrabajo.cl\/portal\/wp-json\/wp\/v2\/posts\/105245","targetHints":{"allow":["GET"]}}],"collection":[{"href":"https:\/\/eltrabajo.cl\/portal\/wp-json\/wp\/v2\/posts"}],"about":[{"href":"https:\/\/eltrabajo.cl\/portal\/wp-json\/wp\/v2\/types\/post"}],"author":[{"embeddable":true,"href":"https:\/\/eltrabajo.cl\/portal\/wp-json\/wp\/v2\/users\/482"}],"replies":[{"embeddable":true,"href":"https:\/\/eltrabajo.cl\/portal\/wp-json\/wp\/v2\/comments?post=105245"}],"version-history":[{"count":0,"href":"https:\/\/eltrabajo.cl\/portal\/wp-json\/wp\/v2\/posts\/105245\/revisions"}],"wp:featuredmedia":[{"embeddable":true,"href":"https:\/\/eltrabajo.cl\/portal\/wp-json\/wp\/v2\/media\/105247"}],"wp:attachment":[{"href":"https:\/\/eltrabajo.cl\/portal\/wp-json\/wp\/v2\/media?parent=105245"}],"wp:term":[{"taxonomy":"category","embeddable":true,"href":"https:\/\/eltrabajo.cl\/portal\/wp-json\/wp\/v2\/categories?post=105245"},{"taxonomy":"post_tag","embeddable":true,"href":"https:\/\/eltrabajo.cl\/portal\/wp-json\/wp\/v2\/tags?post=105245"}],"curies":[{"name":"wp","href":"https:\/\/api.w.org\/{rel}","templated":true}]}}