{"id":105323,"date":"2021-01-11T08:00:14","date_gmt":"2021-01-11T11:00:14","guid":{"rendered":"https:\/\/www.eltrabajo.cl\/portal\/?p=105323"},"modified":"2021-01-10T22:09:54","modified_gmt":"2021-01-11T01:09:54","slug":"padre-feliz-tras-recuperar-tuicion-de-su-pequena-hija-reportada-desaparecida","status":"publish","type":"post","link":"https:\/\/eltrabajo.cl\/portal\/padre-feliz-tras-recuperar-tuicion-de-su-pequena-hija-reportada-desaparecida\/","title":{"rendered":"Padre feliz tras recuperar tuici\u00f3n de su peque\u00f1a hija, reportada \u2018desaparecida\u2019"},"content":{"rendered":"<p style=\"text-align: justify;\">En periodismo es importante hacerle seguimiento a una noticia informada a la comunidad, para saber qu\u00e9 habr\u00e1 pasado con esa noticia donde se informaba sobre un tema determinado, en este caso de la ni\u00f1a desaparecida desde Villa 250 A\u00f1os. Pues bien, en primera instancia se conoci\u00f3 que estaba viva y con su madre en Santiago.<\/p>\n<p style=\"text-align: justify;\">En tanto su padre <strong>Juan Cataldo<\/strong>, reconoc\u00eda que ten\u00eda esa informaci\u00f3n, que el contenido del video eso s\u00ed era falso y que a comienzos de semana no estaba con su hija porque <em>\u00abla madre se andaba arrancando\u00bb.<\/em> Sin embargo, esta historia tuvo un final feliz, porque la ni\u00f1a junto a su madre fue ubicada en Puente Alto por Carabineros y trasladadas hasta el Tribunal de Putaendo, en donde finalmente fue devuelta la menor a su padre, quien tiene la tuici\u00f3n.<\/p>\n<p style=\"text-align: justify;\">Al conversar con nuestro medio, Cataldo dijo sentirse muy feliz: <em>\u00abEl d\u00eda mi\u00e9rcoles el Tribunal de Familia trajo a la ni\u00f1a de vuelta de Santiago, tuvimos audiencia y la ni\u00f1a sigue conmigo gracias a Dios, porque el Tribunal se dio cuenta que todo lo que hizo esta mujer fue tramado, fue una trampa, porque ella fue la que se llev\u00f3 a la ni\u00f1a a Santiago. Esa mujer no tiene argumentos para tener la ni\u00f1a, aparte que tiene la Orden de Alejamiento. En el tribunal le preguntaron qu\u00e9 apoderado se llev\u00f3 a la ni\u00f1a para Santiago. Si esto viene siendo plagio, viene siendo secuestro, la misma jueza le dijo: \u2018\u00bfC\u00f3mo se le ocurre hacer esto?, don Juan movi\u00f3 toda una ciudad buscando su hija y usted despu\u00e9s sube un video, falso, truqueado con la ni\u00f1a manipulada 100%\u2019, le dijeron en el Tribunal, porque hasta una persona que no sea psic\u00f3logo se da cuenta que ese video fue trucado, entonces qued\u00f3 para dentro la mujer, qued\u00f3 mal, despu\u00e9s hubo un altercado afuera de tribunales, que insult\u00f3, me amenaz\u00f3, ah\u00ed en el tribunal se dieron cuenta finalmente c\u00f3mo era la mam\u00e1<\/em>\u00bb, indic\u00f3 el padre de la menor.<\/p>\n<p style=\"text-align: justify;\">&#8211;<strong> \u00bfO sea, le sirvi\u00f3 muy bien a usted en el fondo?<\/strong><\/p>\n<p style=\"text-align: justify;\">&#8211; Claro, porque ella jug\u00f3 con toda una poblaci\u00f3n y con toda una ciudad, toda la ciudad desesperada buscando la ni\u00f1a, m\u00e1s encima despu\u00e9s se burla, sube un video ri\u00e9ndose, jact\u00e1ndose de lo que hizo ella.<\/p>\n<p style=\"text-align: justify;\">&#8211; <strong>\u00bfSe conocieron detalles ah\u00ed en la declaraci\u00f3n de c\u00f3mo parte todo? \u00bfEfectivamente era la persona que hab\u00edan visto en las c\u00e1maras, una mujer rubia? \u00bfQu\u00e9 se supo al final?<\/strong><\/p>\n<p style=\"text-align: justify;\">&#8211; Exactamente.<\/p>\n<p style=\"text-align: justify;\">&#8211; <strong>\u00bfC\u00f3mo fue todo?<\/strong><\/p>\n<p style=\"text-align: justify;\">&#8211; Empez\u00f3 todo porque efectivamente hab\u00edan testigos que estaba la pareja de esta mujer que era rubia, media gorda, un Chevette color plomo, vidrios polarizados; hay videos de mi comunidad donde vivo yo, nosotros tenemos c\u00e1maras de vigilancia, hay videos del auto que anduvo rondando mi casa, esto en Los Manantiales, Las Coimas, ella va donde una amiga a darle el abrazo de A\u00f1o Nuevo el d\u00eda domingo y la amiga le dice \u00bft\u00fa que andas haciendo aqu\u00ed?, \u2018no, vengo a buscar a mi hija en la mala\u2019, entonces ella hizo un seguimiento, fue premeditado, \u00bfpor qu\u00e9 le hace un da\u00f1o psicol\u00f3gico a una ni\u00f1a de 11 a\u00f1os?, si ella siempre ha sido una madre ausente, viene 1 \u00f3 2 veces y se pierde 2 \u00f3 3 a\u00f1os y la que sufre es la ni\u00f1a.<\/p>\n<p style=\"text-align: justify;\">&#8211; <strong>\u00bfQu\u00e9 se supo de ese d\u00eda s\u00e1bado (d\u00eda de la desaparici\u00f3n), ella lleg\u00f3 a Villa 250 A\u00f1os, c\u00f3mo fue eso?<\/strong><\/p>\n<p style=\"text-align: justify;\">&#8211; Ella el d\u00eda s\u00e1bado anduvo rondando al medio d\u00eda la casa, despu\u00e9s me sigui\u00f3 en el auto m\u00edo cuando sal\u00ed de la casa de mi excu\u00f1ada, nos sigui\u00f3 en el auto, as\u00ed ella apareci\u00f3 en la 250, la ni\u00f1a sale, la llaman y la suben arriba del auto.<\/p>\n<p style=\"text-align: justify;\">&#8211;<strong> \u00bfAh\u00ed se la llevan a Santiago en el fondo?<\/strong><\/p>\n<p style=\"text-align: justify;\">&#8211; A Santiago y ella diciendo que la ni\u00f1a, si supuestamente lleg\u00f3 sola a Santiago, un apoderado del colegio donde estudia ella la llev\u00f3 a Santiago, la dej\u00f3 en el terminal esperando a la mam\u00e1 y all\u00e1 la ni\u00f1a \u2018pesca\u2019 un tel\u00e9fono p\u00fablico y llama a la mam\u00e1, mire absurdo lo que dice, con Toque de Queda, en cuarentena la ciudad y ella llega y se lleva la ni\u00f1a para all\u00e1.<\/p>\n<p style=\"text-align: justify;\">&#8211;<strong> \u00bfC\u00f3mo est\u00e1 la relaci\u00f3n con su hija ahora?<\/strong><\/p>\n<p style=\"text-align: justify;\">&#8211; Mire, mi hija lleg\u00f3 y me cost\u00f3 para armarla, gracias a Dios ya volvi\u00f3 a la normalidad, ya me ama, ya me quiere, ya nos abrazamos, vemos tele juntos y todas esas cosas. Si fue toda una influencia de la mam\u00e1, un da\u00f1o psicol\u00f3gico, ahora tengo que buscarle un psic\u00f3logo para saber qu\u00e9 vio, qu\u00e9 vivi\u00f3 all\u00e1, porque hay que reparar eso, lo que vio lo que est\u00e1 causando, porque a una ni\u00f1a no se le envenena el coraz\u00f3n ni la mente, eso no se hace, si nosotros tuvimos problemas de relaci\u00f3n -con la madre- eso es de a dos no es de tres y menos meter a los hijos en los problemas.<\/p>\n<p style=\"text-align: justify;\">&#8211;<strong> \u00bfQu\u00e9 le cuenta ella sobre los momentos que pas\u00f3 all\u00e1 en Santiago con su madre, la noche en que lleg\u00f3, entreg\u00f3 alg\u00fan detalle?<\/strong><\/p>\n<p style=\"text-align: justify;\">&#8211; Ella me dice que trat\u00f3 de ubicarme a m\u00ed, de llamarme, pero le sacaron el chip del tel\u00e9fono entonces no ten\u00eda c\u00f3mo comunicarse.<\/p>\n<p style=\"text-align: justify;\">&#8211; <strong>\u00bfC\u00f3mo surge esa idea del video? \u00bfQu\u00e9 le dijo su hija? \u00bfHubo alguna preparaci\u00f3n?<\/strong><\/p>\n<p style=\"text-align: justify;\">&#8211; De que estaba la pareja de la mujer \u00e9sta (la madre) con una pizarra atr\u00e1s y ella le\u00eda, ella le\u00eda lo que dec\u00eda, \u00bfve que ella siempre sale mirando para arriba?, ella le\u00eda, ten\u00edan todo anotado en una pizarra.<\/p>\n<p style=\"text-align: justify;\">&#8211; <strong>\u00bfEso es lo que le dijo su hija?<\/strong><\/p>\n<p style=\"text-align: justify;\">&#8211; Claro, \u00bfentonces por qu\u00e9?, es un da\u00f1o a una ni\u00f1a de 11 a\u00f1os oiga, una ni\u00f1a preciosa que no le hace mal a nadie. Yo vivo para mis hijas, las cuido, las protejo, para donde me manda el Juzgado ando con mis hijas, entonces \u00bfpor qu\u00e9 hace eso?<\/p>\n<p style=\"text-align: justify;\">&#8211; <strong>\u00bfEn qu\u00e9 Tribunal se la entregaron?<\/strong><\/p>\n<p style=\"text-align: justify;\">&#8211; En Putaendo.<\/p>\n<p style=\"text-align: justify;\">&#8211; <strong>Usted dijo que andaba arrancando, \u00bfd\u00f3nde la encontraron finalmente?<\/strong><\/p>\n<p style=\"text-align: justify;\">&#8211; En Puente Alto, en otro domicilio.<\/p>\n<p style=\"text-align: justify;\">&#8211; <strong>\u00bfDe qui\u00e9n era ese domicilio, de alg\u00fan familiar o amigo?<\/strong><\/p>\n<p style=\"text-align: justify;\">&#8211; Ah\u00ed no s\u00e9, porque no tuve m\u00e1s especificaciones.<\/p>\n<p style=\"text-align: justify;\">&#8211;<strong> \u00bfLa encontr\u00f3 Carabineros o la PDI?<\/strong><\/p>\n<p style=\"text-align: justify;\">&#8211; Carabineros, y de ah\u00ed la mandaron para ac\u00e1.<\/p>\n<p style=\"text-align: justify;\">&#8211; <strong>\u00bfAlguna reflexi\u00f3n final, qu\u00e9 se puede sacar como experiencia de todo esto?<\/strong><\/p>\n<p style=\"text-align: justify;\">&#8211; Ante todo que las cosas se deben hacer bien, todo tiene un proceso y ese proceso no se puede saltar, hay que irse despacito y las cosas salen bien. Demostrar que uno quiere a los hijos y las cosas salen, sale todo a flote, si los hijos son los espejos de los padres, con eso lo digo todo. Y muchas gracias por su apoyo, gracias por darme fuerza, esperanza, a toda la gente que anduvo ayudando, apoy\u00e1ndome en b\u00fasqueda de mi hija.<\/p>\n<p style=\"text-align: justify;\">&#8211; <strong>\u00bfC\u00f3mo est\u00e1 ahora f\u00edsicamente con usted?<\/strong><\/p>\n<p style=\"text-align: justify;\">&#8211; Feliz de estar con ella, de entrar a su dormitorio y verla ah\u00ed feliz, contento de estar ah\u00ed.<\/p>\n<p style=\"text-align: justify;\">&#8211;<strong> Se le nota en el timbre de su voz<\/strong><\/p>\n<p style=\"text-align: justify;\">&#8211; S\u00ed, para estar como estaba la otra vez, feliz ahora, si mis hijas son mi vida, yo doy todo por mis hijas.<\/p>\n<p style=\"text-align: justify;\">Reiterar que la audiencia se realiz\u00f3 el mi\u00e9rcoles pasado en el Tribunal Mixto de Putaendo.<\/p>\n<figure id=\"attachment_105170\" aria-describedby=\"caption-attachment-105170\" style=\"width: 699px\" class=\"wp-caption alignnone\"><img data-recalc-dims=\"1\" loading=\"lazy\" decoding=\"async\" class=\"size-full wp-image-105170\" src=\"https:\/\/i0.wp.com\/www.eltrabajo.cl\/portal\/wp-content\/uploads\/2021\/01\/Busqueda_Fabiola.jpg?resize=640%2C796&#038;ssl=1\" alt=\"La menor F.C.C. en una captura de pantalla del video.\" width=\"640\" height=\"796\" srcset=\"https:\/\/i0.wp.com\/eltrabajo.cl\/portal\/wp-content\/uploads\/2021\/01\/Busqueda_Fabiola.jpg?w=699&amp;ssl=1 699w, https:\/\/i0.wp.com\/eltrabajo.cl\/portal\/wp-content\/uploads\/2021\/01\/Busqueda_Fabiola.jpg?resize=241%2C300&amp;ssl=1 241w, https:\/\/i0.wp.com\/eltrabajo.cl\/portal\/wp-content\/uploads\/2021\/01\/Busqueda_Fabiola.jpg?resize=121%2C150&amp;ssl=1 121w, https:\/\/i0.wp.com\/eltrabajo.cl\/portal\/wp-content\/uploads\/2021\/01\/Busqueda_Fabiola.jpg?resize=696%2C865&amp;ssl=1 696w\" sizes=\"auto, (max-width: 640px) 100vw, 640px\" \/><figcaption id=\"caption-attachment-105170\" class=\"wp-caption-text\">La menor F.C.C. en una captura de pantalla del video.<\/figcaption><\/figure>\n<figure id=\"attachment_105324\" aria-describedby=\"caption-attachment-105324\" style=\"width: 699px\" class=\"wp-caption alignnone\"><img data-recalc-dims=\"1\" loading=\"lazy\" decoding=\"async\" class=\"size-full wp-image-105324\" src=\"https:\/\/i0.wp.com\/www.eltrabajo.cl\/portal\/wp-content\/uploads\/2021\/01\/Juan.jpg?resize=640%2C984&#038;ssl=1\" alt=\"Juan Cataldo, padre de la menor de 11 a\u00f1os que estuvo desaparecida.\" width=\"640\" height=\"984\" srcset=\"https:\/\/i0.wp.com\/eltrabajo.cl\/portal\/wp-content\/uploads\/2021\/01\/Juan.jpg?w=699&amp;ssl=1 699w, https:\/\/i0.wp.com\/eltrabajo.cl\/portal\/wp-content\/uploads\/2021\/01\/Juan.jpg?resize=195%2C300&amp;ssl=1 195w, https:\/\/i0.wp.com\/eltrabajo.cl\/portal\/wp-content\/uploads\/2021\/01\/Juan.jpg?resize=666%2C1024&amp;ssl=1 666w, https:\/\/i0.wp.com\/eltrabajo.cl\/portal\/wp-content\/uploads\/2021\/01\/Juan.jpg?resize=98%2C150&amp;ssl=1 98w, https:\/\/i0.wp.com\/eltrabajo.cl\/portal\/wp-content\/uploads\/2021\/01\/Juan.jpg?resize=696%2C1070&amp;ssl=1 696w\" sizes=\"auto, (max-width: 640px) 100vw, 640px\" \/><figcaption id=\"caption-attachment-105324\" class=\"wp-caption-text\">Juan Cataldo, padre de la menor de 11 a\u00f1os que estuvo desaparecida.<\/figcaption><\/figure>\n","protected":false},"excerpt":{"rendered":"<p>En periodismo es importante hacerle seguimiento a una noticia informada a la comunidad, para saber qu\u00e9 habr\u00e1 pasado con esa noticia donde se informaba sobre un tema determinado, en este caso de&#8230;<\/p>\n","protected":false},"author":482,"featured_media":105192,"comment_status":"closed","ping_status":"open","sticky":false,"template":"","format":"standard","meta":{"advanced_seo_description":"","jetpack_seo_html_title":"","jetpack_seo_noindex":false,"_jetpack_memberships_contains_paid_content":false,"footnotes":""},"categories":[97],"tags":[],"class_list":["post-105323","post","type-post","status-publish","format-standard","has-post-thumbnail","hentry","category-tribunales"],"jetpack_featured_media_url":"https:\/\/i0.wp.com\/eltrabajo.cl\/portal\/wp-content\/uploads\/2021\/01\/juan-cataldo-copia-copia.jpg?fit=699%2C747&ssl=1","jetpack_sharing_enabled":true,"jetpack_likes_enabled":true,"jetpack-related-posts":[],"_links":{"self":[{"href":"https:\/\/eltrabajo.cl\/portal\/wp-json\/wp\/v2\/posts\/105323","targetHints":{"allow":["GET"]}}],"collection":[{"href":"https:\/\/eltrabajo.cl\/portal\/wp-json\/wp\/v2\/posts"}],"about":[{"href":"https:\/\/eltrabajo.cl\/portal\/wp-json\/wp\/v2\/types\/post"}],"author":[{"embeddable":true,"href":"https:\/\/eltrabajo.cl\/portal\/wp-json\/wp\/v2\/users\/482"}],"replies":[{"embeddable":true,"href":"https:\/\/eltrabajo.cl\/portal\/wp-json\/wp\/v2\/comments?post=105323"}],"version-history":[{"count":0,"href":"https:\/\/eltrabajo.cl\/portal\/wp-json\/wp\/v2\/posts\/105323\/revisions"}],"wp:featuredmedia":[{"embeddable":true,"href":"https:\/\/eltrabajo.cl\/portal\/wp-json\/wp\/v2\/media\/105192"}],"wp:attachment":[{"href":"https:\/\/eltrabajo.cl\/portal\/wp-json\/wp\/v2\/media?parent=105323"}],"wp:term":[{"taxonomy":"category","embeddable":true,"href":"https:\/\/eltrabajo.cl\/portal\/wp-json\/wp\/v2\/categories?post=105323"},{"taxonomy":"post_tag","embeddable":true,"href":"https:\/\/eltrabajo.cl\/portal\/wp-json\/wp\/v2\/tags?post=105323"}],"curies":[{"name":"wp","href":"https:\/\/api.w.org\/{rel}","templated":true}]}}