{"id":105333,"date":"2021-01-12T07:35:52","date_gmt":"2021-01-12T10:35:52","guid":{"rendered":"https:\/\/www.eltrabajo.cl\/portal\/?p=105333"},"modified":"2021-01-11T21:45:56","modified_gmt":"2021-01-12T00:45:56","slug":"el-uni-uni-juega-su-primera-final-para-quedarse-con-segundo-lugar-de-la-tabla","status":"publish","type":"post","link":"https:\/\/eltrabajo.cl\/portal\/el-uni-uni-juega-su-primera-final-para-quedarse-con-segundo-lugar-de-la-tabla\/","title":{"rendered":"El Un\u00ed Un\u00ed juega su primera final para quedarse con segundo lugar de la tabla"},"content":{"rendered":"<p style=\"text-align: justify;\">El trascendental partido entre \u00d1ublense y Uni\u00f3n San Felipe ser\u00e1 el que pondr\u00e1 fin a la pen\u00faltima jornada del torneo oficial de la Primera Divisi\u00f3n B del f\u00fatbol chileno.\u00a0 Para los sanfelipe\u00f1os el pleito tendr\u00e1 el car\u00e1cter de una verdadera final, por lo que la tensi\u00f3n y atenci\u00f3n estar\u00e1 puesta en el juego programado para las siete y media dela tarde de ma\u00f1ana mi\u00e9rcoles y que tendr\u00e1 como escenario el estadio Nelson Oyarz\u00fan de Chill\u00e1n.<\/p>\n<p style=\"text-align: justify;\">En esta jornada habr\u00e1 que poner especial atenci\u00f3n en el juego que en Talca sostendr\u00e1n Rangers con Deportes Puerto Montt, esto a ra\u00edz que los maulinos son la principal amenaza de los sanfelipe\u00f1os en la dura y cerrada lucha por quedarse con el segundo lugar de la tabla.<\/p>\n<p style=\"text-align: justify;\">Por su parte San Marcos de Arica, el otro equipo con pasibilidades de quedarse con tan deseada posici\u00f3n, deber\u00e1 tomar palco a ra\u00edz que quedar\u00e1 libre, por lo que su suerte depender\u00e1 de los resultados que obtengan el Un\u00ed Un\u00ed y Rangers.<\/p>\n<p style=\"text-align: justify;\">Los hinchas del equipo aconcag\u00fcino podr\u00e1n ver el partido a trav\u00e9s de las pantallas del canal del F\u00fatbol.<\/p>\n<p style=\"text-align: justify;\"><strong>Programaci\u00f3n fecha 29\u00aa<\/strong><\/p>\n<p style=\"text-align: justify;\"><strong>Martes 12 de octubre<\/strong><\/p>\n<p style=\"text-align: justify;\">10:00 horas: Valdivia \u2013 Santiago Morning<\/p>\n<p style=\"text-align: justify;\">10:00 horas: San Luis \u2013 Temuco<\/p>\n<p style=\"text-align: justify;\">10:00 horas: Cobreloa \u2013 Deportes Copiap\u00f3<\/p>\n<p style=\"text-align: justify;\">18:00 horas: Magallanes \u2013 Santa Cruz<\/p>\n<p style=\"text-align: justify;\">18:30 horas: Melipilla \u2013 Barnechea<\/p>\n<p style=\"text-align: justify;\">21:00 horas: Rangers \u2013 Puerto Montt<\/p>\n<p style=\"text-align: justify;\"><strong>Mi\u00e9rcoles 13 de enero<\/strong><\/p>\n<p style=\"text-align: justify;\">19:15 horas: \u00d1ublense \u2013 Uni\u00f3n San Felipe<\/p>\n<figure id=\"attachment_105334\" aria-describedby=\"caption-attachment-105334\" style=\"width: 699px\" class=\"wp-caption alignnone\"><img data-recalc-dims=\"1\" loading=\"lazy\" decoding=\"async\" class=\"size-full wp-image-105334\" src=\"https:\/\/i0.wp.com\/www.eltrabajo.cl\/portal\/wp-content\/uploads\/2021\/01\/uni-uni-2.jpg?resize=640%2C461&#038;ssl=1\" alt=\"El cuadro sanfelipe\u00f1o debe sumar por obligaci\u00f3n ante el monarca de la Primera B.\" width=\"640\" height=\"461\" srcset=\"https:\/\/i0.wp.com\/eltrabajo.cl\/portal\/wp-content\/uploads\/2021\/01\/uni-uni-2.jpg?w=699&amp;ssl=1 699w, https:\/\/i0.wp.com\/eltrabajo.cl\/portal\/wp-content\/uploads\/2021\/01\/uni-uni-2.jpg?resize=300%2C216&amp;ssl=1 300w, https:\/\/i0.wp.com\/eltrabajo.cl\/portal\/wp-content\/uploads\/2021\/01\/uni-uni-2.jpg?resize=200%2C144&amp;ssl=1 200w, https:\/\/i0.wp.com\/eltrabajo.cl\/portal\/wp-content\/uploads\/2021\/01\/uni-uni-2.jpg?resize=696%2C502&amp;ssl=1 696w, https:\/\/i0.wp.com\/eltrabajo.cl\/portal\/wp-content\/uploads\/2021\/01\/uni-uni-2.jpg?resize=324%2C235&amp;ssl=1 324w\" sizes=\"auto, (max-width: 640px) 100vw, 640px\" \/><figcaption id=\"caption-attachment-105334\" class=\"wp-caption-text\">El cuadro sanfelipe\u00f1o debe sumar por obligaci\u00f3n ante el monarca de la Primera B.<\/figcaption><\/figure>\n","protected":false},"excerpt":{"rendered":"<p>El trascendental partido entre \u00d1ublense y Uni\u00f3n San Felipe ser\u00e1 el que pondr\u00e1 fin a la pen\u00faltima jornada del torneo oficial de la Primera Divisi\u00f3n B del f\u00fatbol chileno.\u00a0 Para los sanfelipe\u00f1os&#8230;<\/p>\n","protected":false},"author":482,"featured_media":105334,"comment_status":"closed","ping_status":"open","sticky":false,"template":"","format":"standard","meta":{"advanced_seo_description":"","jetpack_seo_html_title":"","jetpack_seo_noindex":false,"_jetpack_memberships_contains_paid_content":false,"footnotes":""},"categories":[19],"tags":[],"class_list":["post-105333","post","type-post","status-publish","format-standard","has-post-thumbnail","hentry","category-deportes"],"jetpack_featured_media_url":"https:\/\/i0.wp.com\/eltrabajo.cl\/portal\/wp-content\/uploads\/2021\/01\/uni-uni-2.jpg?fit=699%2C504&ssl=1","jetpack_sharing_enabled":true,"jetpack_likes_enabled":true,"jetpack-related-posts":[],"_links":{"self":[{"href":"https:\/\/eltrabajo.cl\/portal\/wp-json\/wp\/v2\/posts\/105333","targetHints":{"allow":["GET"]}}],"collection":[{"href":"https:\/\/eltrabajo.cl\/portal\/wp-json\/wp\/v2\/posts"}],"about":[{"href":"https:\/\/eltrabajo.cl\/portal\/wp-json\/wp\/v2\/types\/post"}],"author":[{"embeddable":true,"href":"https:\/\/eltrabajo.cl\/portal\/wp-json\/wp\/v2\/users\/482"}],"replies":[{"embeddable":true,"href":"https:\/\/eltrabajo.cl\/portal\/wp-json\/wp\/v2\/comments?post=105333"}],"version-history":[{"count":0,"href":"https:\/\/eltrabajo.cl\/portal\/wp-json\/wp\/v2\/posts\/105333\/revisions"}],"wp:featuredmedia":[{"embeddable":true,"href":"https:\/\/eltrabajo.cl\/portal\/wp-json\/wp\/v2\/media\/105334"}],"wp:attachment":[{"href":"https:\/\/eltrabajo.cl\/portal\/wp-json\/wp\/v2\/media?parent=105333"}],"wp:term":[{"taxonomy":"category","embeddable":true,"href":"https:\/\/eltrabajo.cl\/portal\/wp-json\/wp\/v2\/categories?post=105333"},{"taxonomy":"post_tag","embeddable":true,"href":"https:\/\/eltrabajo.cl\/portal\/wp-json\/wp\/v2\/tags?post=105333"}],"curies":[{"name":"wp","href":"https:\/\/api.w.org\/{rel}","templated":true}]}}