{"id":105336,"date":"2021-01-12T07:40:42","date_gmt":"2021-01-12T10:40:42","guid":{"rendered":"https:\/\/www.eltrabajo.cl\/portal\/?p=105336"},"modified":"2021-01-11T21:47:59","modified_gmt":"2021-01-12T00:47:59","slug":"priscila-pizarro-vivira-un-intenso-aprendizaje-en-argentina","status":"publish","type":"post","link":"https:\/\/eltrabajo.cl\/portal\/priscila-pizarro-vivira-un-intenso-aprendizaje-en-argentina\/","title":{"rendered":"Priscila Pizarro vivir\u00e1 un intenso aprendizaje en Argentina"},"content":{"rendered":"<p style=\"text-align: justify;\">En su calidad de l\u00edder de la recientemente creada Asociaci\u00f3n de Preparadores F\u00edsicos, la joven y destacada profesional sanfelipe\u00f1a, <strong>Priscila Pizarro<\/strong>, se trasladar\u00e1 a fines del mes de febrero hasta la Argentina para asistir a un Campus en Bah\u00eda Blanca, donde adem\u00e1s podr\u00e1 presenciar los entrenamientos del equipo de Bah\u00eda que participa en la competitiva Liga de B\u00e1squetbol trasandina. <em>\u00abEstar\u00e9 durante seis d\u00edas, los que aprovechar\u00e9 al m\u00e1ximo ya que tendr\u00e9 la posibilidad de ver las metodolog\u00edas de trabajo de un equipo profesional y de alto nivel, donde se juega uno de los mejores b\u00e1squetbol del mundo, adem\u00e1s podr\u00e9 conocer las series menores de Liniers\u00bb,<\/em> cont\u00f3 Priscila a <strong>El Trabajo Deportivo<\/strong>.<\/p>\n<p style=\"text-align: justify;\">Dentro de la experiencia que vivir\u00e1 la profesional sanfelipe\u00f1a, destaca tambi\u00e9n la ocasi\u00f3n que tendr\u00e1 para compartir con <strong>Laura Viviana Cors<\/strong>, quien se convertir\u00e1 en la primera mujer que dirigir\u00e1 un equipo de varones en ese pa\u00eds. <em>\u00abLa idea es traer todo lo que aprenda hasta mi zona y el club que integro que es San Felipe Basket, donde tengo a cargo algunas series menores\u00bb,<\/em> relat\u00f3.<\/p>\n<p style=\"text-align: justify;\">En el final Priscila afirm\u00f3: <em>\u00abNo solo me fijar\u00e9 en el trabajo f\u00edsico que es mi \u00e1rea, sino que tambi\u00e9n me enfocar\u00e9 en el aspecto mental del grupo y es por eso que podr\u00e9 interactuar con los psic\u00f3logos de los equipos; ser\u00e1n seis d\u00edas de mucho estudio\u00bb. <\/em><\/p>\n<figure id=\"attachment_105338\" aria-describedby=\"caption-attachment-105338\" style=\"width: 699px\" class=\"wp-caption alignnone\"><img data-recalc-dims=\"1\" loading=\"lazy\" decoding=\"async\" class=\"size-full wp-image-105338\" src=\"https:\/\/i0.wp.com\/www.eltrabajo.cl\/portal\/wp-content\/uploads\/2021\/01\/priscila-pizarro.jpg?resize=640%2C757&#038;ssl=1\" alt=\"D\u00edas muy intensos, donde espera seguir aprendiendo y perfeccion\u00e1ndose, tendr\u00e1 Priscila Pizarro en Argentina.\" width=\"640\" height=\"757\" srcset=\"https:\/\/i0.wp.com\/eltrabajo.cl\/portal\/wp-content\/uploads\/2021\/01\/priscila-pizarro.jpg?w=699&amp;ssl=1 699w, https:\/\/i0.wp.com\/eltrabajo.cl\/portal\/wp-content\/uploads\/2021\/01\/priscila-pizarro.jpg?resize=254%2C300&amp;ssl=1 254w, https:\/\/i0.wp.com\/eltrabajo.cl\/portal\/wp-content\/uploads\/2021\/01\/priscila-pizarro.jpg?resize=127%2C150&amp;ssl=1 127w, https:\/\/i0.wp.com\/eltrabajo.cl\/portal\/wp-content\/uploads\/2021\/01\/priscila-pizarro.jpg?resize=696%2C823&amp;ssl=1 696w\" sizes=\"auto, (max-width: 640px) 100vw, 640px\" \/><figcaption id=\"caption-attachment-105338\" class=\"wp-caption-text\">D\u00edas muy intensos, donde espera seguir aprendiendo y perfeccion\u00e1ndose, tendr\u00e1 Priscila Pizarro en Argentina.<\/figcaption><\/figure>\n","protected":false},"excerpt":{"rendered":"<p>En su calidad de l\u00edder de la recientemente creada Asociaci\u00f3n de Preparadores F\u00edsicos, la joven y destacada profesional sanfelipe\u00f1a, Priscila Pizarro, se trasladar\u00e1 a fines del mes de febrero hasta la Argentina&#8230;<\/p>\n","protected":false},"author":482,"featured_media":105337,"comment_status":"closed","ping_status":"open","sticky":false,"template":"","format":"standard","meta":{"advanced_seo_description":"","jetpack_seo_html_title":"","jetpack_seo_noindex":false,"_jetpack_memberships_contains_paid_content":false,"footnotes":""},"categories":[19],"tags":[],"class_list":["post-105336","post","type-post","status-publish","format-standard","has-post-thumbnail","hentry","category-deportes"],"jetpack_featured_media_url":"https:\/\/i0.wp.com\/eltrabajo.cl\/portal\/wp-content\/uploads\/2021\/01\/priscila-pizarro-copia.jpg?fit=700%2C525&ssl=1","jetpack_sharing_enabled":true,"jetpack_likes_enabled":true,"jetpack-related-posts":[],"_links":{"self":[{"href":"https:\/\/eltrabajo.cl\/portal\/wp-json\/wp\/v2\/posts\/105336","targetHints":{"allow":["GET"]}}],"collection":[{"href":"https:\/\/eltrabajo.cl\/portal\/wp-json\/wp\/v2\/posts"}],"about":[{"href":"https:\/\/eltrabajo.cl\/portal\/wp-json\/wp\/v2\/types\/post"}],"author":[{"embeddable":true,"href":"https:\/\/eltrabajo.cl\/portal\/wp-json\/wp\/v2\/users\/482"}],"replies":[{"embeddable":true,"href":"https:\/\/eltrabajo.cl\/portal\/wp-json\/wp\/v2\/comments?post=105336"}],"version-history":[{"count":0,"href":"https:\/\/eltrabajo.cl\/portal\/wp-json\/wp\/v2\/posts\/105336\/revisions"}],"wp:featuredmedia":[{"embeddable":true,"href":"https:\/\/eltrabajo.cl\/portal\/wp-json\/wp\/v2\/media\/105337"}],"wp:attachment":[{"href":"https:\/\/eltrabajo.cl\/portal\/wp-json\/wp\/v2\/media?parent=105336"}],"wp:term":[{"taxonomy":"category","embeddable":true,"href":"https:\/\/eltrabajo.cl\/portal\/wp-json\/wp\/v2\/categories?post=105336"},{"taxonomy":"post_tag","embeddable":true,"href":"https:\/\/eltrabajo.cl\/portal\/wp-json\/wp\/v2\/tags?post=105336"}],"curies":[{"name":"wp","href":"https:\/\/api.w.org\/{rel}","templated":true}]}}