{"id":105423,"date":"2021-01-15T07:35:06","date_gmt":"2021-01-15T10:35:06","guid":{"rendered":"https:\/\/www.eltrabajo.cl\/portal\/?p=105423"},"modified":"2021-01-14T20:39:18","modified_gmt":"2021-01-14T23:39:18","slug":"partido-comunista-presenta-a-su-candidato-a-la-alcaldia-de-san-felipe","status":"publish","type":"post","link":"https:\/\/eltrabajo.cl\/portal\/partido-comunista-presenta-a-su-candidato-a-la-alcaldia-de-san-felipe\/","title":{"rendered":"Partido Comunista presenta a su candidato a la alcald\u00eda de San Felipe"},"content":{"rendered":"<p style=\"text-align: justify;\">Al inicio de esta semana el Partido Comunista de San Felipe present\u00f3 en la plaza c\u00edvica de la ciudad, a <strong>Boris Aedo<\/strong> como su candidato para la alcald\u00eda de San Felipe. Junto con \u00e9l tambi\u00e9n fueron presentados los candidatos a concejales.<\/p>\n<p style=\"text-align: justify;\">Al conversar con nuestro medio el candidato Boris Aedo dijo que aparte de lanzar su candidatura, era el lanzamiento del programa de gobierno para la comuna de San Felipe.<\/p>\n<p style=\"text-align: justify;\">\u00ab<em>Somos una candidatura joven, somos profesionales, un grupo bastante importante no solamente es la candidatura del PC, sino que de un sector bastante importante de gente independiente que se puede ver ac\u00e1, no todos son militantes, hay gente que se involucra en este proyecto que efectivamente cree en una necesidad de un cambio para la comuna\u00bb,<\/em> dijo Boris Aedo.<\/p>\n<p style=\"text-align: justify;\">Inform\u00f3 que ya inscribi\u00f3 su candidatura: <em>\u00abNosotros ya estamos listos y en ese marco lo que nosotros queremos refrenda un nuevo programa y un nuevo proyecto para la ciudad de San Felipe\u00bb,<\/em> dijo Aedo.<\/p>\n<p style=\"text-align: justify;\">&#8211; <strong>\u00bfCu\u00e1les son las bases o puntos para ese proyecto?<\/strong><\/p>\n<p style=\"text-align: justify;\">&#8211; Mira, nuestro programa tiene cuatro ejes principales o cuatro principios en que se basa nuestro programa; uno de esos es la participaci\u00f3n ciudadana, el segundo la innovaci\u00f3n en t\u00e9rmino de las propuestas, el tema del municipio en terreno tambi\u00e9n para nosotros es muy importante y la transparencia municipal, que es la transparencia en la gesti\u00f3n municipal, eso va a ser fundamental para nosotros.<\/p>\n<p style=\"text-align: justify;\">&#8211; <strong>\u00bfQu\u00e9 significa transparencia municipal?<\/strong><\/p>\n<p style=\"text-align: justify;\">&#8211; Transparencia municipal significa que no tengamos que tener un municipio que constantemente est\u00e9 cuestionado por su proceso de gesti\u00f3n, y en ese sentido lo que nosotros queremos es que la participaci\u00f3n ciudadana cumpla un rol fundamental a la hora de darle transparencia a esta gesti\u00f3n.<\/p>\n<p style=\"text-align: justify;\">&#8211; <strong>\u00bfEs decir transparentar la gente que llega con usted en caso que sea alcalde?<\/strong><\/p>\n<p style=\"text-align: justify;\">&#8211; Por supuesto, nosotros no tenemos ning\u00fan problema en ese sentido, entendemos tambi\u00e9n que cada alcalde llega con su equipo, pero tambi\u00e9n hay procesos administrativos que se deben cumplir, y en ese sentido la administraci\u00f3n p\u00fablica tiene muy claramente resguardado cu\u00e1les son los protocolos de los procedimientos que se deben seguir para la designaci\u00f3n de cargos.<\/p>\n<p style=\"text-align: justify;\">&#8211; <strong>\u00bfPor qu\u00e9 debiera la gente apoyar esta candidatura?<\/strong><\/p>\n<p style=\"text-align: justify;\">&#8211; Principalmente porque nosotros estamos proponiendo un San Felipe que va m\u00e1s all\u00e1 de cuatro a\u00f1os, nosotros estamos proponiendo un San Felipe a 20 a\u00f1os plazo en t\u00e9rminos de construcci\u00f3n de una nueva comuna, y en ese sentido no solamente dice con el mejoramiento de la gesti\u00f3n, sino que darle una calidad de vida hacia las personas en las distintas \u00e1reas que nos desenvolvemos.<\/p>\n<p style=\"text-align: justify;\">Los candidatos a concejales del PC en San Felipe son <strong>Ricardo \u2018Caco\u2019 Covarrubias<\/strong>; <strong>Sabina Castro<\/strong>, dirigente medio ambiental y feminista; <strong>Jael D\u00edaz<\/strong>, comunicador; <strong>Juan Gonz\u00e1lez<\/strong>, dirigente social; <strong>Monserrat Vald\u00e9s<\/strong> y <strong>Efra\u00edn Matta<\/strong> que es un trabajador temporero.<\/p>\n<figure id=\"attachment_105424\" aria-describedby=\"caption-attachment-105424\" style=\"width: 699px\" class=\"wp-caption alignnone\"><img data-recalc-dims=\"1\" loading=\"lazy\" decoding=\"async\" class=\"size-full wp-image-105424\" src=\"https:\/\/i0.wp.com\/www.eltrabajo.cl\/portal\/wp-content\/uploads\/2021\/01\/Boris-Aedo.jpg?resize=640%2C659&#038;ssl=1\" alt=\"Boris Aedo, candidato a la alcald\u00eda de San Felipe.\" width=\"640\" height=\"659\" srcset=\"https:\/\/i0.wp.com\/eltrabajo.cl\/portal\/wp-content\/uploads\/2021\/01\/Boris-Aedo.jpg?w=699&amp;ssl=1 699w, https:\/\/i0.wp.com\/eltrabajo.cl\/portal\/wp-content\/uploads\/2021\/01\/Boris-Aedo.jpg?resize=291%2C300&amp;ssl=1 291w, https:\/\/i0.wp.com\/eltrabajo.cl\/portal\/wp-content\/uploads\/2021\/01\/Boris-Aedo.jpg?resize=146%2C150&amp;ssl=1 146w, https:\/\/i0.wp.com\/eltrabajo.cl\/portal\/wp-content\/uploads\/2021\/01\/Boris-Aedo.jpg?resize=696%2C717&amp;ssl=1 696w\" sizes=\"auto, (max-width: 640px) 100vw, 640px\" \/><figcaption id=\"caption-attachment-105424\" class=\"wp-caption-text\">Boris Aedo, candidato a la alcald\u00eda de San Felipe.<\/figcaption><\/figure>\n","protected":false},"excerpt":{"rendered":"<p>Al inicio de esta semana el Partido Comunista de San Felipe present\u00f3 en la plaza c\u00edvica de la ciudad, a Boris Aedo como su candidato para la alcald\u00eda de San Felipe. Junto&#8230;<\/p>\n","protected":false},"author":482,"featured_media":105424,"comment_status":"closed","ping_status":"open","sticky":false,"template":"","format":"standard","meta":{"advanced_seo_description":"","jetpack_seo_html_title":"","jetpack_seo_noindex":false,"_jetpack_memberships_contains_paid_content":false,"footnotes":""},"categories":[16],"tags":[],"class_list":["post-105423","post","type-post","status-publish","format-standard","has-post-thumbnail","hentry","category-politica"],"jetpack_featured_media_url":"https:\/\/i0.wp.com\/eltrabajo.cl\/portal\/wp-content\/uploads\/2021\/01\/Boris-Aedo.jpg?fit=699%2C720&ssl=1","jetpack_sharing_enabled":true,"jetpack_likes_enabled":true,"jetpack-related-posts":[],"_links":{"self":[{"href":"https:\/\/eltrabajo.cl\/portal\/wp-json\/wp\/v2\/posts\/105423","targetHints":{"allow":["GET"]}}],"collection":[{"href":"https:\/\/eltrabajo.cl\/portal\/wp-json\/wp\/v2\/posts"}],"about":[{"href":"https:\/\/eltrabajo.cl\/portal\/wp-json\/wp\/v2\/types\/post"}],"author":[{"embeddable":true,"href":"https:\/\/eltrabajo.cl\/portal\/wp-json\/wp\/v2\/users\/482"}],"replies":[{"embeddable":true,"href":"https:\/\/eltrabajo.cl\/portal\/wp-json\/wp\/v2\/comments?post=105423"}],"version-history":[{"count":0,"href":"https:\/\/eltrabajo.cl\/portal\/wp-json\/wp\/v2\/posts\/105423\/revisions"}],"wp:featuredmedia":[{"embeddable":true,"href":"https:\/\/eltrabajo.cl\/portal\/wp-json\/wp\/v2\/media\/105424"}],"wp:attachment":[{"href":"https:\/\/eltrabajo.cl\/portal\/wp-json\/wp\/v2\/media?parent=105423"}],"wp:term":[{"taxonomy":"category","embeddable":true,"href":"https:\/\/eltrabajo.cl\/portal\/wp-json\/wp\/v2\/categories?post=105423"},{"taxonomy":"post_tag","embeddable":true,"href":"https:\/\/eltrabajo.cl\/portal\/wp-json\/wp\/v2\/tags?post=105423"}],"curies":[{"name":"wp","href":"https:\/\/api.w.org\/{rel}","templated":true}]}}