{"id":105429,"date":"2021-01-15T07:45:25","date_gmt":"2021-01-15T10:45:25","guid":{"rendered":"https:\/\/www.eltrabajo.cl\/portal\/?p=105429"},"modified":"2021-01-14T20:46:23","modified_gmt":"2021-01-14T23:46:23","slug":"el-uni-uni-enfrenta-a-melipilla-con-la-mision-de-ganar-para-ser-segundos","status":"publish","type":"post","link":"https:\/\/eltrabajo.cl\/portal\/el-uni-uni-enfrenta-a-melipilla-con-la-mision-de-ganar-para-ser-segundos\/","title":{"rendered":"El Un\u00ed Un\u00ed enfrenta a Melipilla con la misi\u00f3n de ganar para ser segundos"},"content":{"rendered":"<p style=\"text-align: justify;\">La trig\u00e9sima y \u00faltima fecha de la etapa regular del torneo oficial de la Primera B, se jugar\u00e1 de manera \u00edntegra a las 10 de la ma\u00f1ana del domingo pr\u00f3ximo. La jornada ser\u00e1 de definiciones debido a que dependiendo de los resultados que arroje se sabr\u00e1 qui\u00e9n ser\u00e1 segundo, y los cuatro clasificados a la liguilla por el ascenso.<\/p>\n<p style=\"text-align: justify;\">Para Uni\u00f3n San Felipe la cita de pasado ma\u00f1ana puede marcar el destino ya que de ganar quedar\u00e1 segundo, lo que le dar\u00e1 la ventaja de esperar al vencedor del mini torneo al que acceder\u00e1n los equipos que terminen en las posiciones: 3\u00ba, 4\u00ba, 5\u00ba y 6\u00ba.<\/p>\n<p style=\"text-align: justify;\"><strong>Programaci\u00f3n fecha 30\u00aa<\/strong><\/p>\n<p style=\"text-align: justify;\">10:00 horas: Barnechea \u2013 Rangers<\/p>\n<p style=\"text-align: justify;\">10:00 horas: Copiap\u00f3 \u2013 San Luis<\/p>\n<p style=\"text-align: justify;\">10:00 horas: San Marcos \u2013 \u00d1ublense<\/p>\n<p style=\"text-align: justify;\">10:00 horas: Puerto Montt \u2013 Magallanes<\/p>\n<p style=\"text-align: justify;\">10:00 horas: Santa Cruz \u2013 Valdivia<\/p>\n<p style=\"text-align: justify;\">10:00 horas: Temuco \u2013 Cobreloa<\/p>\n<p style=\"text-align: justify;\"><strong>10:00 horas: Uni\u00f3n San Felipe \u2013 Melipilla<\/strong><\/p>\n<p style=\"text-align: justify;\">Libre: Santiago Morning<\/p>\n<p style=\"text-align: justify;\">\n<p style=\"text-align: justify;\"><strong><span style=\"color: #ff0000;\">Tabla de Posiciones<\/span> <\/strong><\/p>\n<p style=\"text-align: justify;\"><strong>Lugar\u00a0 \u00a0 \u00a0 \u00a0 \u00a0 \u00a0 \u00a0 \u00a0 \u00a0 Ptos.<\/strong><\/p>\n<p style=\"text-align: justify;\">\u00d1ublense\u00a0 \u00a0 \u00a0 \u00a0 \u00a0 \u00a0 \u00a0 49<\/p>\n<p><strong>San Felipe\u00a0 \u00a0 \u00a0 \u00a0 \u00a0 45 Dif:12<\/strong><\/p>\n<p style=\"text-align: justify;\">Rangers\u00a0 \u00a0 \u00a0 \u00a0 \u00a0 \u00a0 \u00a0 \u00a045 Dif:10<\/p>\n<p style=\"text-align: justify;\">Melipilla\u00a0 \u00a0 \u00a0 \u00a0 \u00a0 \u00a0 \u00a0 \u00a041<\/p>\n<p style=\"text-align: justify;\">Magallanes\u00a0 \u00a0 \u00a0 \u00a0 \u00a0 \u00a040<\/p>\n<p style=\"text-align: justify;\">San Marcos\u00a0 \u00a0 \u00a0 \u00a0 \u00a0 \u00a040<\/p>\n<p style=\"text-align: justify;\">Puerto Montt\u00a0 \u00a0 \u00a0 \u00a0 \u00a039<\/p>\n<p style=\"text-align: justify;\">Temuco\u00a0 \u00a0 \u00a0 \u00a0 \u00a0 \u00a0 \u00a0 \u00a0 38<\/p>\n<p style=\"text-align: justify;\">Cobreloa\u00a0 \u00a0 \u00a0 \u00a0 \u00a0 \u00a0 \u00a0 \u00a036<\/p>\n<p style=\"text-align: justify;\">Copiap\u00f3\u00a0 \u00a0 \u00a0 \u00a0 \u00a0 \u00a0 \u00a0 \u00a0 36<\/p>\n<p style=\"text-align: justify;\">San Luis\u00a0 \u00a0 \u00a0 \u00a0 \u00a0 \u00a0 \u00a0 \u00a033<\/p>\n<p style=\"text-align: justify;\">Santiago Morning\u00a0 31<\/p>\n<p style=\"text-align: justify;\">Valdivia\u00a0 \u00a0 \u00a0 \u00a0 \u00a0 \u00a0 \u00a0 \u00a0 28<\/p>\n<p style=\"text-align: justify;\">Barnechea\u00a0 \u00a0 \u00a0 \u00a0 \u00a0 \u00a0 27<\/p>\n<p style=\"text-align: justify;\">Santa Cruz\u00a0 \u00a0 \u00a0 \u00a0 \u00a0 \u00a019<\/p>\n<figure id=\"attachment_105430\" aria-describedby=\"caption-attachment-105430\" style=\"width: 699px\" class=\"wp-caption alignnone\"><img data-recalc-dims=\"1\" loading=\"lazy\" decoding=\"async\" class=\"size-full wp-image-105430\" src=\"https:\/\/i0.wp.com\/www.eltrabajo.cl\/portal\/wp-content\/uploads\/2021\/01\/uni-uni-fernandez.jpg?resize=640%2C427&#038;ssl=1\" alt=\"Andr\u00e9s Fern\u00e1ndez se ha convertido en una de las figuras de Uni\u00f3n San Felipe y su aporte frente a Melipilla ser\u00e1 fundamental para lograr el objetivo de quedar segundos.\" width=\"640\" height=\"427\" srcset=\"https:\/\/i0.wp.com\/eltrabajo.cl\/portal\/wp-content\/uploads\/2021\/01\/uni-uni-fernandez.jpg?w=699&amp;ssl=1 699w, https:\/\/i0.wp.com\/eltrabajo.cl\/portal\/wp-content\/uploads\/2021\/01\/uni-uni-fernandez.jpg?resize=300%2C200&amp;ssl=1 300w, https:\/\/i0.wp.com\/eltrabajo.cl\/portal\/wp-content\/uploads\/2021\/01\/uni-uni-fernandez.jpg?resize=200%2C133&amp;ssl=1 200w, https:\/\/i0.wp.com\/eltrabajo.cl\/portal\/wp-content\/uploads\/2021\/01\/uni-uni-fernandez.jpg?resize=696%2C464&amp;ssl=1 696w\" sizes=\"auto, (max-width: 640px) 100vw, 640px\" \/><figcaption id=\"caption-attachment-105430\" class=\"wp-caption-text\">Andr\u00e9s Fern\u00e1ndez se ha convertido en una de las figuras de Uni\u00f3n San Felipe y su aporte frente a Melipilla ser\u00e1 fundamental para lograr el objetivo de quedar segundos.<\/figcaption><\/figure>\n","protected":false},"excerpt":{"rendered":"<p>La trig\u00e9sima y \u00faltima fecha de la etapa regular del torneo oficial de la Primera B, se jugar\u00e1 de manera \u00edntegra a las 10 de la ma\u00f1ana del domingo pr\u00f3ximo. La jornada&#8230;<\/p>\n","protected":false},"author":482,"featured_media":105430,"comment_status":"closed","ping_status":"open","sticky":false,"template":"","format":"standard","meta":{"advanced_seo_description":"","jetpack_seo_html_title":"","jetpack_seo_noindex":false,"_jetpack_memberships_contains_paid_content":false,"footnotes":""},"categories":[19],"tags":[],"class_list":["post-105429","post","type-post","status-publish","format-standard","has-post-thumbnail","hentry","category-deportes"],"jetpack_featured_media_url":"https:\/\/i0.wp.com\/eltrabajo.cl\/portal\/wp-content\/uploads\/2021\/01\/uni-uni-fernandez.jpg?fit=699%2C466&ssl=1","jetpack_sharing_enabled":true,"jetpack_likes_enabled":true,"jetpack-related-posts":[],"_links":{"self":[{"href":"https:\/\/eltrabajo.cl\/portal\/wp-json\/wp\/v2\/posts\/105429","targetHints":{"allow":["GET"]}}],"collection":[{"href":"https:\/\/eltrabajo.cl\/portal\/wp-json\/wp\/v2\/posts"}],"about":[{"href":"https:\/\/eltrabajo.cl\/portal\/wp-json\/wp\/v2\/types\/post"}],"author":[{"embeddable":true,"href":"https:\/\/eltrabajo.cl\/portal\/wp-json\/wp\/v2\/users\/482"}],"replies":[{"embeddable":true,"href":"https:\/\/eltrabajo.cl\/portal\/wp-json\/wp\/v2\/comments?post=105429"}],"version-history":[{"count":0,"href":"https:\/\/eltrabajo.cl\/portal\/wp-json\/wp\/v2\/posts\/105429\/revisions"}],"wp:featuredmedia":[{"embeddable":true,"href":"https:\/\/eltrabajo.cl\/portal\/wp-json\/wp\/v2\/media\/105430"}],"wp:attachment":[{"href":"https:\/\/eltrabajo.cl\/portal\/wp-json\/wp\/v2\/media?parent=105429"}],"wp:term":[{"taxonomy":"category","embeddable":true,"href":"https:\/\/eltrabajo.cl\/portal\/wp-json\/wp\/v2\/categories?post=105429"},{"taxonomy":"post_tag","embeddable":true,"href":"https:\/\/eltrabajo.cl\/portal\/wp-json\/wp\/v2\/tags?post=105429"}],"curies":[{"name":"wp","href":"https:\/\/api.w.org\/{rel}","templated":true}]}}