{"id":105563,"date":"2021-01-26T08:00:21","date_gmt":"2021-01-26T11:00:21","guid":{"rendered":"https:\/\/www.eltrabajo.cl\/portal\/?p=105563"},"modified":"2021-01-25T22:53:55","modified_gmt":"2021-01-26T01:53:55","slug":"funcionario-de-farmacia-afectado-por-covid-19-se-escapo-de-la-muerte","status":"publish","type":"post","link":"https:\/\/eltrabajo.cl\/portal\/funcionario-de-farmacia-afectado-por-covid-19-se-escapo-de-la-muerte\/","title":{"rendered":"Funcionario de farmacia afectado por Covid-19 se escap\u00f3 de la muerte"},"content":{"rendered":"<ul style=\"text-align: justify;\">\n<li style=\"text-align: left;\"><strong> Luis Pardo debi\u00f3 permanecer intubado largo tiempo tras ser afectado por un violento cuadro de coronavirus que hizo temer por su vida.<\/strong><\/li>\n<\/ul>\n<p style=\"text-align: justify;\">El conocido funcionario de la farmacia Cruz Verde de calle Prat con Salinas, <strong>Luis Pardo<\/strong>, se recupera satisfactoriamente del cuadro que tuvo de Covid-19, que en su caso reconoce fue muy violento, con v\u00f3mitos e incluso se perfor\u00f3 un pulm\u00f3n porque pas\u00f3 varios d\u00edas intubado, teniendo que pedir incluso dadores de sangre.<\/p>\n<p style=\"text-align: justify;\">Al conversar con nuestro medio aprovecha para agradecer todas las muestras de cari\u00f1o por parte de le gente que inundaron las redes sociales con mensajes de esperanza.<\/p>\n<p style=\"text-align: justify;\">Lo encontramos caminando en el centro de la ciudad donde tambi\u00e9n recib\u00eda muestras de cari\u00f1o por parte de conocidos.<\/p>\n<p style=\"text-align: justify;\">Al comenzar la conversaci\u00f3n nos dice que est\u00e1 mucho mejor, <em>\u201crecuper\u00e1ndome con terapia en el IST, ahora vengo del doctor y me encontraron bastante bien porque fui por una inflamaci\u00f3n al pulm\u00f3n, pero \u00e9l dice que eso va a ir pasando de a poco, as\u00ed es que bastante bien. Agradecer a toda la gente que rez\u00f3, a toda la gente que estuvo preocupada por mi\u201d,<\/em> dijo.<\/p>\n<p style=\"text-align: justify;\">&#8211; <strong>Cu\u00e9ntenos c\u00f3mo le dio el coronavirus.<\/strong><\/p>\n<p style=\"text-align: justify;\">&#8211; S\u00ed, con rompimiento al pulm\u00f3n, as\u00ed es, esa es la gravedad. Me operaron, pr\u00e1cticamente esa era la gravedad, el rompimiento del pulm\u00f3n. O sea, gracias a Dios estamos vivos\u2026 hay que dar gracias a Dios.<\/p>\n<p style=\"text-align: justify;\">&#8211; <strong>\u00bfAlcanz\u00f3 a estar intubado tambi\u00e9n?<\/strong><\/p>\n<p style=\"text-align: justify;\">&#8211; S\u00ed, estuve intubado, claro dos veces intubado y ah\u00ed uno se entrega nom\u00e1s, entregado\u2026 inconsciente pr\u00e1cticamente, as\u00ed es que gracias a Dios estamos al otro lado.<\/p>\n<p style=\"text-align: justify;\">&#8211; <strong>\u00bfFue un contagio como le puede ocurrir a cualquiera persona, se sinti\u00f3 mal?<\/strong><\/p>\n<p style=\"text-align: justify;\">&#8211; No, a m\u00ed me empez\u00f3 fuerte altiro con v\u00f3mitos, n\u00e1useas, as\u00ed es que por eso le pido a toda la gente que se cuide, porque realmente cuando a uno no le da no cree, pero estando en el problema mismo es grave\u2026 es grave.<\/p>\n<p style=\"text-align: justify;\">&#8211; <strong>Com\u00e9ntenos su experiencia al estar intubado, \u00bfes muy complicado, lo ponen de \u2018guata\u2019, hablando en buen chileno?<\/strong><\/p>\n<p style=\"text-align: justify;\">&#8211; Claro, claro, uno cuando ya pasa la gravedad, porque estuve en la UCI, pasa la gravedad, lo intuban a uno, eso para que ellos puedan manejar mejor la situaci\u00f3n, pr\u00e1cticamente uno est\u00e1 durmiendo ah\u00ed intubado, durmiendo boca abajo, m\u00ednimo 10 d\u00edas ah\u00ed nom\u00e1s, son 10 d\u00edas, as\u00ed es que es grave la situaci\u00f3n.<\/p>\n<p style=\"text-align: justify;\">&#8211; <strong>En la parte f\u00edsica, \u00bfc\u00f3mo queda, un poco da\u00f1ada tambi\u00e9n con ese tema del intubamiento en el fondo?<\/strong><\/p>\n<p style=\"text-align: justify;\">&#8211; S\u00ed, yo pr\u00e1cticamente empec\u00e9 de nuevo a caminar con terapia, empec\u00e9 de nuevo a caminar, hay que hacer ejercicios de respiraci\u00f3n porque uno queda realmente da\u00f1ado.<\/p>\n<p style=\"text-align: justify;\">&#8211; <strong>Se dice que las cuerdas vocales quedan da\u00f1adas con una peque\u00f1a disfon\u00eda. \u00bfQu\u00e9 hay de cierto?<\/strong><\/p>\n<p style=\"text-align: justify;\">&#8211; S\u00ed, bien disf\u00f3nico, a m\u00ed me dur\u00f3 poco porque estuve con fonoaudi\u00f3loga en el hospital y gracias a Dios me dur\u00f3 poco la afon\u00eda.<\/p>\n<p style=\"text-align: justify;\">&#8211; <strong>\u00bfEstuvo sin poder hablar?<\/strong><\/p>\n<p style=\"text-align: justify;\">&#8211; Claro, uno queda con ese problema, pero hay personas que les dura mucho m\u00e1s y como yo que me dur\u00f3 poquito.<\/p>\n<p style=\"text-align: justify;\">&#8211; <strong>\u00bfC\u00f3mo es eso de que volvi\u00f3 a caminar?<\/strong><\/p>\n<p style=\"text-align: justify;\">&#8211; Claro, tuve que pr\u00e1cticamente volver a caminar, uno sale despu\u00e9s de tanto tiempo acostado, no se puede el cuerpo y las piernas temblorosas pr\u00e1cticamente no puede pararse.<\/p>\n<p style=\"text-align: justify;\">&#8211; <strong>\u00bfC\u00f3mo lo hace para comer?, porque de repente hay gente que no puede volver a manipular completamente el servicio, por ejemplo, \u00bfen el caso suyo c\u00f3mo es eso?<\/strong><\/p>\n<p style=\"text-align: justify;\">&#8211; Yo desde que sal\u00ed tengo las manos entumecidas, no puedo destapar una botella de bebida, pr\u00e1cticamente no hay fuerza, pero eso se va recuperando de a poco.<\/p>\n<p style=\"text-align: justify;\">&#8211; <strong>\u00bfLe tienen que dar la comida?<\/strong><\/p>\n<p style=\"text-align: justify;\">&#8211; No.<\/p>\n<p style=\"text-align: justify;\">Dice que hay personas que quedan con las manos muy temblorosas: <em>\u201cYo qued\u00e9 con la fuerza en las manos disminuida y como acalambradas\u201d.<\/em><\/p>\n<p style=\"text-align: justify;\">&#8211; <strong>\u00bfQu\u00e9 le decimos a los \u2018porfiados\u2019, como dice el doctor Ugarte?<\/strong><\/p>\n<p style=\"text-align: justify;\">&#8211; Realmente hay que cuidarse, uno como ya pas\u00f3 por esto sabe que el problema es grave, as\u00ed que le pido a toda la gente que se cuide.<\/p>\n<p style=\"text-align: justify;\">&#8211; <strong>Como decimos en Chile, esto no se lo doy ni a mi peor enemigo.<\/strong><\/p>\n<p style=\"text-align: justify;\">&#8211; Claro ni a m\u00ed peor enemigo porque realmente la situaci\u00f3n es delicada.<\/p>\n<p style=\"text-align: justify;\">&#8211; <strong>\u00bfQu\u00e9 opini\u00f3n le merece que se hayan inundados las redes sociales con apoyo y mensajes de esperanza?<\/strong><\/p>\n<p style=\"text-align: justify;\">&#8211; Muy, muy agradecido por todo eso, porque realmente ah\u00ed uno se da cuenta que uno trabajando aqu\u00ed en el comercio, la gente realmente lo conoce, es mucha la amistad, es mucha, y sobre todo yo muy conocido, un mill\u00f3n de amigos gracias a Dios y se nota el cari\u00f1o de la gente.<\/p>\n<p style=\"text-align: justify;\">&#8211; <strong>\u00bfSe sinti\u00f3 sorprendido?<\/strong><\/p>\n<p style=\"text-align: justify;\">&#8211; Muy muy sorprendido (se emociona) y cuando sal\u00ed del hospital (se vuelve a emocionar), hab\u00eda mucha gente d\u00e1ndome la bienvenida, as\u00ed es que muy feliz de toda la gente de San Felipe por todo eso y uno realmente queda muy sensible, sale muy sensible.<\/p>\n<p style=\"text-align: justify;\">Su esposa aprovech\u00f3 para dar gracias a las personas que fueron a donar sangre, que superaron la meta, por lo que no quedaron debiendo sangre (se r\u00eden). En general a todas las personas que de alguna manera lo ayudaron espiritualmente.<\/p>\n<p style=\"text-align: justify;\">Mientras tanto su hija agradeci\u00f3 las muestras de cari\u00f1o por parte de integrantes de su colegio como dice orgullosa el Liceo Bicentenario Cordillera. Porque no sab\u00eda si su \u2018papito\u2019 iba a amanecer vivo.<\/p>\n<p style=\"text-align: justify;\">Los dejamos que siguieran su camino por calle Prat donde tambi\u00e9n hubo gente que se acerc\u00f3 a conversar y saber de su estado de salud.<\/p>\n<figure id=\"attachment_105564\" aria-describedby=\"caption-attachment-105564\" style=\"width: 699px\" class=\"wp-caption alignnone\"><img data-recalc-dims=\"1\" loading=\"lazy\" decoding=\"async\" class=\"size-full wp-image-105564\" src=\"https:\/\/i0.wp.com\/www.eltrabajo.cl\/portal\/wp-content\/uploads\/2021\/01\/Luis.jpg?resize=640%2C481&#038;ssl=1\" alt=\"Luis Pardo junto a su familia caminando por el centro despu\u00e9s de haber asistido a su jornada de terapia.\" width=\"640\" height=\"481\" srcset=\"https:\/\/i0.wp.com\/eltrabajo.cl\/portal\/wp-content\/uploads\/2021\/01\/Luis.jpg?w=699&amp;ssl=1 699w, https:\/\/i0.wp.com\/eltrabajo.cl\/portal\/wp-content\/uploads\/2021\/01\/Luis.jpg?resize=300%2C225&amp;ssl=1 300w, https:\/\/i0.wp.com\/eltrabajo.cl\/portal\/wp-content\/uploads\/2021\/01\/Luis.jpg?resize=200%2C150&amp;ssl=1 200w, https:\/\/i0.wp.com\/eltrabajo.cl\/portal\/wp-content\/uploads\/2021\/01\/Luis.jpg?resize=696%2C523&amp;ssl=1 696w\" sizes=\"auto, (max-width: 640px) 100vw, 640px\" \/><figcaption id=\"caption-attachment-105564\" class=\"wp-caption-text\">Luis Pardo junto a su familia caminando por el centro despu\u00e9s de haber asistido a su jornada de terapia.<\/figcaption><\/figure>\n","protected":false},"excerpt":{"rendered":"<p>Luis Pardo debi\u00f3 permanecer intubado largo tiempo tras ser afectado por un violento cuadro de coronavirus que hizo temer por su vida. El conocido funcionario de la farmacia Cruz Verde de calle&#8230;<\/p>\n","protected":false},"author":482,"featured_media":105564,"comment_status":"closed","ping_status":"open","sticky":false,"template":"","format":"standard","meta":{"advanced_seo_description":"","jetpack_seo_html_title":"","jetpack_seo_noindex":false,"_jetpack_memberships_contains_paid_content":false,"footnotes":""},"categories":[15],"tags":[],"class_list":["post-105563","post","type-post","status-publish","format-standard","has-post-thumbnail","hentry","category-comunidad"],"jetpack_featured_media_url":"https:\/\/i0.wp.com\/eltrabajo.cl\/portal\/wp-content\/uploads\/2021\/01\/Luis.jpg?fit=699%2C525&ssl=1","jetpack_sharing_enabled":true,"jetpack_likes_enabled":true,"jetpack-related-posts":[],"_links":{"self":[{"href":"https:\/\/eltrabajo.cl\/portal\/wp-json\/wp\/v2\/posts\/105563","targetHints":{"allow":["GET"]}}],"collection":[{"href":"https:\/\/eltrabajo.cl\/portal\/wp-json\/wp\/v2\/posts"}],"about":[{"href":"https:\/\/eltrabajo.cl\/portal\/wp-json\/wp\/v2\/types\/post"}],"author":[{"embeddable":true,"href":"https:\/\/eltrabajo.cl\/portal\/wp-json\/wp\/v2\/users\/482"}],"replies":[{"embeddable":true,"href":"https:\/\/eltrabajo.cl\/portal\/wp-json\/wp\/v2\/comments?post=105563"}],"version-history":[{"count":0,"href":"https:\/\/eltrabajo.cl\/portal\/wp-json\/wp\/v2\/posts\/105563\/revisions"}],"wp:featuredmedia":[{"embeddable":true,"href":"https:\/\/eltrabajo.cl\/portal\/wp-json\/wp\/v2\/media\/105564"}],"wp:attachment":[{"href":"https:\/\/eltrabajo.cl\/portal\/wp-json\/wp\/v2\/media?parent=105563"}],"wp:term":[{"taxonomy":"category","embeddable":true,"href":"https:\/\/eltrabajo.cl\/portal\/wp-json\/wp\/v2\/categories?post=105563"},{"taxonomy":"post_tag","embeddable":true,"href":"https:\/\/eltrabajo.cl\/portal\/wp-json\/wp\/v2\/tags?post=105563"}],"curies":[{"name":"wp","href":"https:\/\/api.w.org\/{rel}","templated":true}]}}