{"id":105661,"date":"2021-02-02T07:50:26","date_gmt":"2021-02-02T10:50:26","guid":{"rendered":"https:\/\/www.eltrabajo.cl\/portal\/?p=105661"},"modified":"2021-02-01T21:56:38","modified_gmt":"2021-02-02T00:56:38","slug":"pablo-vergara-asegura-que-el-uni-llega-impecable-a-la-definicion-por-el-ascenso","status":"publish","type":"post","link":"https:\/\/eltrabajo.cl\/portal\/pablo-vergara-asegura-que-el-uni-llega-impecable-a-la-definicion-por-el-ascenso\/","title":{"rendered":"Pablo Vergara asegura que el Un\u00ed llega impecable a la definici\u00f3n por el ascenso"},"content":{"rendered":"<p style=\"text-align: justify;\">El reloj entr\u00f3 en su cuenta regresiva para la primera final por el ascenso en la que Uni\u00f3n San Felipe buscar\u00e1 dar el salto al f\u00fatbol grande de Chile ante el buen equipo de Melipilla.<\/p>\n<p style=\"text-align: justify;\"><strong>Pablo Vergara<\/strong> es un uno de los jugadores m\u00e1s experimentados en el plantel comandado t\u00e9cnicamente por <strong>H\u00e9ctor Roco Lucero<\/strong> y compa\u00f1\u00eda. El volante chileno \u2013 trasandino sabe perfectamente de su responsabilidad y la asume con entusiasmo, tal como lo hizo saber a nuestro medio: <em>\u00abEs claro que los m\u00e1s grandes estamos obligados a poner la cuota de experiencia necesaria; los jugadores m\u00e1s grandes tenemos perfecta claridad que deberemos poner la experiencia necesaria en esta final\u00bb,<\/em> argument\u00f3.<\/p>\n<p style=\"text-align: justify;\">Es evidente que el duelo contra los melipillanos ya est\u00e1 a la vuelta de la esquina, y en el grupo ya sienten que el desaf\u00edo est\u00e1 muy cerca: <em>\u00abTodo es alegr\u00eda y satisfacci\u00f3n por haber logrado el primer objetivo que era quedar segundos, para eso se hizo un esfuerzo grand\u00edsimo que nos dej\u00f3 a minutos de poder consagrarnos; ahora hay que coronar todo lo bueno que hicimos durante la temporada porque se nos viene el partido de nuestras vidas\u00bb,<\/em> se\u00f1al\u00f3.<\/p>\n<p style=\"text-align: justify;\">M\u00e1s adelante el volante por la izquierda dej\u00f3 muy claro que si bien es cierto respetan mucho al rival, existe tranquilidad porque <em>\u00aben el torneo nunca nos vimos superados o pasados a llevar por nadie, creo que todos los partidos, incluso en los que anduvimos mal, no nos pas\u00f3 lo que por ejemplo le sucedi\u00f3 a Rangers, que fue goleado (7-1) por Barnechea. Eso demuestra que tenemos un gran equipo que mezcla de manera justa juventud y experiencia\u00bb,<\/em> agreg\u00f3.<\/p>\n<p style=\"text-align: justify;\">Entre la hinchada y medio local existe mucha ilusi\u00f3n que Uni\u00f3n San Felipe lograr\u00e1 cambiar de categor\u00eda, sensaci\u00f3n que descansa en que los sanfelipe\u00f1os llegar\u00e1n m\u00e1s enteros en la parte f\u00edsica al haber tenido un alto de dos semanas: <em>\u00abEs obvio que es una ventaja que deberemos saber administrar, Melipilla entr\u00f3 en un gran desgaste f\u00edsico y mental para poder ganarse el derecho a enfrentarnos. Nosotros hemos tenido tiempo para planificar y entrenar de manera perfecta para esos encuentros que ser\u00e1n los m\u00e1s importantes de toda la temporada\u00bb,<\/em> concluy\u00f3 el jugador.<\/p>\n<figure id=\"attachment_105662\" aria-describedby=\"caption-attachment-105662\" style=\"width: 698px\" class=\"wp-caption alignnone\"><img data-recalc-dims=\"1\" loading=\"lazy\" decoding=\"async\" class=\"size-full wp-image-105662\" src=\"https:\/\/i0.wp.com\/www.eltrabajo.cl\/portal\/wp-content\/uploads\/2021\/02\/pablo-vergara.jpg?resize=640%2C408&#038;ssl=1\" alt=\"Pablo Vergara es uno de los m\u00e1s experimentados dentro del novel plantel sanfelipe\u00f1o.\" width=\"640\" height=\"408\" srcset=\"https:\/\/i0.wp.com\/eltrabajo.cl\/portal\/wp-content\/uploads\/2021\/02\/pablo-vergara.jpg?w=698&amp;ssl=1 698w, https:\/\/i0.wp.com\/eltrabajo.cl\/portal\/wp-content\/uploads\/2021\/02\/pablo-vergara.jpg?resize=300%2C191&amp;ssl=1 300w, https:\/\/i0.wp.com\/eltrabajo.cl\/portal\/wp-content\/uploads\/2021\/02\/pablo-vergara.jpg?resize=200%2C128&amp;ssl=1 200w, https:\/\/i0.wp.com\/eltrabajo.cl\/portal\/wp-content\/uploads\/2021\/02\/pablo-vergara.jpg?resize=696%2C444&amp;ssl=1 696w\" sizes=\"auto, (max-width: 640px) 100vw, 640px\" \/><figcaption id=\"caption-attachment-105662\" class=\"wp-caption-text\">Pablo Vergara es uno de los m\u00e1s experimentados dentro del novel plantel sanfelipe\u00f1o.<\/figcaption><\/figure>\n","protected":false},"excerpt":{"rendered":"<p>El reloj entr\u00f3 en su cuenta regresiva para la primera final por el ascenso en la que Uni\u00f3n San Felipe buscar\u00e1 dar el salto al f\u00fatbol grande de Chile ante el buen&#8230;<\/p>\n","protected":false},"author":482,"featured_media":105662,"comment_status":"closed","ping_status":"open","sticky":false,"template":"","format":"standard","meta":{"advanced_seo_description":"","jetpack_seo_html_title":"","jetpack_seo_noindex":false,"_jetpack_memberships_contains_paid_content":false,"footnotes":""},"categories":[19],"tags":[],"class_list":["post-105661","post","type-post","status-publish","format-standard","has-post-thumbnail","hentry","category-deportes"],"jetpack_featured_media_url":"https:\/\/i0.wp.com\/eltrabajo.cl\/portal\/wp-content\/uploads\/2021\/02\/pablo-vergara.jpg?fit=698%2C445&ssl=1","jetpack_sharing_enabled":true,"jetpack_likes_enabled":true,"jetpack-related-posts":[],"_links":{"self":[{"href":"https:\/\/eltrabajo.cl\/portal\/wp-json\/wp\/v2\/posts\/105661","targetHints":{"allow":["GET"]}}],"collection":[{"href":"https:\/\/eltrabajo.cl\/portal\/wp-json\/wp\/v2\/posts"}],"about":[{"href":"https:\/\/eltrabajo.cl\/portal\/wp-json\/wp\/v2\/types\/post"}],"author":[{"embeddable":true,"href":"https:\/\/eltrabajo.cl\/portal\/wp-json\/wp\/v2\/users\/482"}],"replies":[{"embeddable":true,"href":"https:\/\/eltrabajo.cl\/portal\/wp-json\/wp\/v2\/comments?post=105661"}],"version-history":[{"count":0,"href":"https:\/\/eltrabajo.cl\/portal\/wp-json\/wp\/v2\/posts\/105661\/revisions"}],"wp:featuredmedia":[{"embeddable":true,"href":"https:\/\/eltrabajo.cl\/portal\/wp-json\/wp\/v2\/media\/105662"}],"wp:attachment":[{"href":"https:\/\/eltrabajo.cl\/portal\/wp-json\/wp\/v2\/media?parent=105661"}],"wp:term":[{"taxonomy":"category","embeddable":true,"href":"https:\/\/eltrabajo.cl\/portal\/wp-json\/wp\/v2\/categories?post=105661"},{"taxonomy":"post_tag","embeddable":true,"href":"https:\/\/eltrabajo.cl\/portal\/wp-json\/wp\/v2\/tags?post=105661"}],"curies":[{"name":"wp","href":"https:\/\/api.w.org\/{rel}","templated":true}]}}