{"id":105685,"date":"2021-02-03T07:35:06","date_gmt":"2021-02-03T10:35:06","guid":{"rendered":"https:\/\/www.eltrabajo.cl\/portal\/?p=105685"},"modified":"2021-02-02T22:20:46","modified_gmt":"2021-02-03T01:20:46","slug":"union-san-felipe-juega-esta-tarde-su-primera-final-por-el-ascenso","status":"publish","type":"post","link":"https:\/\/eltrabajo.cl\/portal\/union-san-felipe-juega-esta-tarde-su-primera-final-por-el-ascenso\/","title":{"rendered":"Uni\u00f3n San Felipe juega esta tarde su primera final por el ascenso"},"content":{"rendered":"<p style=\"text-align: justify;\">A las 20 horas de hoy en el estadio Municipal de La Pintana, el Un\u00ed Un\u00ed jugar\u00e1 ante Deportes Melipilla el primer partido de la llave final para definir al segundo equipo de la B que ascender\u00e1 a la serie mayor del f\u00fatbol chileno.<\/p>\n<p style=\"text-align: justify;\">En la interna albirroja existe mucha confianza y tranquilidad de cara a la llave decisiva porque los n\u00fameros est\u00e1n a su favor. En la fase regular del torneo, el conjunto sanfelipe\u00f1o se impuso a los melipillanos por la m\u00ednima, mientras que recientemente igualaron a 1 en el estadio Municipal. <em>\u00abCon Melipilla tenemos buenas experiencias previas, y sabemos que le podemos hacer da\u00f1o, aunque habr\u00e1 que estar atentos porque son un muy buen equipo. Ser\u00e1 un partido muy bonito en todos los aspectos. La idea es sacar un buen resultado en la ida para poder definir todo en nuestra casa\u00bb,<\/em> declar\u00f3 en la previa el joven zaguero central unionista <strong>Mat\u00edas Silva<\/strong>.<\/p>\n<p style=\"text-align: justify;\">Por su parte el t\u00e9cnico <strong>H\u00e9ctor Roco<\/strong> analiz\u00f3: <em>\u00abTenemos unas ganas enormes por jugar. Hemos tratado durante todo este tiempo que el equipo mantenga su forma. Melipilla tiene sus m\u00e9ritos para estar en la final y lo respetamos. Nosotros estamos confiados porque el equipo est\u00e1 pasando por un gran momento; sabemos perfectamente c\u00f3mo les jugaremos ya que entendemos las fortalezas de ellos\u00bb.<\/em><\/p>\n<p style=\"text-align: justify;\">El juez del encuentro ser\u00e1 el colegiado Jos\u00e9 Cabero, quien ser\u00e1 secundado por los asistentes: Claudio Urrutia y Miguel Rocha. Mat\u00edas Quila ser\u00e1 el cuarto \u00e1rbitro, y en el VAR estar\u00e1n Juan Lara y Leslie V\u00e1squez.<\/p>\n<figure id=\"attachment_105686\" aria-describedby=\"caption-attachment-105686\" style=\"width: 699px\" class=\"wp-caption alignnone\"><img data-recalc-dims=\"1\" loading=\"lazy\" decoding=\"async\" class=\"size-full wp-image-105686\" src=\"https:\/\/i0.wp.com\/www.eltrabajo.cl\/portal\/wp-content\/uploads\/2021\/02\/hector-roco.jpg?resize=640%2C592&#038;ssl=1\" alt=\"De la mano de un hist\u00f3rico como H\u00e9ctor Roco, el cuadro sanfelipe\u00f1o busca volver al f\u00fatbol grande del pa\u00eds.\" width=\"640\" height=\"592\" srcset=\"https:\/\/i0.wp.com\/eltrabajo.cl\/portal\/wp-content\/uploads\/2021\/02\/hector-roco.jpg?w=699&amp;ssl=1 699w, https:\/\/i0.wp.com\/eltrabajo.cl\/portal\/wp-content\/uploads\/2021\/02\/hector-roco.jpg?resize=300%2C278&amp;ssl=1 300w, https:\/\/i0.wp.com\/eltrabajo.cl\/portal\/wp-content\/uploads\/2021\/02\/hector-roco.jpg?resize=162%2C150&amp;ssl=1 162w, https:\/\/i0.wp.com\/eltrabajo.cl\/portal\/wp-content\/uploads\/2021\/02\/hector-roco.jpg?resize=696%2C644&amp;ssl=1 696w\" sizes=\"auto, (max-width: 640px) 100vw, 640px\" \/><figcaption id=\"caption-attachment-105686\" class=\"wp-caption-text\">De la mano de un hist\u00f3rico como H\u00e9ctor Roco, el cuadro sanfelipe\u00f1o busca volver al f\u00fatbol grande del pa\u00eds.<\/figcaption><\/figure>\n<figure id=\"attachment_105687\" aria-describedby=\"caption-attachment-105687\" style=\"width: 698px\" class=\"wp-caption alignnone\"><img data-recalc-dims=\"1\" loading=\"lazy\" decoding=\"async\" class=\"size-full wp-image-105687\" src=\"https:\/\/i0.wp.com\/www.eltrabajo.cl\/portal\/wp-content\/uploads\/2021\/02\/uni-uni.jpg?resize=640%2C283&#038;ssl=1\" alt=\"Esta tarde Uni\u00f3n San Felipe enfrentar\u00e1 a Melipilla en la primera final por el ascenso a la serie A.\" width=\"640\" height=\"283\" srcset=\"https:\/\/i0.wp.com\/eltrabajo.cl\/portal\/wp-content\/uploads\/2021\/02\/uni-uni.jpg?w=698&amp;ssl=1 698w, https:\/\/i0.wp.com\/eltrabajo.cl\/portal\/wp-content\/uploads\/2021\/02\/uni-uni.jpg?resize=300%2C133&amp;ssl=1 300w, https:\/\/i0.wp.com\/eltrabajo.cl\/portal\/wp-content\/uploads\/2021\/02\/uni-uni.jpg?resize=200%2C89&amp;ssl=1 200w, https:\/\/i0.wp.com\/eltrabajo.cl\/portal\/wp-content\/uploads\/2021\/02\/uni-uni.jpg?resize=696%2C308&amp;ssl=1 696w\" sizes=\"auto, (max-width: 640px) 100vw, 640px\" \/><figcaption id=\"caption-attachment-105687\" class=\"wp-caption-text\">Esta tarde Uni\u00f3n San Felipe enfrentar\u00e1 a Melipilla en la primera final por el ascenso a la serie A.<\/figcaption><\/figure>\n","protected":false},"excerpt":{"rendered":"<p>A las 20 horas de hoy en el estadio Municipal de La Pintana, el Un\u00ed Un\u00ed jugar\u00e1 ante Deportes Melipilla el primer partido de la llave final para definir al segundo equipo&#8230;<\/p>\n","protected":false},"author":482,"featured_media":105687,"comment_status":"closed","ping_status":"open","sticky":false,"template":"","format":"standard","meta":{"advanced_seo_description":"","jetpack_seo_html_title":"","jetpack_seo_noindex":false,"_jetpack_memberships_contains_paid_content":false,"footnotes":""},"categories":[19],"tags":[],"class_list":["post-105685","post","type-post","status-publish","format-standard","has-post-thumbnail","hentry","category-deportes"],"jetpack_featured_media_url":"https:\/\/i0.wp.com\/eltrabajo.cl\/portal\/wp-content\/uploads\/2021\/02\/uni-uni.jpg?fit=698%2C309&ssl=1","jetpack_sharing_enabled":true,"jetpack_likes_enabled":true,"jetpack-related-posts":[],"_links":{"self":[{"href":"https:\/\/eltrabajo.cl\/portal\/wp-json\/wp\/v2\/posts\/105685","targetHints":{"allow":["GET"]}}],"collection":[{"href":"https:\/\/eltrabajo.cl\/portal\/wp-json\/wp\/v2\/posts"}],"about":[{"href":"https:\/\/eltrabajo.cl\/portal\/wp-json\/wp\/v2\/types\/post"}],"author":[{"embeddable":true,"href":"https:\/\/eltrabajo.cl\/portal\/wp-json\/wp\/v2\/users\/482"}],"replies":[{"embeddable":true,"href":"https:\/\/eltrabajo.cl\/portal\/wp-json\/wp\/v2\/comments?post=105685"}],"version-history":[{"count":0,"href":"https:\/\/eltrabajo.cl\/portal\/wp-json\/wp\/v2\/posts\/105685\/revisions"}],"wp:featuredmedia":[{"embeddable":true,"href":"https:\/\/eltrabajo.cl\/portal\/wp-json\/wp\/v2\/media\/105687"}],"wp:attachment":[{"href":"https:\/\/eltrabajo.cl\/portal\/wp-json\/wp\/v2\/media?parent=105685"}],"wp:term":[{"taxonomy":"category","embeddable":true,"href":"https:\/\/eltrabajo.cl\/portal\/wp-json\/wp\/v2\/categories?post=105685"},{"taxonomy":"post_tag","embeddable":true,"href":"https:\/\/eltrabajo.cl\/portal\/wp-json\/wp\/v2\/tags?post=105685"}],"curies":[{"name":"wp","href":"https:\/\/api.w.org\/{rel}","templated":true}]}}