{"id":105731,"date":"2021-02-04T07:55:59","date_gmt":"2021-02-04T10:55:59","guid":{"rendered":"https:\/\/www.eltrabajo.cl\/portal\/?p=105731"},"modified":"2021-02-03T21:55:01","modified_gmt":"2021-02-04T00:55:01","slug":"conocido-mechero-apunala-a-guardias-de-seguridad-en-centrica-distribuidora","status":"publish","type":"post","link":"https:\/\/eltrabajo.cl\/portal\/conocido-mechero-apunala-a-guardias-de-seguridad-en-centrica-distribuidora\/","title":{"rendered":"Conocido mechero apu\u00f1ala a guardias de seguridad en c\u00e9ntrica distribuidora"},"content":{"rendered":"<p style=\"text-align: justify;\">Un hombre de 61 a\u00f1os de edad fue detenido por Carabineros de San Felipe luego que fuera entregado por personal de seguridad de la conocida distribuidora \u2018Kiko\u2019 ubicada en calle Prat esquina Navarro, siendo acusado de haber apu\u00f1alado a tres guardias mujeres, tras haber sido sorprendido hurtando mercader\u00edas en el establecimiento comercial.<\/p>\n<p style=\"text-align: justify;\">Desde Carabineros fue el comisario mayor <strong>Cristian Ram\u00edrez<\/strong> quien entreg\u00f3 detalles de este procedimiento policial.<\/p>\n<p style=\"text-align: justify;\">\u00abEsto se gest\u00f3 alrededor de las 13:30 horas, en la distribuidora que usted me se\u00f1alaba, donde lleg\u00f3 una persona de 61 a\u00f1os, el cual fue sorprendido en flagrancia hurtando caldos Maggi espec\u00edficamente, hecho que fue advertido por los guardias en este caso, los cuales tuvieron un forcejeo con \u00e9l. Fue trasladado a una sala de retenci\u00f3n que tienen apostada ah\u00ed en el lugar, y fue en ese instante que esta persona extrajo un arma corto-punzante y procedi\u00f3 a agredir a estas personas. Ellas llamaron a Carabineros, carabineros concurrieron al lugar y fue trasladado a la unidad policial para continuar con el procedimiento de rigor.<\/p>\n<p style=\"text-align: justify;\">&#8211; <strong>\u00bfO sea el autor de la agresi\u00f3n a las guardias fue detenido por Carabineros?<\/strong><\/p>\n<p style=\"text-align: justify;\">&#8211; Fue detenido en primera instancia por personal de seguridad y Carabineros despu\u00e9s se traslad\u00f3 al lugar para ponerlo a disposici\u00f3n del Tribunal competente para seguir con el procedimiento.<\/p>\n<p style=\"text-align: justify;\">&#8211; <strong>\u00bfQu\u00e9 se sabe sobre las lesiones? Y lo otro, \u00bffueron tres guardias, estamos bien en el n\u00famero?<\/strong><\/p>\n<p style=\"text-align: justify;\">&#8211; S\u00ed, de hecho estas personas, conforme al parte policial, mantienen lesiones de car\u00e1cter leve, eso es lo que podemos se\u00f1alar en esta oportunidad.<\/p>\n<p style=\"text-align: justify;\">&#8211; Claro, porque se ha dicho que una de las guardias fue trasladada a Santiago, \u00bfo quiz\u00e1s posteriormente fue derivada all\u00e1?<\/p>\n<p style=\"text-align: justify;\">&#8211; Claro, posteriormente tiene que haber sido.<\/p>\n<p style=\"text-align: justify;\">El Imputado, de 61 a\u00f1os de edad, mantiene antecedentes policiales. De hecho, ten\u00eda dos \u00f3rdenes de detenci\u00f3n vigente, una por robo y otra por hurto por comparecencia.<\/p>\n<p style=\"text-align: justify;\">Importante se\u00f1alar que en Facebook, en la p\u00e1gina <strong>Agrupaci\u00f3n de Guardias y Vigilantes del Valle del Aconcagua,<\/strong> mostraron una foto del imputado, donde se le conoce con el apodo de \u2018El Comando\u2019.<\/p>\n<p style=\"text-align: justify;\">En todo caso el due\u00f1o del local comercial no quiso referirse a la situaci\u00f3n vivida este d\u00eda martes.<\/p>\n<p style=\"text-align: justify;\">En cuanto a la mercader\u00eda hurtada, esta alcanz\u00f3 a las 70 unidades de caldos Maggi.<\/p>\n<figure id=\"attachment_105732\" aria-describedby=\"caption-attachment-105732\" style=\"width: 698px\" class=\"wp-caption alignnone\"><img data-recalc-dims=\"1\" loading=\"lazy\" decoding=\"async\" class=\"size-full wp-image-105732\" src=\"https:\/\/i0.wp.com\/www.eltrabajo.cl\/portal\/wp-content\/uploads\/2021\/02\/Kiko.jpg?resize=640%2C360&#038;ssl=1\" alt=\"Frontis de la distribuidora \u2018Kiko\u2019 ubicada en calle Prat esquina Navarro.\" width=\"640\" height=\"360\" srcset=\"https:\/\/i0.wp.com\/eltrabajo.cl\/portal\/wp-content\/uploads\/2021\/02\/Kiko.jpg?w=698&amp;ssl=1 698w, https:\/\/i0.wp.com\/eltrabajo.cl\/portal\/wp-content\/uploads\/2021\/02\/Kiko.jpg?resize=300%2C169&amp;ssl=1 300w, https:\/\/i0.wp.com\/eltrabajo.cl\/portal\/wp-content\/uploads\/2021\/02\/Kiko.jpg?resize=200%2C113&amp;ssl=1 200w, https:\/\/i0.wp.com\/eltrabajo.cl\/portal\/wp-content\/uploads\/2021\/02\/Kiko.jpg?resize=696%2C392&amp;ssl=1 696w\" sizes=\"auto, (max-width: 640px) 100vw, 640px\" \/><figcaption id=\"caption-attachment-105732\" class=\"wp-caption-text\">Frontis de la distribuidora \u2018Kiko\u2019 ubicada en calle Prat esquina Navarro.<\/figcaption><\/figure>\n<figure id=\"attachment_105733\" aria-describedby=\"caption-attachment-105733\" style=\"width: 699px\" class=\"wp-caption alignnone\"><img data-recalc-dims=\"1\" loading=\"lazy\" decoding=\"async\" class=\"size-full wp-image-105733\" src=\"https:\/\/i0.wp.com\/www.eltrabajo.cl\/portal\/wp-content\/uploads\/2021\/02\/Imputado.jpg?resize=640%2C535&#038;ssl=1\" alt=\"Ac\u00e1 una imagen del imputado subida a la p\u00e1gina Agrupaci\u00f3n de Guardias y Vigilantes del Valle del Aconcagua en Facebook, cuando permanece retenido para posteriormente ser entregado a Carabineros.\" width=\"640\" height=\"535\" srcset=\"https:\/\/i0.wp.com\/eltrabajo.cl\/portal\/wp-content\/uploads\/2021\/02\/Imputado.jpg?w=699&amp;ssl=1 699w, https:\/\/i0.wp.com\/eltrabajo.cl\/portal\/wp-content\/uploads\/2021\/02\/Imputado.jpg?resize=300%2C251&amp;ssl=1 300w, https:\/\/i0.wp.com\/eltrabajo.cl\/portal\/wp-content\/uploads\/2021\/02\/Imputado.jpg?resize=180%2C150&amp;ssl=1 180w, https:\/\/i0.wp.com\/eltrabajo.cl\/portal\/wp-content\/uploads\/2021\/02\/Imputado.jpg?resize=696%2C581&amp;ssl=1 696w\" sizes=\"auto, (max-width: 640px) 100vw, 640px\" \/><figcaption id=\"caption-attachment-105733\" class=\"wp-caption-text\">Ac\u00e1 una imagen del imputado subida a la p\u00e1gina Agrupaci\u00f3n de Guardias y Vigilantes del Valle del Aconcagua en Facebook, cuando permanece retenido para posteriormente ser entregado a Carabineros.<\/figcaption><\/figure>\n","protected":false},"excerpt":{"rendered":"<p>Un hombre de 61 a\u00f1os de edad fue detenido por Carabineros de San Felipe luego que fuera entregado por personal de seguridad de la conocida distribuidora \u2018Kiko\u2019 ubicada en calle Prat esquina&#8230;<\/p>\n","protected":false},"author":482,"featured_media":105733,"comment_status":"closed","ping_status":"open","sticky":false,"template":"","format":"standard","meta":{"advanced_seo_description":"","jetpack_seo_html_title":"","jetpack_seo_noindex":false,"_jetpack_memberships_contains_paid_content":false,"footnotes":""},"categories":[21],"tags":[],"class_list":["post-105731","post","type-post","status-publish","format-standard","has-post-thumbnail","hentry","category-policial"],"jetpack_featured_media_url":"https:\/\/i0.wp.com\/eltrabajo.cl\/portal\/wp-content\/uploads\/2021\/02\/Imputado.jpg?fit=699%2C584&ssl=1","jetpack_sharing_enabled":true,"jetpack_likes_enabled":true,"jetpack-related-posts":[],"_links":{"self":[{"href":"https:\/\/eltrabajo.cl\/portal\/wp-json\/wp\/v2\/posts\/105731","targetHints":{"allow":["GET"]}}],"collection":[{"href":"https:\/\/eltrabajo.cl\/portal\/wp-json\/wp\/v2\/posts"}],"about":[{"href":"https:\/\/eltrabajo.cl\/portal\/wp-json\/wp\/v2\/types\/post"}],"author":[{"embeddable":true,"href":"https:\/\/eltrabajo.cl\/portal\/wp-json\/wp\/v2\/users\/482"}],"replies":[{"embeddable":true,"href":"https:\/\/eltrabajo.cl\/portal\/wp-json\/wp\/v2\/comments?post=105731"}],"version-history":[{"count":0,"href":"https:\/\/eltrabajo.cl\/portal\/wp-json\/wp\/v2\/posts\/105731\/revisions"}],"wp:featuredmedia":[{"embeddable":true,"href":"https:\/\/eltrabajo.cl\/portal\/wp-json\/wp\/v2\/media\/105733"}],"wp:attachment":[{"href":"https:\/\/eltrabajo.cl\/portal\/wp-json\/wp\/v2\/media?parent=105731"}],"wp:term":[{"taxonomy":"category","embeddable":true,"href":"https:\/\/eltrabajo.cl\/portal\/wp-json\/wp\/v2\/categories?post=105731"},{"taxonomy":"post_tag","embeddable":true,"href":"https:\/\/eltrabajo.cl\/portal\/wp-json\/wp\/v2\/tags?post=105731"}],"curies":[{"name":"wp","href":"https:\/\/api.w.org\/{rel}","templated":true}]}}