{"id":105735,"date":"2021-02-04T08:00:26","date_gmt":"2021-02-04T11:00:26","guid":{"rendered":"https:\/\/www.eltrabajo.cl\/portal\/?p=105735"},"modified":"2021-02-03T21:57:54","modified_gmt":"2021-02-04T00:57:54","slug":"pagara-con-su-humilde-pension-a-quien-le-ayude-a-levantarse-y-acostarse","status":"publish","type":"post","link":"https:\/\/eltrabajo.cl\/portal\/pagara-con-su-humilde-pension-a-quien-le-ayude-a-levantarse-y-acostarse\/","title":{"rendered":"Pagar\u00e1 con su humilde pensi\u00f3n a quien le ayude a levantarse y acostarse"},"content":{"rendered":"<p style=\"text-align: left;\"><span style=\"color: #ff0000;\"><strong>Vecino tetrapl\u00e9jico ofrece 100 mil pesos mensuales:<\/strong><\/span><\/p>\n<p style=\"text-align: justify;\">Sin esposa, en silla de ruedas y a cargo de dos hijos menores de edad, este vecino ofrece lo que tiene para salir adelante y velar por sus hijos.<\/p>\n<p style=\"text-align: justify;\">Una singular oferta laboral y a la vez excelente oportunidad para aprender de un luchador, es la que est\u00e1 ofreciendo <strong>Juan Andr\u00e9s Ponce Vergara<\/strong>, quien vive ligado a una silla de ruedas luego de sufrir un grave accidente. Este vecino de <strong>Calle Larga<\/strong> se comunic\u00f3 con <strong>Diario El Trabajo<\/strong> para solicitar apoyo y a la vez ofrecer su oferta laboral a una persona, preferiblemente var\u00f3n.<\/p>\n<p style=\"text-align: justify;\">\u00ab<em>Necesito a una persona con urgencia y experiencia para asistirme para aseo menor, vestirme y levantarme a las 8:30 y acostar por la tarde tipo 20:00 horas. Soy una persona con capacidades disminuidas, s\u00f3lo quiero ir a trabajar y poder generar algo de dinero para poder comprarme una silla el\u00e9ctrica. Estoy tetrapl\u00e9jico desde el 1\u00ba de enero de 2014 por causa de un accidente en el mar, pero con ganas de seguir viviendo. No recib\u00ed el 10%, pero algo se puede hacer. Recibo una pensi\u00f3n de $100.000, ese dinero lo coloco a disposici\u00f3n como sueldo de lunes a viernes, dos veces al d\u00eda, a las10:00 horas, no requiere m\u00e1s de una hora y a las 20:00 horas para que me acueste. Si alguien de buen coraz\u00f3n tambi\u00e9n desea ayudar con un aporte voluntario se los agradecer\u00e9 de todo coraz\u00f3n, me pueden contactar al WhatsApp <strong>+56 9 7184 5910<\/strong><\/em>\u00bb, nos comenta Ponce.<\/p>\n<p style=\"text-align: justify;\">Seg\u00fan nos explic\u00f3 este vecino, \u00e9l trabajaba en construcci\u00f3n y era temporero, \u00ab<em>ahora estando en silla de ruedas salgo a vender casa por casa ali\u00f1os o aromas para los veh\u00edculos, pero ahora en estos momentos no he podido trabajar al no tener la silla el\u00e9ctrica. Tengo dos hijos, uno de 13 a\u00f1os y una nena de 8 a\u00f1os de edad, mis motores de vida, no tengo mujer que me acompa\u00f1e con mis hijos<\/em>\u00bb, indica Juan Andr\u00e9s a <strong>Diario El Trabajo<\/strong>.<\/p>\n<p style=\"text-align: justify;\"><strong>Roberto Gonz\u00e1lez Short<\/strong><\/p>\n<figure id=\"attachment_105737\" aria-describedby=\"caption-attachment-105737\" style=\"width: 699px\" class=\"wp-caption alignnone\"><img data-recalc-dims=\"1\" loading=\"lazy\" decoding=\"async\" class=\"size-full wp-image-105737\" src=\"https:\/\/i0.wp.com\/www.eltrabajo.cl\/portal\/wp-content\/uploads\/2021\/02\/Tetraplejico_Juan-Andres-Ponce.jpg?resize=640%2C826&#038;ssl=1\" alt=\"Aqu\u00ed tenemos a este joven aconcag\u00fcino luchando en su silla de ruedas mec\u00e1nica, a pura fuerza. \u00c9l ofrece su pensi\u00f3n de $100.000 para que alguien le ayude en la ma\u00f1ana y en la tarde a levantarse y acostarse.\" width=\"640\" height=\"826\" srcset=\"https:\/\/i0.wp.com\/eltrabajo.cl\/portal\/wp-content\/uploads\/2021\/02\/Tetraplejico_Juan-Andres-Ponce.jpg?w=699&amp;ssl=1 699w, https:\/\/i0.wp.com\/eltrabajo.cl\/portal\/wp-content\/uploads\/2021\/02\/Tetraplejico_Juan-Andres-Ponce.jpg?resize=232%2C300&amp;ssl=1 232w, https:\/\/i0.wp.com\/eltrabajo.cl\/portal\/wp-content\/uploads\/2021\/02\/Tetraplejico_Juan-Andres-Ponce.jpg?resize=116%2C150&amp;ssl=1 116w, https:\/\/i0.wp.com\/eltrabajo.cl\/portal\/wp-content\/uploads\/2021\/02\/Tetraplejico_Juan-Andres-Ponce.jpg?resize=696%2C898&amp;ssl=1 696w\" sizes=\"auto, (max-width: 640px) 100vw, 640px\" \/><figcaption id=\"caption-attachment-105737\" class=\"wp-caption-text\">Aqu\u00ed tenemos a este joven aconcag\u00fcino luchando en su silla de ruedas mec\u00e1nica, a pura fuerza. \u00c9l ofrece su pensi\u00f3n de $100.000 para que alguien le ayude en la ma\u00f1ana y en la tarde a levantarse y acostarse.<\/figcaption><\/figure>\n","protected":false},"excerpt":{"rendered":"<p>Vecino tetrapl\u00e9jico ofrece 100 mil pesos mensuales: Sin esposa, en silla de ruedas y a cargo de dos hijos menores de edad, este vecino ofrece lo que tiene para salir adelante y&#8230;<\/p>\n","protected":false},"author":482,"featured_media":105736,"comment_status":"closed","ping_status":"open","sticky":false,"template":"","format":"standard","meta":{"advanced_seo_description":"","jetpack_seo_html_title":"","jetpack_seo_noindex":false,"_jetpack_memberships_contains_paid_content":false,"footnotes":""},"categories":[15],"tags":[],"class_list":["post-105735","post","type-post","status-publish","format-standard","has-post-thumbnail","hentry","category-comunidad"],"jetpack_featured_media_url":"https:\/\/i0.wp.com\/eltrabajo.cl\/portal\/wp-content\/uploads\/2021\/02\/Tetraplejico_Juan-Andres-Ponce-copia.jpg?fit=700%2C483&ssl=1","jetpack_sharing_enabled":true,"jetpack_likes_enabled":true,"jetpack-related-posts":[],"_links":{"self":[{"href":"https:\/\/eltrabajo.cl\/portal\/wp-json\/wp\/v2\/posts\/105735","targetHints":{"allow":["GET"]}}],"collection":[{"href":"https:\/\/eltrabajo.cl\/portal\/wp-json\/wp\/v2\/posts"}],"about":[{"href":"https:\/\/eltrabajo.cl\/portal\/wp-json\/wp\/v2\/types\/post"}],"author":[{"embeddable":true,"href":"https:\/\/eltrabajo.cl\/portal\/wp-json\/wp\/v2\/users\/482"}],"replies":[{"embeddable":true,"href":"https:\/\/eltrabajo.cl\/portal\/wp-json\/wp\/v2\/comments?post=105735"}],"version-history":[{"count":0,"href":"https:\/\/eltrabajo.cl\/portal\/wp-json\/wp\/v2\/posts\/105735\/revisions"}],"wp:featuredmedia":[{"embeddable":true,"href":"https:\/\/eltrabajo.cl\/portal\/wp-json\/wp\/v2\/media\/105736"}],"wp:attachment":[{"href":"https:\/\/eltrabajo.cl\/portal\/wp-json\/wp\/v2\/media?parent=105735"}],"wp:term":[{"taxonomy":"category","embeddable":true,"href":"https:\/\/eltrabajo.cl\/portal\/wp-json\/wp\/v2\/categories?post=105735"},{"taxonomy":"post_tag","embeddable":true,"href":"https:\/\/eltrabajo.cl\/portal\/wp-json\/wp\/v2\/tags?post=105735"}],"curies":[{"name":"wp","href":"https:\/\/api.w.org\/{rel}","templated":true}]}}