{"id":105747,"date":"2021-02-05T07:25:20","date_gmt":"2021-02-05T10:25:20","guid":{"rendered":"https:\/\/www.eltrabajo.cl\/portal\/?p=105747"},"modified":"2021-02-04T20:53:25","modified_gmt":"2021-02-04T23:53:25","slug":"democracia-cristiana-apoya-reeleccion-de-alcalde-independiente-patricio-freire","status":"publish","type":"post","link":"https:\/\/eltrabajo.cl\/portal\/democracia-cristiana-apoya-reeleccion-de-alcalde-independiente-patricio-freire\/","title":{"rendered":"Democracia Cristiana apoya reelecci\u00f3n de alcalde independiente Patricio Freire\u00a0"},"content":{"rendered":"<p style=\"text-align: justify;\">La directiva comunal y dirigentes hist\u00f3ricos de la Democracia Cristiana respaldaron la reelecci\u00f3n de <strong>Patricio Freire Canto<\/strong>, como candidato independiente para la alcald\u00eda de San Felipe.<\/p>\n<p style=\"text-align: justify;\">El presidente de la colectividad, <strong>V\u00edctor Leiva<\/strong>, y la mesa directiva manifestaron su p\u00fablico apoyo a la reelecci\u00f3n del jefe comunal sanfelipe\u00f1o luego de analizar las actuales candidaturas.<\/p>\n<p style=\"text-align: justify;\">En ese sentido, junto con destacar los grandes avances en la comuna alcanzados durante la administraci\u00f3n de Freire, tambi\u00e9n valor\u00f3 la hist\u00f3rica inversi\u00f3n que se ha alcanzado durante estos a\u00f1os, traducida en distintos proyectos en todos los sectores de San Felipe.<\/p>\n<p style=\"text-align: justify;\">Este mi\u00e9rcoles los dirigentes falangistas se reunieron con Patricio Freire para entregarle su eje program\u00e1tico.<\/p>\n<p style=\"text-align: justify;\">\u00ab<em>Durante su administraci\u00f3n hubo un cambio sustancial en la comuna de San Felipe. Por ello este es un respaldo a la gesti\u00f3n, pero tambi\u00e9n lo que hacemos, es un acto digno de los partidos democr\u00e1ticos, es traspasar la posta de lo que era nuestra propuesta municipal para que sea parte de este nuevo periodo de Patricio Freire\u00bb,<\/em> se\u00f1al\u00f3 V\u00edctor Leiva, presidente y candidato a concejal de la DC.<\/p>\n<p style=\"text-align: justify;\">En tanto, Patricio Freire agradeci\u00f3 la adhesi\u00f3n a este proyecto pol\u00edtico y social transversal, donde el desarrollo comunal, las oportunidades y el respeto para todas y todos ocupan un rol preponderante.<\/p>\n<p style=\"text-align: justify;\">\u00ab<em>Quiero agradecer a la Democracia Cristiana por el respaldo a nuestra candidatura independiente, que\u00a0 busca el bienestar y mejorar la calidad de vida de todos los vecinos de San Felipe. Creo que la mejor manera de continuar con el progreso y el desarrollo, es trabajando codo a codo con todas y todos\u00bb,<\/em> finaliz\u00f3.<\/p>\n<figure id=\"attachment_105748\" aria-describedby=\"caption-attachment-105748\" style=\"width: 698px\" class=\"wp-caption alignnone\"><img data-recalc-dims=\"1\" loading=\"lazy\" decoding=\"async\" class=\"size-full wp-image-105748\" src=\"https:\/\/i0.wp.com\/www.eltrabajo.cl\/portal\/wp-content\/uploads\/2021\/02\/freire-dc.jpg?resize=640%2C359&#038;ssl=1\" alt=\"La dirigencia comunal de la Democracia Cristiana respald\u00f3 la reelecci\u00f3n como alcalde  de Patricio Freire Canto.\" width=\"640\" height=\"359\" srcset=\"https:\/\/i0.wp.com\/eltrabajo.cl\/portal\/wp-content\/uploads\/2021\/02\/freire-dc.jpg?w=698&amp;ssl=1 698w, https:\/\/i0.wp.com\/eltrabajo.cl\/portal\/wp-content\/uploads\/2021\/02\/freire-dc.jpg?resize=300%2C168&amp;ssl=1 300w, https:\/\/i0.wp.com\/eltrabajo.cl\/portal\/wp-content\/uploads\/2021\/02\/freire-dc.jpg?resize=200%2C112&amp;ssl=1 200w, https:\/\/i0.wp.com\/eltrabajo.cl\/portal\/wp-content\/uploads\/2021\/02\/freire-dc.jpg?resize=696%2C390&amp;ssl=1 696w\" sizes=\"auto, (max-width: 640px) 100vw, 640px\" \/><figcaption id=\"caption-attachment-105748\" class=\"wp-caption-text\">La dirigencia comunal de la Democracia Cristiana respald\u00f3 la reelecci\u00f3n como alcalde de Patricio Freire Canto.<\/figcaption><\/figure>\n","protected":false},"excerpt":{"rendered":"<p>La directiva comunal y dirigentes hist\u00f3ricos de la Democracia Cristiana respaldaron la reelecci\u00f3n de Patricio Freire Canto, como candidato independiente para la alcald\u00eda de San Felipe. El presidente de la colectividad, V\u00edctor&#8230;<\/p>\n","protected":false},"author":482,"featured_media":105748,"comment_status":"closed","ping_status":"open","sticky":false,"template":"","format":"standard","meta":{"advanced_seo_description":"","jetpack_seo_html_title":"","jetpack_seo_noindex":false,"_jetpack_memberships_contains_paid_content":false,"footnotes":""},"categories":[16],"tags":[],"class_list":["post-105747","post","type-post","status-publish","format-standard","has-post-thumbnail","hentry","category-politica"],"jetpack_featured_media_url":"https:\/\/i0.wp.com\/eltrabajo.cl\/portal\/wp-content\/uploads\/2021\/02\/freire-dc.jpg?fit=698%2C391&ssl=1","jetpack_sharing_enabled":true,"jetpack_likes_enabled":true,"jetpack-related-posts":[],"_links":{"self":[{"href":"https:\/\/eltrabajo.cl\/portal\/wp-json\/wp\/v2\/posts\/105747","targetHints":{"allow":["GET"]}}],"collection":[{"href":"https:\/\/eltrabajo.cl\/portal\/wp-json\/wp\/v2\/posts"}],"about":[{"href":"https:\/\/eltrabajo.cl\/portal\/wp-json\/wp\/v2\/types\/post"}],"author":[{"embeddable":true,"href":"https:\/\/eltrabajo.cl\/portal\/wp-json\/wp\/v2\/users\/482"}],"replies":[{"embeddable":true,"href":"https:\/\/eltrabajo.cl\/portal\/wp-json\/wp\/v2\/comments?post=105747"}],"version-history":[{"count":0,"href":"https:\/\/eltrabajo.cl\/portal\/wp-json\/wp\/v2\/posts\/105747\/revisions"}],"wp:featuredmedia":[{"embeddable":true,"href":"https:\/\/eltrabajo.cl\/portal\/wp-json\/wp\/v2\/media\/105748"}],"wp:attachment":[{"href":"https:\/\/eltrabajo.cl\/portal\/wp-json\/wp\/v2\/media?parent=105747"}],"wp:term":[{"taxonomy":"category","embeddable":true,"href":"https:\/\/eltrabajo.cl\/portal\/wp-json\/wp\/v2\/categories?post=105747"},{"taxonomy":"post_tag","embeddable":true,"href":"https:\/\/eltrabajo.cl\/portal\/wp-json\/wp\/v2\/tags?post=105747"}],"curies":[{"name":"wp","href":"https:\/\/api.w.org\/{rel}","templated":true}]}}