{"id":105760,"date":"2021-02-05T07:45:25","date_gmt":"2021-02-05T10:45:25","guid":{"rendered":"https:\/\/www.eltrabajo.cl\/portal\/?p=105760"},"modified":"2021-02-04T21:04:05","modified_gmt":"2021-02-05T00:04:05","slug":"union-san-felipe-buscara-este-domingo-su-esperado-retorno-a-la-primera-a","status":"publish","type":"post","link":"https:\/\/eltrabajo.cl\/portal\/union-san-felipe-buscara-este-domingo-su-esperado-retorno-a-la-primera-a\/","title":{"rendered":"Uni\u00f3n San Felipe buscar\u00e1 este domingo su esperado retorno a la Primera A"},"content":{"rendered":"<p style=\"text-align: left;\"><span style=\"color: #ff0000;\"><strong>A s\u00f3lo 90 minutos de cambiar de categor\u00eda:<\/strong><\/span><\/p>\n<p style=\"text-align: justify;\">Este domingo la joven escuadra de Uni\u00f3n San Felipe buscar\u00e1 en el Estadio Municipal abrochar su retorno a la Primera Divisi\u00f3n A, cuando reciba a Deportes Melipilla en el segundo y decisivo partido de la liguilla del ascenso.<\/p>\n<p style=\"text-align: justify;\">El panorama es sumamente alentador para el conjunto sanfelipe\u00f1o, a ra\u00edz que despu\u00e9s de su triunfo del mi\u00e9rcoles pasado qued\u00f3 con la primera opci\u00f3n de ganar la llave, al servirle dos resultados (ganar o empatar), mientras que los melipillanos no tienen otro camino que vencer por dos goles de diferencia para poder cambiar de categor\u00eda.<\/p>\n<p style=\"text-align: justify;\">Con un plantel completo y en extremo motivado, el t\u00e9cnico <strong>H\u00e9ctor Roco Lucero<\/strong> avis\u00f3 que dispondr\u00e1 de su mejor contingente para intentar regalar a toda la hinchada albirroja, una alegr\u00eda que ya ha esperado casi una d\u00e9cada y que hoy se ve al alcance de la mano.<\/p>\n<p style=\"text-align: justify;\">Roberto Tobar fue designado por la ANFP para conducir las acciones del pleito que arrancar\u00e1 a las 19:15 horas del domingo, mientras que Jos\u00e9 Retamal y Cindy Nahuelcoy ser\u00e1n los asistentes. En el VAR estar\u00e1n Francisco Gilabert y Christian Schiemann.<\/p>\n<figure id=\"attachment_105761\" aria-describedby=\"caption-attachment-105761\" style=\"width: 699px\" class=\"wp-caption alignnone\"><img data-recalc-dims=\"1\" loading=\"lazy\" decoding=\"async\" class=\"size-full wp-image-105761\" src=\"https:\/\/i0.wp.com\/www.eltrabajo.cl\/portal\/wp-content\/uploads\/2021\/02\/Uni-Uni-1.jpg?resize=640%2C427&#038;ssl=1\" alt=\"El equipo sanfelipe\u00f1o est\u00e1 a solo 90 minutos de cambiar de categor\u00eda.\" width=\"640\" height=\"427\" srcset=\"https:\/\/i0.wp.com\/eltrabajo.cl\/portal\/wp-content\/uploads\/2021\/02\/Uni-Uni-1.jpg?w=699&amp;ssl=1 699w, https:\/\/i0.wp.com\/eltrabajo.cl\/portal\/wp-content\/uploads\/2021\/02\/Uni-Uni-1.jpg?resize=300%2C200&amp;ssl=1 300w, https:\/\/i0.wp.com\/eltrabajo.cl\/portal\/wp-content\/uploads\/2021\/02\/Uni-Uni-1.jpg?resize=200%2C133&amp;ssl=1 200w, https:\/\/i0.wp.com\/eltrabajo.cl\/portal\/wp-content\/uploads\/2021\/02\/Uni-Uni-1.jpg?resize=696%2C464&amp;ssl=1 696w\" sizes=\"auto, (max-width: 640px) 100vw, 640px\" \/><figcaption id=\"caption-attachment-105761\" class=\"wp-caption-text\">El equipo sanfelipe\u00f1o est\u00e1 a solo 90 minutos de cambiar de categor\u00eda.<\/figcaption><\/figure>\n","protected":false},"excerpt":{"rendered":"<p>A s\u00f3lo 90 minutos de cambiar de categor\u00eda: Este domingo la joven escuadra de Uni\u00f3n San Felipe buscar\u00e1 en el Estadio Municipal abrochar su retorno a la Primera Divisi\u00f3n A, cuando reciba&#8230;<\/p>\n","protected":false},"author":482,"featured_media":105761,"comment_status":"closed","ping_status":"open","sticky":false,"template":"","format":"standard","meta":{"advanced_seo_description":"","jetpack_seo_html_title":"","jetpack_seo_noindex":false,"_jetpack_memberships_contains_paid_content":false,"footnotes":""},"categories":[19],"tags":[],"class_list":["post-105760","post","type-post","status-publish","format-standard","has-post-thumbnail","hentry","category-deportes"],"jetpack_featured_media_url":"https:\/\/i0.wp.com\/eltrabajo.cl\/portal\/wp-content\/uploads\/2021\/02\/Uni-Uni-1.jpg?fit=699%2C466&ssl=1","jetpack_sharing_enabled":true,"jetpack_likes_enabled":true,"jetpack-related-posts":[],"_links":{"self":[{"href":"https:\/\/eltrabajo.cl\/portal\/wp-json\/wp\/v2\/posts\/105760","targetHints":{"allow":["GET"]}}],"collection":[{"href":"https:\/\/eltrabajo.cl\/portal\/wp-json\/wp\/v2\/posts"}],"about":[{"href":"https:\/\/eltrabajo.cl\/portal\/wp-json\/wp\/v2\/types\/post"}],"author":[{"embeddable":true,"href":"https:\/\/eltrabajo.cl\/portal\/wp-json\/wp\/v2\/users\/482"}],"replies":[{"embeddable":true,"href":"https:\/\/eltrabajo.cl\/portal\/wp-json\/wp\/v2\/comments?post=105760"}],"version-history":[{"count":0,"href":"https:\/\/eltrabajo.cl\/portal\/wp-json\/wp\/v2\/posts\/105760\/revisions"}],"wp:featuredmedia":[{"embeddable":true,"href":"https:\/\/eltrabajo.cl\/portal\/wp-json\/wp\/v2\/media\/105761"}],"wp:attachment":[{"href":"https:\/\/eltrabajo.cl\/portal\/wp-json\/wp\/v2\/media?parent=105760"}],"wp:term":[{"taxonomy":"category","embeddable":true,"href":"https:\/\/eltrabajo.cl\/portal\/wp-json\/wp\/v2\/categories?post=105760"},{"taxonomy":"post_tag","embeddable":true,"href":"https:\/\/eltrabajo.cl\/portal\/wp-json\/wp\/v2\/tags?post=105760"}],"curies":[{"name":"wp","href":"https:\/\/api.w.org\/{rel}","templated":true}]}}