{"id":105790,"date":"2021-02-08T07:35:43","date_gmt":"2021-02-08T10:35:43","guid":{"rendered":"https:\/\/www.eltrabajo.cl\/portal\/?p=105790"},"modified":"2021-02-07T22:50:07","modified_gmt":"2021-02-08T01:50:07","slug":"los-canteranos-fueron-actores-estelares-y-piezas-claves-en-la-gran-campana-del-2020","status":"publish","type":"post","link":"https:\/\/eltrabajo.cl\/portal\/los-canteranos-fueron-actores-estelares-y-piezas-claves-en-la-gran-campana-del-2020\/","title":{"rendered":"Los canteranos fueron actores estelares y piezas claves en la gran campa\u00f1a del 2020"},"content":{"rendered":"<p style=\"text-align: justify;\">Independiente del desenlace que tuvo la escuadra albirroja en la serie final por el ascenso ante Deportes Melipilla, que anoche en el Estadio Municipal viv\u00eda su \u00faltimo y decisivo cap\u00edtulo, no existen dos lecturas respecto a que el buen presente y promisorio futuro del club m\u00e1s importante del Valle de Aconcagua descansa en el buen trabajo que hace a\u00f1os viene realizando en sus series inferiores.<\/p>\n<p style=\"text-align: justify;\">Son pocos los equipos del f\u00fatbol profesional chileno que pueden contar que su plantel estelar est\u00e1 compuesto en casi un 50% de canteranos, y es precisamente Uni\u00f3n San Felipe uno de ellos, porque s\u00f3lo basta citar como ejemplo que en la final frente a los melipillanos, parte de su columna vertebral se compuso de jugadores salidos de sus fuerzas b\u00e1sicas, como es el caso del arquero <strong>Andr\u00e9s Fern\u00e1ndez<\/strong>, o los defensores: <strong>Francisco Salinas<\/strong> y <strong>Matias Silva<\/strong>, a los que se suman los volantes <strong>Enzo Orme\u00f1o<\/strong> y el goleador <strong>Bairo Riveros<\/strong>, quien pese a ser parte de la zona media tiene mucha facilidad para llegar al gol.<\/p>\n<p style=\"text-align: justify;\">Durante la fase regular del torneo Uni\u00f3n San Felipe fue por lejos el equipo que m\u00e1s minutos y posibilidades les dio m\u00e1s chances a sus juveniles, sumando en total m\u00e1s de 5.000 minutos, algo que llam\u00f3 la atenci\u00f3n de todo el medio nacional.<\/p>\n<p style=\"text-align: justify;\">Matias Silva (812), Francisco Salinas (1330) y Enzo Orme\u00f1o (1124), Bairo Riveros (532), <strong>Ignacio Mes\u00edas<\/strong> (95), <strong>Matias Torres<\/strong> el que sum\u00f3 m\u00e1s minutos (1.100) y el volante <strong>Alejandro Azocar<\/strong> (594), fueron parte de un grupo que un momento parec\u00eda de proyecci\u00f3n, pero que hoy se ve completamente consolidado y con ganas de seguir entregando alegr\u00edas a los miles de seguidores del Un\u00ed Un\u00ed.<\/p>\n<figure id=\"attachment_105791\" aria-describedby=\"caption-attachment-105791\" style=\"width: 698px\" class=\"wp-caption alignnone\"><img data-recalc-dims=\"1\" loading=\"lazy\" decoding=\"async\" class=\"size-full wp-image-105791\" src=\"https:\/\/i0.wp.com\/www.eltrabajo.cl\/portal\/wp-content\/uploads\/2021\/02\/canteras.jpg?resize=640%2C440&#038;ssl=1\" alt=\"El canterano Bairo Riveros festeja junto a sus compa\u00f1eros el gol del triunfo en el primer partido ante Melipilla. En la escena tambi\u00e9n aparecen Salinas y Orme\u00f1o. \" width=\"640\" height=\"440\" srcset=\"https:\/\/i0.wp.com\/eltrabajo.cl\/portal\/wp-content\/uploads\/2021\/02\/canteras.jpg?w=698&amp;ssl=1 698w, https:\/\/i0.wp.com\/eltrabajo.cl\/portal\/wp-content\/uploads\/2021\/02\/canteras.jpg?resize=300%2C206&amp;ssl=1 300w, https:\/\/i0.wp.com\/eltrabajo.cl\/portal\/wp-content\/uploads\/2021\/02\/canteras.jpg?resize=200%2C138&amp;ssl=1 200w, https:\/\/i0.wp.com\/eltrabajo.cl\/portal\/wp-content\/uploads\/2021\/02\/canteras.jpg?resize=218%2C150&amp;ssl=1 218w, https:\/\/i0.wp.com\/eltrabajo.cl\/portal\/wp-content\/uploads\/2021\/02\/canteras.jpg?resize=696%2C479&amp;ssl=1 696w\" sizes=\"auto, (max-width: 640px) 100vw, 640px\" \/><figcaption id=\"caption-attachment-105791\" class=\"wp-caption-text\">El canterano Bairo Riveros festeja junto a sus compa\u00f1eros el gol del triunfo en el primer partido ante Melipilla. En la escena tambi\u00e9n aparecen Salinas y Orme\u00f1o.<\/figcaption><\/figure>\n","protected":false},"excerpt":{"rendered":"<p>Independiente del desenlace que tuvo la escuadra albirroja en la serie final por el ascenso ante Deportes Melipilla, que anoche en el Estadio Municipal viv\u00eda su \u00faltimo y decisivo cap\u00edtulo, no existen&#8230;<\/p>\n","protected":false},"author":482,"featured_media":105791,"comment_status":"closed","ping_status":"open","sticky":false,"template":"","format":"standard","meta":{"advanced_seo_description":"","jetpack_seo_html_title":"","jetpack_seo_noindex":false,"_jetpack_memberships_contains_paid_content":false,"footnotes":""},"categories":[19],"tags":[],"class_list":["post-105790","post","type-post","status-publish","format-standard","has-post-thumbnail","hentry","category-deportes"],"jetpack_featured_media_url":"https:\/\/i0.wp.com\/eltrabajo.cl\/portal\/wp-content\/uploads\/2021\/02\/canteras.jpg?fit=698%2C480&ssl=1","jetpack_sharing_enabled":true,"jetpack_likes_enabled":true,"jetpack-related-posts":[],"_links":{"self":[{"href":"https:\/\/eltrabajo.cl\/portal\/wp-json\/wp\/v2\/posts\/105790","targetHints":{"allow":["GET"]}}],"collection":[{"href":"https:\/\/eltrabajo.cl\/portal\/wp-json\/wp\/v2\/posts"}],"about":[{"href":"https:\/\/eltrabajo.cl\/portal\/wp-json\/wp\/v2\/types\/post"}],"author":[{"embeddable":true,"href":"https:\/\/eltrabajo.cl\/portal\/wp-json\/wp\/v2\/users\/482"}],"replies":[{"embeddable":true,"href":"https:\/\/eltrabajo.cl\/portal\/wp-json\/wp\/v2\/comments?post=105790"}],"version-history":[{"count":0,"href":"https:\/\/eltrabajo.cl\/portal\/wp-json\/wp\/v2\/posts\/105790\/revisions"}],"wp:featuredmedia":[{"embeddable":true,"href":"https:\/\/eltrabajo.cl\/portal\/wp-json\/wp\/v2\/media\/105791"}],"wp:attachment":[{"href":"https:\/\/eltrabajo.cl\/portal\/wp-json\/wp\/v2\/media?parent=105790"}],"wp:term":[{"taxonomy":"category","embeddable":true,"href":"https:\/\/eltrabajo.cl\/portal\/wp-json\/wp\/v2\/categories?post=105790"},{"taxonomy":"post_tag","embeddable":true,"href":"https:\/\/eltrabajo.cl\/portal\/wp-json\/wp\/v2\/tags?post=105790"}],"curies":[{"name":"wp","href":"https:\/\/api.w.org\/{rel}","templated":true}]}}