{"id":105793,"date":"2021-02-08T07:40:42","date_gmt":"2021-02-08T10:40:42","guid":{"rendered":"https:\/\/www.eltrabajo.cl\/portal\/?p=105793"},"modified":"2021-02-07T22:58:01","modified_gmt":"2021-02-08T01:58:01","slug":"se-inauguro-la-nueva-carpeta-del-fortin-prat","status":"publish","type":"post","link":"https:\/\/eltrabajo.cl\/portal\/se-inauguro-la-nueva-carpeta-del-fortin-prat\/","title":{"rendered":"Se inaugur\u00f3 la nueva carpeta del Fort\u00edn Prat"},"content":{"rendered":"<p style=\"text-align: justify;\">En la que fue una simple, pero al mismo tiempo muy significativa e igualmente emotiva ceremonia, la tarde-noche del viernes reci\u00e9n pasado se inaugur\u00f3 de manera oficial el flamante nuevo piso del Fort\u00edn Prat.<\/p>\n<p style=\"text-align: justify;\">La ocasi\u00f3n era muy especial y tambi\u00e9n sirvi\u00f3 para que el club del \u2018Marinero\u2019 festejara sus 91 a\u00f1os de vida, por lo que a la cita lleg\u00f3 su directorio que en la actualidad es presidido por <strong>Jaime Montenegro<\/strong>, adem\u00e1s de autoridades locales encabezadas por el alcalde <strong>Christian Beals<\/strong>, con el que la instituci\u00f3n de la calle Santo Domingo ha logrado una gran comunicaci\u00f3n y entendimiento, lo que se ver\u00e1 reflejado en los pr\u00f3ximos d\u00edas en unas obras que por largos a\u00f1os han debido esperar y que pronto comenzar\u00e1n a ejecutarse en el Fort\u00edn Prat.<\/p>\n<p style=\"text-align: justify;\">El m\u00e1ximo directivo del club de la calle Santo Domingo, Jaime Montenegro, dijo en parte de su discurso: \u00ab<em>Esto es la concreci\u00f3n de un anhelo de muchos a\u00f1os y por el cual lucharon muchas personas; hoy nos sentimos plenamente identificados con los sue\u00f1os de toda esa gente, porque esto para nosotros es un avance enorme porque ahora cuando nuestro equipo de b\u00e1squetbol que est\u00e1 en Segunda Divisi\u00f3n podr\u00e1 recibir bien a los visitantes que siempre se quejaban del piso de nuestro querido gimnasio que seguir\u00e1 mejorando, porque en los pr\u00f3ximos d\u00edas se har\u00e1n arreglos en los ba\u00f1os gracias a una alianza del club con el municipio, por lo que a nombre de toda la instituci\u00f3n quiero dar p\u00fablicamente las gracias al actual Alcalde por su disposici\u00f3n a ayudarnos<\/em>\u00bb.<\/p>\n<p style=\"text-align: justify;\">En tanto el Alcalde Beals en sus palabras se\u00f1al\u00f3 que \u00ab<em>este es un gran logro para un club como el Prat, que a sus 91 sigue avanzando. En lo personal tuve la oportunidad de jugar en este recinto por lo que me alegra mucho que ahora pueda contar con un piso acorde a los tiempos y de primera calidad; ahora la tarea para el futuro es seguir mejorando este recinto que es un orgullo y s\u00edmbolo para todos los sanfelipe\u00f1os<\/em>\u00bb.<\/p>\n<p style=\"text-align: justify;\">La ceremonia tambi\u00e9n cont\u00f3 con la participaci\u00f3n de los Core <strong>Rolando Stevenson<\/strong> e <strong>Iv\u00e1n Reyes<\/strong>, m\u00e1s los concejales <strong>Patricia Bofa<\/strong> y <strong>Juan Carlos Sabaj<\/strong>.<\/p>\n<figure id=\"attachment_105794\" aria-describedby=\"caption-attachment-105794\" style=\"width: 699px\" class=\"wp-caption alignnone\"><img data-recalc-dims=\"1\" loading=\"lazy\" decoding=\"async\" class=\"size-full wp-image-105794\" src=\"https:\/\/i0.wp.com\/www.eltrabajo.cl\/portal\/wp-content\/uploads\/2021\/02\/corte-de-cinta.jpg?resize=640%2C418&#038;ssl=1\" alt=\"El presidente del Prat Jaime Montenegro y ela Christian Beals, cortando la cinta en la inauguraci\u00f3n del nuevo piso del Fort\u00edn Prat. La escena la cierran autoridades pol\u00edticas y directivos del club.\" width=\"640\" height=\"418\" srcset=\"https:\/\/i0.wp.com\/eltrabajo.cl\/portal\/wp-content\/uploads\/2021\/02\/corte-de-cinta.jpg?w=699&amp;ssl=1 699w, https:\/\/i0.wp.com\/eltrabajo.cl\/portal\/wp-content\/uploads\/2021\/02\/corte-de-cinta.jpg?resize=300%2C196&amp;ssl=1 300w, https:\/\/i0.wp.com\/eltrabajo.cl\/portal\/wp-content\/uploads\/2021\/02\/corte-de-cinta.jpg?resize=200%2C131&amp;ssl=1 200w, https:\/\/i0.wp.com\/eltrabajo.cl\/portal\/wp-content\/uploads\/2021\/02\/corte-de-cinta.jpg?resize=696%2C455&amp;ssl=1 696w\" sizes=\"auto, (max-width: 640px) 100vw, 640px\" \/><figcaption id=\"caption-attachment-105794\" class=\"wp-caption-text\">El presidente del Prat Jaime Montenegro y ela Christian Beals, cortando la cinta en la inauguraci\u00f3n del nuevo piso del Fort\u00edn Prat. La escena la cierran autoridades pol\u00edticas y directivos del club.<\/figcaption><\/figure>\n","protected":false},"excerpt":{"rendered":"<p>En la que fue una simple, pero al mismo tiempo muy significativa e igualmente emotiva ceremonia, la tarde-noche del viernes reci\u00e9n pasado se inaugur\u00f3 de manera oficial el flamante nuevo piso del&#8230;<\/p>\n","protected":false},"author":482,"featured_media":105794,"comment_status":"closed","ping_status":"open","sticky":false,"template":"","format":"standard","meta":{"advanced_seo_description":"","jetpack_seo_html_title":"","jetpack_seo_noindex":false,"_jetpack_memberships_contains_paid_content":false,"footnotes":""},"categories":[19],"tags":[],"class_list":["post-105793","post","type-post","status-publish","format-standard","has-post-thumbnail","hentry","category-deportes"],"jetpack_featured_media_url":"https:\/\/i0.wp.com\/eltrabajo.cl\/portal\/wp-content\/uploads\/2021\/02\/corte-de-cinta.jpg?fit=699%2C457&ssl=1","jetpack_sharing_enabled":true,"jetpack_likes_enabled":true,"jetpack-related-posts":[],"_links":{"self":[{"href":"https:\/\/eltrabajo.cl\/portal\/wp-json\/wp\/v2\/posts\/105793","targetHints":{"allow":["GET"]}}],"collection":[{"href":"https:\/\/eltrabajo.cl\/portal\/wp-json\/wp\/v2\/posts"}],"about":[{"href":"https:\/\/eltrabajo.cl\/portal\/wp-json\/wp\/v2\/types\/post"}],"author":[{"embeddable":true,"href":"https:\/\/eltrabajo.cl\/portal\/wp-json\/wp\/v2\/users\/482"}],"replies":[{"embeddable":true,"href":"https:\/\/eltrabajo.cl\/portal\/wp-json\/wp\/v2\/comments?post=105793"}],"version-history":[{"count":0,"href":"https:\/\/eltrabajo.cl\/portal\/wp-json\/wp\/v2\/posts\/105793\/revisions"}],"wp:featuredmedia":[{"embeddable":true,"href":"https:\/\/eltrabajo.cl\/portal\/wp-json\/wp\/v2\/media\/105794"}],"wp:attachment":[{"href":"https:\/\/eltrabajo.cl\/portal\/wp-json\/wp\/v2\/media?parent=105793"}],"wp:term":[{"taxonomy":"category","embeddable":true,"href":"https:\/\/eltrabajo.cl\/portal\/wp-json\/wp\/v2\/categories?post=105793"},{"taxonomy":"post_tag","embeddable":true,"href":"https:\/\/eltrabajo.cl\/portal\/wp-json\/wp\/v2\/tags?post=105793"}],"curies":[{"name":"wp","href":"https:\/\/api.w.org\/{rel}","templated":true}]}}