{"id":105818,"date":"2021-02-08T21:22:39","date_gmt":"2021-02-09T00:22:39","guid":{"rendered":"https:\/\/www.eltrabajo.cl\/portal\/?p=105818"},"modified":"2021-02-08T21:22:39","modified_gmt":"2021-02-09T00:22:39","slug":"union-san-felipe-no-pudo-con-melipilla-y-se-apago-el-sueno-de-volver-a-primera","status":"publish","type":"post","link":"https:\/\/eltrabajo.cl\/portal\/union-san-felipe-no-pudo-con-melipilla-y-se-apago-el-sueno-de-volver-a-primera\/","title":{"rendered":"Uni\u00f3n San Felipe no pudo con Melipilla y se apag\u00f3 el sue\u00f1o de volver a Primera"},"content":{"rendered":"<p style=\"text-align: justify;\">Cuando todo hac\u00eda prever un carnaval la noche del domingo, San Felipe, y por qu\u00e9 no decirlo toda la provincia, terminaron por convertirse en un verdadero \u2018valle de los lamentos\u2019, luego que el Un\u00ed Un\u00ed dejara pasar una inmejorable ocasi\u00f3n de ascender a la Primera A tras caer ante un avezado cuadro de Melipilla que lo super\u00f3 por la cuenta m\u00ednima en el tiempo reglamentario, para posteriormente hacer lo mismo en una definici\u00f3n a penales (3 -1).<\/p>\n<p style=\"text-align: justify;\">Durante el primer cuarto de hora qued\u00f3 claro que Deportes Melipilla no se guardar\u00eda nada para ir en busca de su objetivo de nivelar la llave que estaba a favor de los sanfelipe\u00f1os tras el triunfo en la ida. Con un juego intenso donde hab\u00eda mucha marca y v\u00e9rtigo en la salida, los melipillanos dieron con el objetivo de encajonar a los de <strong>H\u00e9ctor Roco Lucero<\/strong>, que se ve\u00edan lentos y muy imprecisos en su accionar.<\/p>\n<p style=\"text-align: justify;\">Cuando el reloj indicaba los 31\u2019, el delantero <strong>Gustavo Guerre\u00f1o<\/strong> anot\u00f3 el gol que aparte de poner en ventaja a los visitantes tambi\u00e9n llevaba todo a fojas cero, con lo que el partido entraba de manera definitiva en un laberinto de emociones en el que m\u00e1s fuerte ser\u00eda el que celebrar\u00eda.<\/p>\n<p style=\"text-align: justify;\">El Un\u00ed Un\u00ed tuvo un primer lapso muy d\u00e9bil y lejos de lo que debe tener una escuadra con pretensiones de cosas mayores, porque al mal juego colectivo se sumaban rendimientos individuales muy por debajo de otras jornadas, lo que facilitaba la tarea del conjunto \u2018Potro\u2019.<\/p>\n<p style=\"text-align: justify;\">En el reinicio de las acciones los sanfelipe\u00f1os alcanzaron a ilusionar con quedarse con el encuentro, pero Melipilla no necesit\u00f3 mucho tiempo para reacomodarse y llevar el pleito a donde ellos quer\u00edan, ya que Uni\u00f3n San Felipe se ve\u00eda sin argumentos para hacer da\u00f1o.<\/p>\n<p style=\"text-align: justify;\">A los 75\u2019 muchos se esperanzaron con cosas mejores tras la expulsi\u00f3n del ariete <strong>Gonzalo Soza<\/strong>, pero todo se qued\u00f3 en eso. Los aconcag\u00fcinos met\u00edan y trataban de ir arriba, pero siempre terminaban chocando con la ordenada zaga rival que siempre tuvo a buen resguardo a su arquero <strong>Nicol\u00e1s Peranic<\/strong>, quien s\u00f3lo debi\u00f3 intervenir en dos oportunidades tras las arremetidas de <strong>Julio Castro<\/strong>.<\/p>\n<p style=\"text-align: justify;\">Fue tan deficiente la producci\u00f3n albirroja que el llegar a la tanda de lanzamientos penales termin\u00f3 por convertirse en un premio, ya que Melipilla perfectamente pudo haber resuelto todo en el tiempo reglamentario de no ser por un penal que Soza err\u00f3 o un bal\u00f3n que se fue alto tras rebotar en Guerre\u00f1o, luego de un mal despeje del arquero <strong>Andr\u00e9s Fern\u00e1ndez<\/strong>.<\/p>\n<p style=\"text-align: justify;\">El triunfo \u2018Potro\u2019 oblig\u00f3 a definir todo desde los doce pasos, instancia en la que el Un\u00ed Un\u00ed termin\u00f3 inclin\u00e1ndose por 1 a 3, postergando para quiz\u00e1s cuando un festejo que ya espera 8 a\u00f1os, y que esta temporada se vio m\u00e1s cerca que nunca.<\/p>\n<p style=\"text-align: justify;\">\n<p style=\"text-align: justify;\"><strong>Ficha T\u00e9cnica<\/strong><\/p>\n<p style=\"text-align: justify;\">Estadio Municipal<\/p>\n<p style=\"text-align: justify;\">\u00c1rbitro: Roberto Tobar<\/p>\n<p style=\"text-align: justify;\">Uni\u00f3n San Felipe (0): Andr\u00e9s Fern\u00e1ndez; Francisco Salinas, Mat\u00edas Silva, Jes\u00fas Pino, Gonzalo Villegas; Enzo Orme\u00f1o (Juan M\u00e9ndez), Tom\u00e1s Lanzini, Lucas Wilchez (Ignacio Mes\u00edas), Bairo Riveros (Pablo Vergara, Julio Castro), Jimmy Cisterna, Daniel Opazo. DT: H\u00e9ctor Roco Lucero<\/p>\n<p style=\"text-align: justify;\">Melipilla (1): Nicol\u00e1s Peranic; Cristopher Barrera, Miguel Sanhueza, Gonzalo Lauler (Maga\u00f1a), Miguel Escalona, Nelson Sep\u00falveda (Cort\u00e9s), Joaqu\u00edn Moya (Valdivia), Gonzalo Mendiburo (Fuenzalida), Brayan Garrido, Gonzalo Soza, Gustavo Guerre\u00f1o. DT: John Armijo<\/p>\n<p style=\"text-align: justify;\">Gol:<\/p>\n<p style=\"text-align: justify;\">0-1, 31\u2019 Gustavo Guerre\u00f1o (MEL)<\/p>\n<p style=\"text-align: justify;\">En penales Melipilla gan\u00f3 3 a 1<\/p>\n<figure id=\"attachment_105819\" aria-describedby=\"caption-attachment-105819\" style=\"width: 699px\" class=\"wp-caption alignnone\"><img data-recalc-dims=\"1\" loading=\"lazy\" decoding=\"async\" class=\"size-full wp-image-105819\" src=\"https:\/\/i0.wp.com\/www.eltrabajo.cl\/portal\/wp-content\/uploads\/2021\/02\/Uni-melipilla.jpg?resize=640%2C427&#038;ssl=1\" alt=\"La l\u00ednea ofensiva del Un\u00ed Un\u00ed nunca pudo superar a la ordenada zaga melipillana. (Foto: Jaime G\u00f3mez Corales)\" width=\"640\" height=\"427\" srcset=\"https:\/\/i0.wp.com\/eltrabajo.cl\/portal\/wp-content\/uploads\/2021\/02\/Uni-melipilla.jpg?w=699&amp;ssl=1 699w, https:\/\/i0.wp.com\/eltrabajo.cl\/portal\/wp-content\/uploads\/2021\/02\/Uni-melipilla.jpg?resize=300%2C200&amp;ssl=1 300w, https:\/\/i0.wp.com\/eltrabajo.cl\/portal\/wp-content\/uploads\/2021\/02\/Uni-melipilla.jpg?resize=200%2C133&amp;ssl=1 200w, https:\/\/i0.wp.com\/eltrabajo.cl\/portal\/wp-content\/uploads\/2021\/02\/Uni-melipilla.jpg?resize=696%2C464&amp;ssl=1 696w\" sizes=\"auto, (max-width: 640px) 100vw, 640px\" \/><figcaption id=\"caption-attachment-105819\" class=\"wp-caption-text\">La l\u00ednea ofensiva del Un\u00ed Un\u00ed nunca pudo superar a la ordenada zaga melipillana. (Foto: Jaime G\u00f3mez Corales)<\/figcaption><\/figure>\n<figure id=\"attachment_105820\" aria-describedby=\"caption-attachment-105820\" style=\"width: 699px\" class=\"wp-caption alignnone\"><img data-recalc-dims=\"1\" loading=\"lazy\" decoding=\"async\" class=\"size-full wp-image-105820\" src=\"https:\/\/i0.wp.com\/www.eltrabajo.cl\/portal\/wp-content\/uploads\/2021\/02\/Uni-Cisterna.jpg?resize=640%2C427&#038;ssl=1\" alt=\"Jimmy Cisterna no brill\u00f3 como en ocasiones anteriores; atr\u00e1s observa preocupado H\u00e9ctor Roco Lucero.\" width=\"640\" height=\"427\" srcset=\"https:\/\/i0.wp.com\/eltrabajo.cl\/portal\/wp-content\/uploads\/2021\/02\/Uni-Cisterna.jpg?w=699&amp;ssl=1 699w, https:\/\/i0.wp.com\/eltrabajo.cl\/portal\/wp-content\/uploads\/2021\/02\/Uni-Cisterna.jpg?resize=300%2C200&amp;ssl=1 300w, https:\/\/i0.wp.com\/eltrabajo.cl\/portal\/wp-content\/uploads\/2021\/02\/Uni-Cisterna.jpg?resize=200%2C133&amp;ssl=1 200w, https:\/\/i0.wp.com\/eltrabajo.cl\/portal\/wp-content\/uploads\/2021\/02\/Uni-Cisterna.jpg?resize=696%2C464&amp;ssl=1 696w\" sizes=\"auto, (max-width: 640px) 100vw, 640px\" \/><figcaption id=\"caption-attachment-105820\" class=\"wp-caption-text\">Jimmy Cisterna no brill\u00f3 como en ocasiones anteriores; atr\u00e1s observa preocupado H\u00e9ctor Roco Lucero.<\/figcaption><\/figure>\n<figure id=\"attachment_105821\" aria-describedby=\"caption-attachment-105821\" style=\"width: 699px\" class=\"wp-caption alignnone\"><img data-recalc-dims=\"1\" loading=\"lazy\" decoding=\"async\" class=\"size-full wp-image-105821\" src=\"https:\/\/i0.wp.com\/www.eltrabajo.cl\/portal\/wp-content\/uploads\/2021\/02\/Uni-penales.jpg?resize=640%2C428&#038;ssl=1\" alt=\"Los jugadores albirrojos observan desde el centro del campo de juego la definici\u00f3n a penales. (Foto: Jorge Ampuero)\" width=\"640\" height=\"428\" srcset=\"https:\/\/i0.wp.com\/eltrabajo.cl\/portal\/wp-content\/uploads\/2021\/02\/Uni-penales.jpg?w=699&amp;ssl=1 699w, https:\/\/i0.wp.com\/eltrabajo.cl\/portal\/wp-content\/uploads\/2021\/02\/Uni-penales.jpg?resize=300%2C200&amp;ssl=1 300w, https:\/\/i0.wp.com\/eltrabajo.cl\/portal\/wp-content\/uploads\/2021\/02\/Uni-penales.jpg?resize=200%2C134&amp;ssl=1 200w, https:\/\/i0.wp.com\/eltrabajo.cl\/portal\/wp-content\/uploads\/2021\/02\/Uni-penales.jpg?resize=696%2C465&amp;ssl=1 696w\" sizes=\"auto, (max-width: 640px) 100vw, 640px\" \/><figcaption id=\"caption-attachment-105821\" class=\"wp-caption-text\">Los jugadores albirrojos observan desde el centro del campo de juego la definici\u00f3n a penales. (Foto: Jorge Ampuero)<\/figcaption><\/figure>\n","protected":false},"excerpt":{"rendered":"<p>Cuando todo hac\u00eda prever un carnaval la noche del domingo, San Felipe, y por qu\u00e9 no decirlo toda la provincia, terminaron por convertirse en un verdadero \u2018valle de los lamentos\u2019, luego que&#8230;<\/p>\n","protected":false},"author":482,"featured_media":105819,"comment_status":"closed","ping_status":"open","sticky":false,"template":"","format":"standard","meta":{"advanced_seo_description":"","jetpack_seo_html_title":"","jetpack_seo_noindex":false,"_jetpack_memberships_contains_paid_content":false,"footnotes":""},"categories":[19],"tags":[],"class_list":["post-105818","post","type-post","status-publish","format-standard","has-post-thumbnail","hentry","category-deportes"],"jetpack_featured_media_url":"https:\/\/i0.wp.com\/eltrabajo.cl\/portal\/wp-content\/uploads\/2021\/02\/Uni-melipilla.jpg?fit=699%2C466&ssl=1","jetpack_sharing_enabled":true,"jetpack_likes_enabled":true,"jetpack-related-posts":[],"_links":{"self":[{"href":"https:\/\/eltrabajo.cl\/portal\/wp-json\/wp\/v2\/posts\/105818","targetHints":{"allow":["GET"]}}],"collection":[{"href":"https:\/\/eltrabajo.cl\/portal\/wp-json\/wp\/v2\/posts"}],"about":[{"href":"https:\/\/eltrabajo.cl\/portal\/wp-json\/wp\/v2\/types\/post"}],"author":[{"embeddable":true,"href":"https:\/\/eltrabajo.cl\/portal\/wp-json\/wp\/v2\/users\/482"}],"replies":[{"embeddable":true,"href":"https:\/\/eltrabajo.cl\/portal\/wp-json\/wp\/v2\/comments?post=105818"}],"version-history":[{"count":0,"href":"https:\/\/eltrabajo.cl\/portal\/wp-json\/wp\/v2\/posts\/105818\/revisions"}],"wp:featuredmedia":[{"embeddable":true,"href":"https:\/\/eltrabajo.cl\/portal\/wp-json\/wp\/v2\/media\/105819"}],"wp:attachment":[{"href":"https:\/\/eltrabajo.cl\/portal\/wp-json\/wp\/v2\/media?parent=105818"}],"wp:term":[{"taxonomy":"category","embeddable":true,"href":"https:\/\/eltrabajo.cl\/portal\/wp-json\/wp\/v2\/categories?post=105818"},{"taxonomy":"post_tag","embeddable":true,"href":"https:\/\/eltrabajo.cl\/portal\/wp-json\/wp\/v2\/tags?post=105818"}],"curies":[{"name":"wp","href":"https:\/\/api.w.org\/{rel}","templated":true}]}}