{"id":105832,"date":"2021-02-09T07:45:07","date_gmt":"2021-02-09T10:45:07","guid":{"rendered":"https:\/\/www.eltrabajo.cl\/portal\/?p=105832"},"modified":"2021-02-08T21:42:00","modified_gmt":"2021-02-09T00:42:00","slug":"vecinos-de-curimon-piden-ayuda-para-limpiar-de-basura-su-querida-plaza","status":"publish","type":"post","link":"https:\/\/eltrabajo.cl\/portal\/vecinos-de-curimon-piden-ayuda-para-limpiar-de-basura-su-querida-plaza\/","title":{"rendered":"Vecinos de Curim\u00f3n piden ayuda para limpiar de basura su querida plaza"},"content":{"rendered":"<p style=\"text-align: left;\"><strong><span style=\"color: #ff0000;\">Se\u00f1alan que hay plagas de ratones, culebras y conejos:<\/span><\/strong><\/p>\n<p style=\"text-align: justify;\">Un reclamo p\u00fablico es el que quiso externar la vecina de Poblaci\u00f3n Santa Rosa de Viterbo, <strong>Patricia Riquelme Castillo<\/strong>, en Curim\u00f3n, relacionado a un problema de basurales en plena plaza de la poblaci\u00f3n. Al parecer los vecinos mismos decidieron talar los viejos eucaliptos para reforestar, pero hasta el d\u00eda de hoy ninguna de las personas contratadas han terminado el trabajo de limpieza.<\/p>\n<p style=\"text-align: justify;\">\u00ab<em>Soy vecina de Curim\u00f3n y estoy reclamando desde hace tiempo por un basural que qued\u00f3 en nuestra plaza despu\u00e9s que cortaron \u00e1rboles de eucalipto, porque est\u00e1n saliendo ratones, culebras y conejos. Estos \u00e1rboles los mandamos a cortar nosotros mismos los vecinos, luego que as\u00ed lo acord\u00e1ramos en una reuni\u00f3n con la junta vecinal. Hab\u00eda que cortarlos porque estaban secos y estaban cayendo ramas, los cortaron en octubre y ah\u00ed est\u00e1 la mugre, y nuestro presidente de la junta vecinal no quiere pagar que saquen la basura, pese a que a \u00e9l le pagaron los eucaliptos, hay dinero en caja chica para solucionar este problema, tememos que alguien prenda fuego a esas ramas y tengamos un incendio<\/em>\u00bb, dijo la vecina.<\/p>\n<p style=\"text-align: justify;\">\n<p style=\"text-align: justify;\"><span style=\"color: #ff0000;\"><strong>MUNICIPIO AYUDAR\u00c1<\/strong><\/span><\/p>\n<p style=\"text-align: justify;\"><strong>Diario El Trabajo<\/strong> habl\u00f3 con el presidente de la junta vecinal, <strong>Fernando Casta\u00f1eda<\/strong>, quien nos explic\u00f3 la situaci\u00f3n: <em>\u00abAqu\u00ed el trabajo se hizo con todos los vecinos en acuerdo, el problema se ha generado cuando hemos contratado a distintas personas para que vengan a llevarse la basura, llegan, cargan lo que les sirve y no regresan por las ramas; finalmente hablamos con el Municipio para que nos echaran una mano, y entiendo que ya est\u00e1n gestionando con una empresa para limpiarnos la poblaci\u00f3n y nuestra plaza<\/em>\u00bb, dijo el dirigente.<\/p>\n<p style=\"text-align: justify;\"><strong>Roberto Gonz\u00e1lez Short<\/strong><\/p>\n<figure id=\"attachment_105835\" aria-describedby=\"caption-attachment-105835\" style=\"width: 699px\" class=\"wp-caption alignnone\"><img data-recalc-dims=\"1\" loading=\"lazy\" decoding=\"async\" class=\"size-full wp-image-105835\" src=\"https:\/\/i0.wp.com\/www.eltrabajo.cl\/portal\/wp-content\/uploads\/2021\/02\/Basurales3.jpg?resize=640%2C360&#038;ssl=1\" alt=\"TREMENDO BASURAL.- Esta fotograf\u00eda fue tomada desde el centro de la plaza, lugar que hace algunos meses era usado para la recreaci\u00f3n de los vecinos.\" width=\"640\" height=\"360\" srcset=\"https:\/\/i0.wp.com\/eltrabajo.cl\/portal\/wp-content\/uploads\/2021\/02\/Basurales3.jpg?w=699&amp;ssl=1 699w, https:\/\/i0.wp.com\/eltrabajo.cl\/portal\/wp-content\/uploads\/2021\/02\/Basurales3.jpg?resize=300%2C169&amp;ssl=1 300w, https:\/\/i0.wp.com\/eltrabajo.cl\/portal\/wp-content\/uploads\/2021\/02\/Basurales3.jpg?resize=200%2C112&amp;ssl=1 200w, https:\/\/i0.wp.com\/eltrabajo.cl\/portal\/wp-content\/uploads\/2021\/02\/Basurales3.jpg?resize=696%2C391&amp;ssl=1 696w\" sizes=\"auto, (max-width: 640px) 100vw, 640px\" \/><figcaption id=\"caption-attachment-105835\" class=\"wp-caption-text\">TREMENDO BASURAL.- Esta fotograf\u00eda fue tomada desde el centro de la plaza, lugar que hace algunos meses era usado para la recreaci\u00f3n de los vecinos.<\/figcaption><\/figure>\n<figure id=\"attachment_105834\" aria-describedby=\"caption-attachment-105834\" style=\"width: 699px\" class=\"wp-caption alignnone\"><img data-recalc-dims=\"1\" loading=\"lazy\" decoding=\"async\" class=\"size-full wp-image-105834\" src=\"https:\/\/i0.wp.com\/www.eltrabajo.cl\/portal\/wp-content\/uploads\/2021\/02\/Basurales2.jpg?resize=640%2C360&#038;ssl=1\" alt=\"LE\u00d1A DISPONIBLE.- Es mucha la madera tambi\u00e9n que nadie ha retirado, aunque les ofrezcan pagar.\" width=\"640\" height=\"360\" srcset=\"https:\/\/i0.wp.com\/eltrabajo.cl\/portal\/wp-content\/uploads\/2021\/02\/Basurales2.jpg?w=699&amp;ssl=1 699w, https:\/\/i0.wp.com\/eltrabajo.cl\/portal\/wp-content\/uploads\/2021\/02\/Basurales2.jpg?resize=300%2C169&amp;ssl=1 300w, https:\/\/i0.wp.com\/eltrabajo.cl\/portal\/wp-content\/uploads\/2021\/02\/Basurales2.jpg?resize=200%2C112&amp;ssl=1 200w, https:\/\/i0.wp.com\/eltrabajo.cl\/portal\/wp-content\/uploads\/2021\/02\/Basurales2.jpg?resize=696%2C391&amp;ssl=1 696w\" sizes=\"auto, (max-width: 640px) 100vw, 640px\" \/><figcaption id=\"caption-attachment-105834\" class=\"wp-caption-text\">LE\u00d1A DISPONIBLE.- Es mucha la madera tambi\u00e9n que nadie ha retirado, aunque les ofrezcan pagar.<\/figcaption><\/figure>\n<figure id=\"attachment_105833\" aria-describedby=\"caption-attachment-105833\" style=\"width: 699px\" class=\"wp-caption alignnone\"><img data-recalc-dims=\"1\" loading=\"lazy\" decoding=\"async\" class=\"size-full wp-image-105833\" src=\"https:\/\/i0.wp.com\/www.eltrabajo.cl\/portal\/wp-content\/uploads\/2021\/02\/Basurales1.jpg?resize=640%2C360&#038;ssl=1\" alt=\"PELIGRO DE INCENDIO.- En el c\u00edrculo rojo vemos uno de los marcos de la cancha de Poblaci\u00f3n Santa Rosa de Viterbo, en Curim\u00f3n, en donde muchas veces los bomberos realizaban sus ejercicios, hoy el escenario es m\u00e1s que triste.\" width=\"640\" height=\"360\" srcset=\"https:\/\/i0.wp.com\/eltrabajo.cl\/portal\/wp-content\/uploads\/2021\/02\/Basurales1.jpg?w=699&amp;ssl=1 699w, https:\/\/i0.wp.com\/eltrabajo.cl\/portal\/wp-content\/uploads\/2021\/02\/Basurales1.jpg?resize=300%2C169&amp;ssl=1 300w, https:\/\/i0.wp.com\/eltrabajo.cl\/portal\/wp-content\/uploads\/2021\/02\/Basurales1.jpg?resize=200%2C112&amp;ssl=1 200w, https:\/\/i0.wp.com\/eltrabajo.cl\/portal\/wp-content\/uploads\/2021\/02\/Basurales1.jpg?resize=696%2C391&amp;ssl=1 696w\" sizes=\"auto, (max-width: 640px) 100vw, 640px\" \/><figcaption id=\"caption-attachment-105833\" class=\"wp-caption-text\">PELIGRO DE INCENDIO.- En el c\u00edrculo rojo vemos uno de los marcos de la cancha de Poblaci\u00f3n Santa Rosa de Viterbo, en Curim\u00f3n, en donde muchas veces los bomberos realizaban sus ejercicios, hoy el escenario es m\u00e1s que triste.<\/figcaption><\/figure>\n<figure id=\"attachment_105836\" aria-describedby=\"caption-attachment-105836\" style=\"width: 699px\" class=\"wp-caption alignnone\"><img data-recalc-dims=\"1\" loading=\"lazy\" decoding=\"async\" class=\"size-full wp-image-105836\" src=\"https:\/\/i0.wp.com\/www.eltrabajo.cl\/portal\/wp-content\/uploads\/2021\/02\/Basurales_Patricia-Riquelme.jpg?resize=640%2C599&#038;ssl=1\" alt=\"Patricia Riquelme Castillo, vecina que hizo el reclamo la ma\u00f1ana de este lunes.\" width=\"640\" height=\"599\" srcset=\"https:\/\/i0.wp.com\/eltrabajo.cl\/portal\/wp-content\/uploads\/2021\/02\/Basurales_Patricia-Riquelme.jpg?w=699&amp;ssl=1 699w, https:\/\/i0.wp.com\/eltrabajo.cl\/portal\/wp-content\/uploads\/2021\/02\/Basurales_Patricia-Riquelme.jpg?resize=300%2C281&amp;ssl=1 300w, https:\/\/i0.wp.com\/eltrabajo.cl\/portal\/wp-content\/uploads\/2021\/02\/Basurales_Patricia-Riquelme.jpg?resize=160%2C150&amp;ssl=1 160w, https:\/\/i0.wp.com\/eltrabajo.cl\/portal\/wp-content\/uploads\/2021\/02\/Basurales_Patricia-Riquelme.jpg?resize=696%2C651&amp;ssl=1 696w\" sizes=\"auto, (max-width: 640px) 100vw, 640px\" \/><figcaption id=\"caption-attachment-105836\" class=\"wp-caption-text\">Patricia Riquelme Castillo, vecina que hizo el reclamo la ma\u00f1ana de este lunes.<\/figcaption><\/figure>\n","protected":false},"excerpt":{"rendered":"<p>Se\u00f1alan que hay plagas de ratones, culebras y conejos: Un reclamo p\u00fablico es el que quiso externar la vecina de Poblaci\u00f3n Santa Rosa de Viterbo, Patricia Riquelme Castillo, en Curim\u00f3n, relacionado a&#8230;<\/p>\n","protected":false},"author":482,"featured_media":105833,"comment_status":"closed","ping_status":"open","sticky":false,"template":"","format":"standard","meta":{"advanced_seo_description":"","jetpack_seo_html_title":"","jetpack_seo_noindex":false,"_jetpack_memberships_contains_paid_content":false,"footnotes":""},"categories":[15],"tags":[],"class_list":["post-105832","post","type-post","status-publish","format-standard","has-post-thumbnail","hentry","category-comunidad"],"jetpack_featured_media_url":"https:\/\/i0.wp.com\/eltrabajo.cl\/portal\/wp-content\/uploads\/2021\/02\/Basurales1.jpg?fit=699%2C393&ssl=1","jetpack_sharing_enabled":true,"jetpack_likes_enabled":true,"jetpack-related-posts":[],"_links":{"self":[{"href":"https:\/\/eltrabajo.cl\/portal\/wp-json\/wp\/v2\/posts\/105832","targetHints":{"allow":["GET"]}}],"collection":[{"href":"https:\/\/eltrabajo.cl\/portal\/wp-json\/wp\/v2\/posts"}],"about":[{"href":"https:\/\/eltrabajo.cl\/portal\/wp-json\/wp\/v2\/types\/post"}],"author":[{"embeddable":true,"href":"https:\/\/eltrabajo.cl\/portal\/wp-json\/wp\/v2\/users\/482"}],"replies":[{"embeddable":true,"href":"https:\/\/eltrabajo.cl\/portal\/wp-json\/wp\/v2\/comments?post=105832"}],"version-history":[{"count":0,"href":"https:\/\/eltrabajo.cl\/portal\/wp-json\/wp\/v2\/posts\/105832\/revisions"}],"wp:featuredmedia":[{"embeddable":true,"href":"https:\/\/eltrabajo.cl\/portal\/wp-json\/wp\/v2\/media\/105833"}],"wp:attachment":[{"href":"https:\/\/eltrabajo.cl\/portal\/wp-json\/wp\/v2\/media?parent=105832"}],"wp:term":[{"taxonomy":"category","embeddable":true,"href":"https:\/\/eltrabajo.cl\/portal\/wp-json\/wp\/v2\/categories?post=105832"},{"taxonomy":"post_tag","embeddable":true,"href":"https:\/\/eltrabajo.cl\/portal\/wp-json\/wp\/v2\/tags?post=105832"}],"curies":[{"name":"wp","href":"https:\/\/api.w.org\/{rel}","templated":true}]}}