{"id":105872,"date":"2021-02-10T07:50:14","date_gmt":"2021-02-10T10:50:14","guid":{"rendered":"https:\/\/www.eltrabajo.cl\/portal\/?p=105872"},"modified":"2021-02-09T23:21:49","modified_gmt":"2021-02-10T02:21:49","slug":"hector-roco-pidio-perdon-por-no-conseguir-ascender-a-primera","status":"publish","type":"post","link":"https:\/\/eltrabajo.cl\/portal\/hector-roco-pidio-perdon-por-no-conseguir-ascender-a-primera\/","title":{"rendered":"H\u00e9ctor Roco pidi\u00f3 perd\u00f3n por no conseguir ascender a Primera"},"content":{"rendered":"<p style=\"text-align: justify;\">Se nota que <strong>H\u00e9ctor Roco Lucero<\/strong> est\u00e1 golpeado por el fallido intento albirrojo para subir a la serie mayor del f\u00fatbol chileno.\u00a0 El t\u00e9cnico que dirigi\u00f3 la novel escuadra sanfelipe\u00f1a en el tramo final de la temporada, reci\u00e9n est\u00e1 asimilando la derrota a manos de Melipilla, tal como lo demostraron sus declaraciones durante la tarde del lunes: <em>\u00abEst\u00e1bamos confiados en que subir\u00edamos, pero lamentablemente por los penales no pudimos cumplir con ese objetivo. Tengo una pena enorme por no haber podido dar una alegr\u00eda a mi ciudad. La verdad estoy muy triste\u00bb,<\/em> coment\u00f3 el estratego.<\/p>\n<p style=\"text-align: justify;\">El entrenador reconoci\u00f3 tambi\u00e9n que a\u00fan no tiene claro si seguir\u00e1 al mando del equipo de honor albirrojo: <em>\u00abYo ten\u00eda la misi\u00f3n de comandar el cuerpo t\u00e9cnico durante las 9 fechas finales y la liguilla, ahora no s\u00e9 nada, pero estoy tranquilo porque hicimos un buen trabajo y demostramos capacidad y por algo hicimos lo que hicimos\u00bb,<\/em> afirm\u00f3 Roco Lucero.<\/p>\n<figure id=\"attachment_105874\" aria-describedby=\"caption-attachment-105874\" style=\"width: 699px\" class=\"wp-caption alignnone\"><img data-recalc-dims=\"1\" loading=\"lazy\" decoding=\"async\" class=\"size-full wp-image-105874\" src=\"https:\/\/i0.wp.com\/www.eltrabajo.cl\/portal\/wp-content\/uploads\/2021\/02\/Hector-Roco-1.jpg?resize=640%2C619&#038;ssl=1\" alt=\"El ex central y ahora t\u00e9cnico reconoci\u00f3 que no ha sido notificado si seguir\u00e1 a no al mando del primer equipo.\" width=\"640\" height=\"619\" srcset=\"https:\/\/i0.wp.com\/eltrabajo.cl\/portal\/wp-content\/uploads\/2021\/02\/Hector-Roco-1.jpg?w=699&amp;ssl=1 699w, https:\/\/i0.wp.com\/eltrabajo.cl\/portal\/wp-content\/uploads\/2021\/02\/Hector-Roco-1.jpg?resize=300%2C290&amp;ssl=1 300w, https:\/\/i0.wp.com\/eltrabajo.cl\/portal\/wp-content\/uploads\/2021\/02\/Hector-Roco-1.jpg?resize=155%2C150&amp;ssl=1 155w, https:\/\/i0.wp.com\/eltrabajo.cl\/portal\/wp-content\/uploads\/2021\/02\/Hector-Roco-1.jpg?resize=696%2C673&amp;ssl=1 696w\" sizes=\"auto, (max-width: 640px) 100vw, 640px\" \/><figcaption id=\"caption-attachment-105874\" class=\"wp-caption-text\">El ex central y ahora t\u00e9cnico reconoci\u00f3 que no ha sido notificado si seguir\u00e1 a no al mando del primer equipo.<\/figcaption><\/figure>\n","protected":false},"excerpt":{"rendered":"<p>Se nota que H\u00e9ctor Roco Lucero est\u00e1 golpeado por el fallido intento albirrojo para subir a la serie mayor del f\u00fatbol chileno.\u00a0 El t\u00e9cnico que dirigi\u00f3 la novel escuadra sanfelipe\u00f1a en el&#8230;<\/p>\n","protected":false},"author":482,"featured_media":105873,"comment_status":"closed","ping_status":"open","sticky":false,"template":"","format":"standard","meta":{"advanced_seo_description":"","jetpack_seo_html_title":"","jetpack_seo_noindex":false,"_jetpack_memberships_contains_paid_content":false,"footnotes":""},"categories":[19],"tags":[],"class_list":["post-105872","post","type-post","status-publish","format-standard","has-post-thumbnail","hentry","category-deportes"],"jetpack_featured_media_url":"https:\/\/i0.wp.com\/eltrabajo.cl\/portal\/wp-content\/uploads\/2021\/02\/Hector-Roco-copia.jpg?fit=700%2C402&ssl=1","jetpack_sharing_enabled":true,"jetpack_likes_enabled":true,"jetpack-related-posts":[],"_links":{"self":[{"href":"https:\/\/eltrabajo.cl\/portal\/wp-json\/wp\/v2\/posts\/105872","targetHints":{"allow":["GET"]}}],"collection":[{"href":"https:\/\/eltrabajo.cl\/portal\/wp-json\/wp\/v2\/posts"}],"about":[{"href":"https:\/\/eltrabajo.cl\/portal\/wp-json\/wp\/v2\/types\/post"}],"author":[{"embeddable":true,"href":"https:\/\/eltrabajo.cl\/portal\/wp-json\/wp\/v2\/users\/482"}],"replies":[{"embeddable":true,"href":"https:\/\/eltrabajo.cl\/portal\/wp-json\/wp\/v2\/comments?post=105872"}],"version-history":[{"count":0,"href":"https:\/\/eltrabajo.cl\/portal\/wp-json\/wp\/v2\/posts\/105872\/revisions"}],"wp:featuredmedia":[{"embeddable":true,"href":"https:\/\/eltrabajo.cl\/portal\/wp-json\/wp\/v2\/media\/105873"}],"wp:attachment":[{"href":"https:\/\/eltrabajo.cl\/portal\/wp-json\/wp\/v2\/media?parent=105872"}],"wp:term":[{"taxonomy":"category","embeddable":true,"href":"https:\/\/eltrabajo.cl\/portal\/wp-json\/wp\/v2\/categories?post=105872"},{"taxonomy":"post_tag","embeddable":true,"href":"https:\/\/eltrabajo.cl\/portal\/wp-json\/wp\/v2\/tags?post=105872"}],"curies":[{"name":"wp","href":"https:\/\/api.w.org\/{rel}","templated":true}]}}