{"id":105960,"date":"2021-02-15T07:40:31","date_gmt":"2021-02-15T10:40:31","guid":{"rendered":"https:\/\/www.eltrabajo.cl\/portal\/?p=105960"},"modified":"2021-02-14T21:38:23","modified_gmt":"2021-02-15T00:38:23","slug":"despues-de-mas-de-una-decada-lucas-giovini-retorna-a-union-san-felipe","status":"publish","type":"post","link":"https:\/\/eltrabajo.cl\/portal\/despues-de-mas-de-una-decada-lucas-giovini-retorna-a-union-san-felipe\/","title":{"rendered":"Despu\u00e9s de m\u00e1s de una d\u00e9cada Lucas Giovini retorna a Uni\u00f3n San Felipe"},"content":{"rendered":"<p style=\"text-align: justify;\">El arquero <strong>Lucas Giovini<\/strong> se convirti\u00f3 oficialmente en el primer refuerzo del Un\u00ed Un\u00ed para la temporada 2021 de la Primera B. La llegada del cuidatubos fue muy bien recibida por todo el medio local, al tener el trasandino una gran popularidad y respeto dentro de la hinchada unionista debido a que fue uno de los hombres m\u00e1s importantes en la hist\u00f3rica campa\u00f1a del 2009, donde el conjunto que en ese entonces dirig\u00eda <strong>Roberto Mariani<\/strong> gan\u00f3 el t\u00edtulo de la Primera Divisi\u00f3n B y la Copa Chile.<\/p>\n<p style=\"text-align: justify;\">En la actualidad Lucas Giovini cuenta con 39 a\u00f1os de edad y su \u00faltimo paso por el balompi\u00e9 nacional fue defendiendo el arco de Magallanes, cosa que hizo con \u00e9xito al ser una de las vallas menos batida de todo el torneo, por lo que claramente el conjunto sanfelipe\u00f1o suma un hombre de probada calidad, mucho profesionalismo e indudable experiencia.<\/p>\n<p style=\"text-align: justify;\">La Ficha T\u00e9cnica del nuevo jugador unionista es la siguiente:<\/p>\n<p style=\"text-align: justify;\">Nombre: Lucas Ra\u00fal Giovini Schiapino.<\/p>\n<p style=\"text-align: justify;\">Edad: 39 a\u00f1os.<\/p>\n<p style=\"text-align: justify;\">Fecha de nacimiento: 13-10-1981.<\/p>\n<p style=\"text-align: justify;\">Clubes:<\/p>\n<p style=\"text-align: justify;\">2000-2001: Almirante Brown.<\/p>\n<p style=\"text-align: justify;\">2001 -2002: Luj\u00e1n.<\/p>\n<p style=\"text-align: justify;\">2002 -2004: Villa D\u00e1lmine.<\/p>\n<p style=\"text-align: justify;\">2004 -2005: Brown.<\/p>\n<p style=\"text-align: justify;\">2005 -2006: Acassuso.<\/p>\n<p style=\"text-align: justify;\">2007 -2008: Colegiales.<\/p>\n<p style=\"text-align: justify;\">2008 -2009: Uni\u00f3n San Felipe.<\/p>\n<p style=\"text-align: justify;\">2010-2012: Uni\u00f3n La Calera.<\/p>\n<p style=\"text-align: justify;\">2013-2014: \u00d1ublense.<\/p>\n<p style=\"text-align: justify;\">2014-2016: Uni\u00f3n La Calera.<\/p>\n<p style=\"text-align: justify;\">2016-2017: Quilmes.<\/p>\n<p style=\"text-align: justify;\">2017-2019: Uni\u00f3n La Calera.<\/p>\n<p style=\"text-align: justify;\">2020: Magallanes.<\/p>\n<figure id=\"attachment_105961\" aria-describedby=\"caption-attachment-105961\" style=\"width: 698px\" class=\"wp-caption alignnone\"><img data-recalc-dims=\"1\" loading=\"lazy\" decoding=\"async\" class=\"size-full wp-image-105961\" src=\"https:\/\/i0.wp.com\/www.eltrabajo.cl\/portal\/wp-content\/uploads\/2021\/02\/giovini.jpg?resize=640%2C369&#038;ssl=1\" alt=\"Lucas Giovini llega a Uni\u00f3n San Felipe despu\u00e9s de haber defendido el torneo pasado a Magallanes.\" width=\"640\" height=\"369\" srcset=\"https:\/\/i0.wp.com\/eltrabajo.cl\/portal\/wp-content\/uploads\/2021\/02\/giovini.jpg?w=698&amp;ssl=1 698w, https:\/\/i0.wp.com\/eltrabajo.cl\/portal\/wp-content\/uploads\/2021\/02\/giovini.jpg?resize=300%2C173&amp;ssl=1 300w, https:\/\/i0.wp.com\/eltrabajo.cl\/portal\/wp-content\/uploads\/2021\/02\/giovini.jpg?resize=200%2C115&amp;ssl=1 200w, https:\/\/i0.wp.com\/eltrabajo.cl\/portal\/wp-content\/uploads\/2021\/02\/giovini.jpg?resize=696%2C401&amp;ssl=1 696w\" sizes=\"auto, (max-width: 640px) 100vw, 640px\" \/><figcaption id=\"caption-attachment-105961\" class=\"wp-caption-text\">Lucas Giovini llega a Uni\u00f3n San Felipe despu\u00e9s de haber defendido el torneo pasado a Magallanes.<\/figcaption><\/figure>\n","protected":false},"excerpt":{"rendered":"<p>El arquero Lucas Giovini se convirti\u00f3 oficialmente en el primer refuerzo del Un\u00ed Un\u00ed para la temporada 2021 de la Primera B. La llegada del cuidatubos fue muy bien recibida por todo&#8230;<\/p>\n","protected":false},"author":482,"featured_media":105961,"comment_status":"closed","ping_status":"open","sticky":false,"template":"","format":"standard","meta":{"advanced_seo_description":"","jetpack_seo_html_title":"","jetpack_seo_noindex":false,"_jetpack_memberships_contains_paid_content":false,"footnotes":""},"categories":[19],"tags":[],"class_list":["post-105960","post","type-post","status-publish","format-standard","has-post-thumbnail","hentry","category-deportes"],"jetpack_featured_media_url":"https:\/\/i0.wp.com\/eltrabajo.cl\/portal\/wp-content\/uploads\/2021\/02\/giovini.jpg?fit=698%2C402&ssl=1","jetpack_sharing_enabled":true,"jetpack_likes_enabled":true,"jetpack-related-posts":[],"_links":{"self":[{"href":"https:\/\/eltrabajo.cl\/portal\/wp-json\/wp\/v2\/posts\/105960","targetHints":{"allow":["GET"]}}],"collection":[{"href":"https:\/\/eltrabajo.cl\/portal\/wp-json\/wp\/v2\/posts"}],"about":[{"href":"https:\/\/eltrabajo.cl\/portal\/wp-json\/wp\/v2\/types\/post"}],"author":[{"embeddable":true,"href":"https:\/\/eltrabajo.cl\/portal\/wp-json\/wp\/v2\/users\/482"}],"replies":[{"embeddable":true,"href":"https:\/\/eltrabajo.cl\/portal\/wp-json\/wp\/v2\/comments?post=105960"}],"version-history":[{"count":0,"href":"https:\/\/eltrabajo.cl\/portal\/wp-json\/wp\/v2\/posts\/105960\/revisions"}],"wp:featuredmedia":[{"embeddable":true,"href":"https:\/\/eltrabajo.cl\/portal\/wp-json\/wp\/v2\/media\/105961"}],"wp:attachment":[{"href":"https:\/\/eltrabajo.cl\/portal\/wp-json\/wp\/v2\/media?parent=105960"}],"wp:term":[{"taxonomy":"category","embeddable":true,"href":"https:\/\/eltrabajo.cl\/portal\/wp-json\/wp\/v2\/categories?post=105960"},{"taxonomy":"post_tag","embeddable":true,"href":"https:\/\/eltrabajo.cl\/portal\/wp-json\/wp\/v2\/tags?post=105960"}],"curies":[{"name":"wp","href":"https:\/\/api.w.org\/{rel}","templated":true}]}}