{"id":105966,"date":"2021-02-15T07:45:53","date_gmt":"2021-02-15T10:45:53","guid":{"rendered":"https:\/\/www.eltrabajo.cl\/portal\/?p=105966"},"modified":"2021-02-14T21:41:59","modified_gmt":"2021-02-15T00:41:59","slug":"el-inicio-de-la-serie-b-de-la-lnb-podria-sufrir-un-aplazamiento","status":"publish","type":"post","link":"https:\/\/eltrabajo.cl\/portal\/el-inicio-de-la-serie-b-de-la-lnb-podria-sufrir-un-aplazamiento\/","title":{"rendered":"El inicio de la serie B de la LNB podr\u00eda sufrir un aplazamiento"},"content":{"rendered":"<p style=\"text-align: justify;\">En la rama cestera del Club Arturo Prat el reloj ya inici\u00f3 la cuenta regresiva para lo que ser\u00e1 su pr\u00f3xima incursi\u00f3n en la serie B de la Liga Nacional de B\u00e1squetbol, la que deber\u00eda comenzar a disputarse en el mes de marzo, algo que por ahora no se ve tan claro que ocurra a ra\u00edz que la pandemia del Covid-19 no est\u00e1 dando tregua, por lo que una modificaci\u00f3n al calendario no ser\u00eda nada extra\u00f1o que suceda.<\/p>\n<p style=\"text-align: justify;\">Los pratinos se encuentran en estos momentos en la fase de planificaci\u00f3n. La conformaci\u00f3n del cuerpo t\u00e9cnico y el plantel son las dos cosas en las que est\u00e1 centrando la atenci\u00f3n de <strong>Exequiel Carvallo<\/strong> y los directivos del Prat, que guardan cautela respecto a ese tema ya que es probable que el torneo sufra un aplazamiento en su inicio, cosa que se confirmar\u00e1 esta noche tras una reuni\u00f3n v\u00eda zoom que sostendr\u00e1n la LNB con los clubes que competir\u00e1n en el campeonato de plata del b\u00e1squetbol chileno.<\/p>\n<p style=\"text-align: justify;\">Pese a la inc\u00f3gnita respecto a la fecha de inicio de la competencia, en el Prat est\u00e1n esperanzados que este 2021 ser\u00e1 distinto, ya que podr\u00e1n mostrar un Fort\u00edn muy mejorado en varios aspectos (piso, ba\u00f1os, camarines, adem\u00e1s que ahora contar\u00e1n con el apoyo municipal, cosa que anteriormente no suced\u00eda (tienen muy buenas relaciones con el alcalde <strong>Christian\u00a0 Beals<\/strong>), por lo que esperan poder desenvolverse con mayor tranquilidad en una liga en extremo competitiva y en la que participan algunos de los clubes con mayor tradici\u00f3n e historia del baloncesto chileno.<\/p>\n<figure id=\"attachment_105967\" aria-describedby=\"caption-attachment-105967\" style=\"width: 699px\" class=\"wp-caption alignnone\"><img data-recalc-dims=\"1\" loading=\"lazy\" decoding=\"async\" class=\"size-full wp-image-105967\" src=\"https:\/\/i0.wp.com\/www.eltrabajo.cl\/portal\/wp-content\/uploads\/2021\/02\/prat.jpg?resize=640%2C427&#038;ssl=1\" alt=\"Es poco probable que la competencia B de la LNB en la que competir\u00e1 el Prat parta en marzo.\" width=\"640\" height=\"427\" srcset=\"https:\/\/i0.wp.com\/eltrabajo.cl\/portal\/wp-content\/uploads\/2021\/02\/prat.jpg?w=699&amp;ssl=1 699w, https:\/\/i0.wp.com\/eltrabajo.cl\/portal\/wp-content\/uploads\/2021\/02\/prat.jpg?resize=300%2C200&amp;ssl=1 300w, https:\/\/i0.wp.com\/eltrabajo.cl\/portal\/wp-content\/uploads\/2021\/02\/prat.jpg?resize=200%2C133&amp;ssl=1 200w, https:\/\/i0.wp.com\/eltrabajo.cl\/portal\/wp-content\/uploads\/2021\/02\/prat.jpg?resize=696%2C464&amp;ssl=1 696w\" sizes=\"auto, (max-width: 640px) 100vw, 640px\" \/><figcaption id=\"caption-attachment-105967\" class=\"wp-caption-text\">Es poco probable que la competencia B de la LNB en la que competir\u00e1 el Prat parta en marzo.<\/figcaption><\/figure>\n","protected":false},"excerpt":{"rendered":"<p>En la rama cestera del Club Arturo Prat el reloj ya inici\u00f3 la cuenta regresiva para lo que ser\u00e1 su pr\u00f3xima incursi\u00f3n en la serie B de la Liga Nacional de B\u00e1squetbol,&#8230;<\/p>\n","protected":false},"author":482,"featured_media":105967,"comment_status":"closed","ping_status":"open","sticky":false,"template":"","format":"standard","meta":{"advanced_seo_description":"","jetpack_seo_html_title":"","jetpack_seo_noindex":false,"_jetpack_memberships_contains_paid_content":false,"footnotes":""},"categories":[19],"tags":[],"class_list":["post-105966","post","type-post","status-publish","format-standard","has-post-thumbnail","hentry","category-deportes"],"jetpack_featured_media_url":"https:\/\/i0.wp.com\/eltrabajo.cl\/portal\/wp-content\/uploads\/2021\/02\/prat.jpg?fit=699%2C466&ssl=1","jetpack_sharing_enabled":true,"jetpack_likes_enabled":true,"jetpack-related-posts":[],"_links":{"self":[{"href":"https:\/\/eltrabajo.cl\/portal\/wp-json\/wp\/v2\/posts\/105966","targetHints":{"allow":["GET"]}}],"collection":[{"href":"https:\/\/eltrabajo.cl\/portal\/wp-json\/wp\/v2\/posts"}],"about":[{"href":"https:\/\/eltrabajo.cl\/portal\/wp-json\/wp\/v2\/types\/post"}],"author":[{"embeddable":true,"href":"https:\/\/eltrabajo.cl\/portal\/wp-json\/wp\/v2\/users\/482"}],"replies":[{"embeddable":true,"href":"https:\/\/eltrabajo.cl\/portal\/wp-json\/wp\/v2\/comments?post=105966"}],"version-history":[{"count":0,"href":"https:\/\/eltrabajo.cl\/portal\/wp-json\/wp\/v2\/posts\/105966\/revisions"}],"wp:featuredmedia":[{"embeddable":true,"href":"https:\/\/eltrabajo.cl\/portal\/wp-json\/wp\/v2\/media\/105967"}],"wp:attachment":[{"href":"https:\/\/eltrabajo.cl\/portal\/wp-json\/wp\/v2\/media?parent=105966"}],"wp:term":[{"taxonomy":"category","embeddable":true,"href":"https:\/\/eltrabajo.cl\/portal\/wp-json\/wp\/v2\/categories?post=105966"},{"taxonomy":"post_tag","embeddable":true,"href":"https:\/\/eltrabajo.cl\/portal\/wp-json\/wp\/v2\/tags?post=105966"}],"curies":[{"name":"wp","href":"https:\/\/api.w.org\/{rel}","templated":true}]}}