{"id":105969,"date":"2021-02-15T07:50:10","date_gmt":"2021-02-15T10:50:10","guid":{"rendered":"https:\/\/www.eltrabajo.cl\/portal\/?p=105969"},"modified":"2021-02-14T21:44:47","modified_gmt":"2021-02-15T00:44:47","slug":"actual-concejala-marisol-ponce-es-candidata-a-alcaldesa-en-santa-maria","status":"publish","type":"post","link":"https:\/\/eltrabajo.cl\/portal\/actual-concejala-marisol-ponce-es-candidata-a-alcaldesa-en-santa-maria\/","title":{"rendered":"Actual concejala Marisol Ponce es candidata a alcaldesa en Santa Mar\u00eda\u00a0"},"content":{"rendered":"<p style=\"text-align: justify;\"><strong>SANTA MAR\u00cdA<\/strong>.- Siguiendo con la presentaci\u00f3n de candidatos a concejales y tambi\u00e9n a las alcald\u00edas del Valle de Aconcagua, hoy nos corresponde presentar a nuestros lectores el trabajo desarrollado y las propuestas de <strong>Marisol Ponce Cisterna<\/strong>, candidata independiente pero apoyada por la UDI (Uni\u00f3n Dem\u00f3crata Independiente). Este s\u00e1bado la concejala de Santa Mar\u00eda nos habl\u00f3 sobre sus aspiraciones a ser alcaldesa de dicha comuna aconcag\u00fcina.<\/p>\n<p style=\"text-align: justify;\">\n<p style=\"text-align: justify;\"><span style=\"color: #ff0000;\"><strong>VIVIENDA DIGNA<\/strong><\/span><\/p>\n<p style=\"text-align: justify;\">\u00ab<em>Soy Marisol Ponce Cisterna; esposa, madre, abuela y mujer en terreno. Llevo 16 a\u00f1os ejerciendo el rol fiscalizador como concejala de la comuna, reconocida por los santamarianos como una persona cercana, cari\u00f1osa, humilde y muy comprometida con la jurisdicci\u00f3n, destac\u00e1ndome la concejala m\u00e1s votada en los \u00faltimos dos periodos<\/em>\u00bb, coment\u00f3 Ponce a <strong>Diario El Trabajo<\/strong>.<\/p>\n<p style=\"text-align: justify;\">&#8211; <strong>\u00bfD\u00f3nde naciste, cu\u00e1les son tus or\u00edgenes?<\/strong><\/p>\n<p style=\"text-align: justify;\">&#8211; Soy nacida y criada en mi comuna, s\u00e9 del sacrificio que hacen los temporeros trabajando de sol a sol para llevar el sustento econ\u00f3mico a casa, ya que por varios a\u00f1os yo tambi\u00e9n tuve la oportunidad de trabajar en esa labor tan humilde y sacrificada que es la agricultura. Siempre siento empat\u00eda con el sufrimiento de los agricultores, debido al da\u00f1o causado recientemente por las lluvias, s\u00e9 del\u00a0 esfuerzo constante de aquellos agricultores que hoy han tenido grandes p\u00e9rdidas, sintiendo adem\u00e1s la angustia al pensar que muchos temporeros quedar\u00e1n sin el sustento para su familia.<\/p>\n<p style=\"text-align: justify;\">&#8211; <strong>\u00bfQu\u00e9 desaf\u00edos tendr\u00edas por delante como virtual alcaldesa?<\/strong><\/p>\n<p style=\"text-align: justify;\">&#8211; Hoy con un nuevo desaf\u00edo, candidata alcaldesa de la comuna y con el apoyo de mis vecinos, ser la primera mujer electa en Democracia que pueda guiar el destino de Santa Mar\u00eda.<\/p>\n<p style=\"text-align: justify;\">H\u00e1blenos de sus objetivos y soluciones a los problemas de los santamarianos<\/p>\n<p style=\"text-align: justify;\">Mis objetivos son claros y con mirada a las necesidades de la gente; ya que mi trabajo en terreno me ha permitido visualizar los problemas reales de Santa Mar\u00eda, enfoc\u00e1ndome en una comuna m\u00e1s segura, con mejor educaci\u00f3n y salud de calidad, oportunidades microemergentes y empleos independientes, diversidad en el deporte, un enfoque m\u00e1s activo en la discapacidad, adulto mayor, turismo, vivienda, cultura y medioambiente.<\/p>\n<p style=\"text-align: justify;\">&#8211; <strong>\u00bfCon qu\u00e9 sue\u00f1a usted para la comuna de Santa Mar\u00eda?<\/strong><\/p>\n<p style=\"text-align: justify;\">&#8211; Yo sue\u00f1o con una Santa Mar\u00eda donde la gente pueda expresarse libremente y ser escuchada, canalizando soluciones reales que perduren en el tiempo con miras de prevenci\u00f3n y mitigaci\u00f3n de factores que los aquejan, con visi\u00f3n de lideresa donde siento que la gente ser\u00e1 quien me gu\u00ede para hacer de Santa Mar\u00eda una mejor comuna.<\/p>\n<p style=\"text-align: justify;\">&#8211; <strong>\u00bfSu mejor apuesta en beneficio de sus vecinos?<\/strong><\/p>\n<p style=\"text-align: justify;\">&#8211; Mi mejor apuesta es la vivienda. S\u00e9, porque conozco mi comuna y se d\u00e9 la realidad de cada familia que apoy\u00e9 como concejala en su proceso de vivienda, mismas de las que a est\u00e1n disfrutando. M\u00e1s de 300 familias que a\u00fan no pueden cumplir el sue\u00f1o de su casa propia, seguir\u00e9 apoyando a las familias para obtener su casa propia, T\u00edtulo de Dominio, porque \u00bfsi me entregu\u00e9 a ellos como concejala para que dejaran de arrendar, c\u00f3mo no lo podremos hacer como alcaldesa?<\/p>\n<p style=\"text-align: justify;\"><strong>Roberto Gonz\u00e1lez Short<\/strong><\/p>\n<figure id=\"attachment_105970\" aria-describedby=\"caption-attachment-105970\" style=\"width: 699px\" class=\"wp-caption alignnone\"><img data-recalc-dims=\"1\" loading=\"lazy\" decoding=\"async\" class=\"size-full wp-image-105970\" src=\"https:\/\/i0.wp.com\/www.eltrabajo.cl\/portal\/wp-content\/uploads\/2021\/02\/Marisol_Marisol-Ponce.jpg?resize=640%2C649&#038;ssl=1\" alt=\"SIEMPRE MARISOL.- Ella es Marisol Ponce, concejala de Santa Mar\u00eda, quien esta vez se lanza por la alcald\u00eda de esa misma comuna.\" width=\"640\" height=\"649\" srcset=\"https:\/\/i0.wp.com\/eltrabajo.cl\/portal\/wp-content\/uploads\/2021\/02\/Marisol_Marisol-Ponce.jpg?w=699&amp;ssl=1 699w, https:\/\/i0.wp.com\/eltrabajo.cl\/portal\/wp-content\/uploads\/2021\/02\/Marisol_Marisol-Ponce.jpg?resize=296%2C300&amp;ssl=1 296w, https:\/\/i0.wp.com\/eltrabajo.cl\/portal\/wp-content\/uploads\/2021\/02\/Marisol_Marisol-Ponce.jpg?resize=148%2C150&amp;ssl=1 148w, https:\/\/i0.wp.com\/eltrabajo.cl\/portal\/wp-content\/uploads\/2021\/02\/Marisol_Marisol-Ponce.jpg?resize=696%2C706&amp;ssl=1 696w\" sizes=\"auto, (max-width: 640px) 100vw, 640px\" \/><figcaption id=\"caption-attachment-105970\" class=\"wp-caption-text\">SIEMPRE MARISOL.- Ella es Marisol Ponce, concejala de Santa Mar\u00eda, quien esta vez se lanza por la alcald\u00eda de esa misma comuna.<\/figcaption><\/figure>\n","protected":false},"excerpt":{"rendered":"<p>SANTA MAR\u00cdA.- Siguiendo con la presentaci\u00f3n de candidatos a concejales y tambi\u00e9n a las alcald\u00edas del Valle de Aconcagua, hoy nos corresponde presentar a nuestros lectores el trabajo desarrollado y las propuestas&#8230;<\/p>\n","protected":false},"author":482,"featured_media":105970,"comment_status":"closed","ping_status":"open","sticky":false,"template":"","format":"standard","meta":{"advanced_seo_description":"","jetpack_seo_html_title":"","jetpack_seo_noindex":false,"_jetpack_memberships_contains_paid_content":false,"footnotes":""},"categories":[16],"tags":[],"class_list":["post-105969","post","type-post","status-publish","format-standard","has-post-thumbnail","hentry","category-politica"],"jetpack_featured_media_url":"https:\/\/i0.wp.com\/eltrabajo.cl\/portal\/wp-content\/uploads\/2021\/02\/Marisol_Marisol-Ponce.jpg?fit=699%2C709&ssl=1","jetpack_sharing_enabled":true,"jetpack_likes_enabled":true,"jetpack-related-posts":[],"_links":{"self":[{"href":"https:\/\/eltrabajo.cl\/portal\/wp-json\/wp\/v2\/posts\/105969","targetHints":{"allow":["GET"]}}],"collection":[{"href":"https:\/\/eltrabajo.cl\/portal\/wp-json\/wp\/v2\/posts"}],"about":[{"href":"https:\/\/eltrabajo.cl\/portal\/wp-json\/wp\/v2\/types\/post"}],"author":[{"embeddable":true,"href":"https:\/\/eltrabajo.cl\/portal\/wp-json\/wp\/v2\/users\/482"}],"replies":[{"embeddable":true,"href":"https:\/\/eltrabajo.cl\/portal\/wp-json\/wp\/v2\/comments?post=105969"}],"version-history":[{"count":0,"href":"https:\/\/eltrabajo.cl\/portal\/wp-json\/wp\/v2\/posts\/105969\/revisions"}],"wp:featuredmedia":[{"embeddable":true,"href":"https:\/\/eltrabajo.cl\/portal\/wp-json\/wp\/v2\/media\/105970"}],"wp:attachment":[{"href":"https:\/\/eltrabajo.cl\/portal\/wp-json\/wp\/v2\/media?parent=105969"}],"wp:term":[{"taxonomy":"category","embeddable":true,"href":"https:\/\/eltrabajo.cl\/portal\/wp-json\/wp\/v2\/categories?post=105969"},{"taxonomy":"post_tag","embeddable":true,"href":"https:\/\/eltrabajo.cl\/portal\/wp-json\/wp\/v2\/tags?post=105969"}],"curies":[{"name":"wp","href":"https:\/\/api.w.org\/{rel}","templated":true}]}}