{"id":106026,"date":"2021-02-17T07:45:18","date_gmt":"2021-02-17T10:45:18","guid":{"rendered":"https:\/\/www.eltrabajo.cl\/portal\/?p=106026"},"modified":"2021-02-16T22:54:11","modified_gmt":"2021-02-17T01:54:11","slug":"se-aplaza-el-inicio-del-torneo-b-de-la-liga-nacional-de-basquetbol","status":"publish","type":"post","link":"https:\/\/eltrabajo.cl\/portal\/se-aplaza-el-inicio-del-torneo-b-de-la-liga-nacional-de-basquetbol\/","title":{"rendered":"Se aplaza el inicio del\u00a0torneo B de la Liga\u00a0Nacional de B\u00e1squetbol"},"content":{"rendered":"<p style=\"text-align: left;\"><span style=\"color: #ff0000;\"><strong>Tal como ayer ya lo hab\u00eda adelantado El Trabajo Deportivo:<\/strong><\/span><\/p>\n<p style=\"text-align: justify;\">En la reuni\u00f3n de lunes en la noche, en la que intervinieron el directorio de la LNB y los clubes que son parte de ella, se acord\u00f3 que la fecha de inicio de la competencia B del baloncesto nacional ser\u00e1 aplazada para fines del mes de abril o mayo pr\u00f3ximos.<\/p>\n<p style=\"text-align: justify;\">Fue el presidente de la rama cestera del club Arturo Prat de San Felipe, <strong>Exequiel Carvallo<\/strong>, quien comparti\u00f3 la informaci\u00f3n con nuestro medio: <em>\u00abSe acord\u00f3 que no partir\u00e1 el 27 de marzo como estaba agendada; lo m\u00e1s probable es que partamos en abril o mayo, creo que de esa fecha no pasa. Lo concreto es que esta semana ya debe quedar definido porque hay equipos que est\u00e1n por posponer hasta esa fecha la competencia, mientras que otros quieren comenzar en marzo, por lo que la Liga deber\u00e1 buscar un consenso y no se descarta que junio pueda ser alternativa para partir\u00bb,<\/em> inform\u00f3 el m\u00e1ximo dirigente de los cestos pratinos.<\/p>\n<p style=\"text-align: justify;\">En la interna de los de la calle Santo Domingo no miran con malos ojos el que el torneo parta m\u00e1s adelante, ya que eso les dar\u00eda el tiempo suficiente para que se hagan las obras de mejoramiento de los ba\u00f1os y camarines del Fort\u00edn Prat que deber\u00edan comenzar a ejecutarse dentro de los pr\u00f3ximos d\u00edas.<\/p>\n<figure id=\"attachment_106027\" aria-describedby=\"caption-attachment-106027\" style=\"width: 699px\" class=\"wp-caption alignnone\"><img data-recalc-dims=\"1\" loading=\"lazy\" decoding=\"async\" class=\"size-full wp-image-106027\" src=\"https:\/\/i0.wp.com\/www.eltrabajo.cl\/portal\/wp-content\/uploads\/2021\/02\/prat-1.jpg?resize=640%2C427&#038;ssl=1\" alt=\"El campeonato de plata del baloncesto chileno, donde competir\u00e1 el Prat, no comenzar\u00e1 en marzo.\" width=\"640\" height=\"427\" srcset=\"https:\/\/i0.wp.com\/eltrabajo.cl\/portal\/wp-content\/uploads\/2021\/02\/prat-1.jpg?w=699&amp;ssl=1 699w, https:\/\/i0.wp.com\/eltrabajo.cl\/portal\/wp-content\/uploads\/2021\/02\/prat-1.jpg?resize=300%2C200&amp;ssl=1 300w, https:\/\/i0.wp.com\/eltrabajo.cl\/portal\/wp-content\/uploads\/2021\/02\/prat-1.jpg?resize=200%2C133&amp;ssl=1 200w, https:\/\/i0.wp.com\/eltrabajo.cl\/portal\/wp-content\/uploads\/2021\/02\/prat-1.jpg?resize=696%2C464&amp;ssl=1 696w\" sizes=\"auto, (max-width: 640px) 100vw, 640px\" \/><figcaption id=\"caption-attachment-106027\" class=\"wp-caption-text\">El campeonato de plata del baloncesto chileno, donde competir\u00e1 el Prat, no comenzar\u00e1 en marzo.<\/figcaption><\/figure>\n","protected":false},"excerpt":{"rendered":"<p>Tal como ayer ya lo hab\u00eda adelantado El Trabajo Deportivo: En la reuni\u00f3n de lunes en la noche, en la que intervinieron el directorio de la LNB y los clubes que son&#8230;<\/p>\n","protected":false},"author":482,"featured_media":106027,"comment_status":"closed","ping_status":"open","sticky":false,"template":"","format":"standard","meta":{"advanced_seo_description":"","jetpack_seo_html_title":"","jetpack_seo_noindex":false,"_jetpack_memberships_contains_paid_content":false,"footnotes":""},"categories":[19],"tags":[],"class_list":["post-106026","post","type-post","status-publish","format-standard","has-post-thumbnail","hentry","category-deportes"],"jetpack_featured_media_url":"https:\/\/i0.wp.com\/eltrabajo.cl\/portal\/wp-content\/uploads\/2021\/02\/prat-1.jpg?fit=699%2C466&ssl=1","jetpack_sharing_enabled":true,"jetpack_likes_enabled":true,"jetpack-related-posts":[],"_links":{"self":[{"href":"https:\/\/eltrabajo.cl\/portal\/wp-json\/wp\/v2\/posts\/106026","targetHints":{"allow":["GET"]}}],"collection":[{"href":"https:\/\/eltrabajo.cl\/portal\/wp-json\/wp\/v2\/posts"}],"about":[{"href":"https:\/\/eltrabajo.cl\/portal\/wp-json\/wp\/v2\/types\/post"}],"author":[{"embeddable":true,"href":"https:\/\/eltrabajo.cl\/portal\/wp-json\/wp\/v2\/users\/482"}],"replies":[{"embeddable":true,"href":"https:\/\/eltrabajo.cl\/portal\/wp-json\/wp\/v2\/comments?post=106026"}],"version-history":[{"count":0,"href":"https:\/\/eltrabajo.cl\/portal\/wp-json\/wp\/v2\/posts\/106026\/revisions"}],"wp:featuredmedia":[{"embeddable":true,"href":"https:\/\/eltrabajo.cl\/portal\/wp-json\/wp\/v2\/media\/106027"}],"wp:attachment":[{"href":"https:\/\/eltrabajo.cl\/portal\/wp-json\/wp\/v2\/media?parent=106026"}],"wp:term":[{"taxonomy":"category","embeddable":true,"href":"https:\/\/eltrabajo.cl\/portal\/wp-json\/wp\/v2\/categories?post=106026"},{"taxonomy":"post_tag","embeddable":true,"href":"https:\/\/eltrabajo.cl\/portal\/wp-json\/wp\/v2\/tags?post=106026"}],"curies":[{"name":"wp","href":"https:\/\/api.w.org\/{rel}","templated":true}]}}