{"id":106146,"date":"2021-02-23T07:30:59","date_gmt":"2021-02-23T10:30:59","guid":{"rendered":"https:\/\/www.eltrabajo.cl\/portal\/?p=106146"},"modified":"2021-02-22T21:23:14","modified_gmt":"2021-02-23T00:23:14","slug":"en-riesgo-vital-quedo-hombre-atacado-por-la-ex-pareja-de-su-novia","status":"publish","type":"post","link":"https:\/\/eltrabajo.cl\/portal\/en-riesgo-vital-quedo-hombre-atacado-por-la-ex-pareja-de-su-novia\/","title":{"rendered":"En riesgo vital qued\u00f3 hombre atacado por la ex pareja de su novia"},"content":{"rendered":"<ul style=\"text-align: justify;\">\n<li style=\"text-align: left;\"><strong>El agresor lo atac\u00f3 con un arma blanca provoc\u00e1ndole heridas de gravedad en la zona tor\u00e1cica.-<\/strong><\/li>\n<\/ul>\n<p style=\"text-align: justify;\">Un violento hecho se registr\u00f3 la madrugada del pasado 19 de febrero, cuando la v\u00edctima identificada como <strong>J.S.A.L.<\/strong> (35), esperaba locomoci\u00f3n en el sector de Las Bandurrias de la comuna de San Esteban. Seg\u00fan detall\u00f3 el jefe de la tenencia de Carabineros de esa ciudad, el teniente <strong>Marcelo Gonz\u00e1lez<\/strong>, <em>\u00abesto fue a eso de las 7:50 de la ma\u00f1ana. La v\u00edctima se encontraba en el sector de Las Bandurrias esperando locomoci\u00f3n colectiva, instante en el que es abordado sorpresivamente y por la espalda por otro hombre conocido de la v\u00edctima\u00bb.<\/em><\/p>\n<p style=\"text-align: justify;\">Es en ese momento que <em>\u00ab\u00e9l comienza a agredirlo con un arma blanca provoc\u00e1ndole 3 a 4 lesiones cortantes en la zona tor\u00e1cica, d\u00e1ndose a la fuga. La v\u00edctima fue atendida por personal del SAMU que lo traslada hasta el Hospital de Los Andes en riesgo vital por la gravedad de sus lesiones\u00bb,<\/em> coment\u00f3 el teniente Gonz\u00e1lez.<\/p>\n<p style=\"text-align: justify;\">En este sentido y respecto al estado de salud en el que se encuentra la v\u00edctima, el teniente Gonz\u00e1lez sostuvo que <em>\u00abhasta el momento y seg\u00fan la \u00faltima informaci\u00f3n que nos entreg\u00f3 el Hospital, es que habr\u00eda salido de riesgo vital. Pero s\u00ed se mantiene en estado de gravedad, internado en el recinto\u00bb. <\/em><\/p>\n<p style=\"text-align: justify;\">Respecto de la detenci\u00f3n del agresor, el jefe de la tenencia de Carabineros de San Esteban se\u00f1al\u00f3 que <em>\u00abla pareja de la v\u00edctima entreg\u00f3 informaci\u00f3n importante como testigo de qui\u00e9n cometi\u00f3 esta agresi\u00f3n, antecedentes que fueron derivados a la SIP <\/em>(Secci\u00f3n de Investigaci\u00f3n Policial)<em> de la Tercera Comisar\u00eda de Los Andes, quienes durante todo el d\u00eda estuvieron realizando diligencias por instrucciones del fiscal de turno\u00bb. <\/em><\/p>\n<p style=\"text-align: justify;\">Es gracias a ese intenso trabajo de Carabineros que <em>\u00abel mismo d\u00eda, a eso de las 18:40 horas, en la v\u00eda p\u00fablica fue divisado el autor de esta agresi\u00f3n, espec\u00edficamente en calle Juan Jos\u00e9 con Las Bandurrias, cerca del sector donde ocurri\u00f3 el hecho, siendo detenido por personal policial. El que posteriormente pas\u00f3 a control de detenci\u00f3n en el Juzgado de Garant\u00eda de Los Andes\u00bb,<\/em> indic\u00f3 Gonz\u00e1lez.<\/p>\n<p style=\"text-align: justify;\">Los involucrados en el hecho ya registraban rencillas anteriores y el victimario, identificado como <strong>J.A.N.A.<\/strong> (52) fue formalizado por el delito de agresiones graves, aun cuando no se descarta pueda recibir cargos por homicidio frustrado, dependiendo del estado de salud de la v\u00edctima, finaliz\u00f3 el teniente Marcelo Gonz\u00e1lez.<\/p>\n<figure id=\"attachment_106147\" aria-describedby=\"caption-attachment-106147\" style=\"width: 699px\" class=\"wp-caption alignnone\"><img data-recalc-dims=\"1\" loading=\"lazy\" decoding=\"async\" class=\"size-full wp-image-106147\" src=\"https:\/\/i0.wp.com\/www.eltrabajo.cl\/portal\/wp-content\/uploads\/2021\/02\/apunalado-referencial.jpg?resize=640%2C311&#038;ssl=1\" alt=\"Con un arma blanca el sujeto agredi\u00f3 al novio de su ex pareja, propin\u00e1ndole cuatro heridas en la zona tor\u00e1cica, dejando en riesgo vital e internado en el Hospital San Juan de Dios de Los Andes. (Roto referencial). \" width=\"640\" height=\"311\" srcset=\"https:\/\/i0.wp.com\/eltrabajo.cl\/portal\/wp-content\/uploads\/2021\/02\/apunalado-referencial.jpg?w=699&amp;ssl=1 699w, https:\/\/i0.wp.com\/eltrabajo.cl\/portal\/wp-content\/uploads\/2021\/02\/apunalado-referencial.jpg?resize=300%2C146&amp;ssl=1 300w, https:\/\/i0.wp.com\/eltrabajo.cl\/portal\/wp-content\/uploads\/2021\/02\/apunalado-referencial.jpg?resize=200%2C97&amp;ssl=1 200w, https:\/\/i0.wp.com\/eltrabajo.cl\/portal\/wp-content\/uploads\/2021\/02\/apunalado-referencial.jpg?resize=696%2C339&amp;ssl=1 696w\" sizes=\"auto, (max-width: 640px) 100vw, 640px\" \/><figcaption id=\"caption-attachment-106147\" class=\"wp-caption-text\">Con un arma blanca el sujeto agredi\u00f3 al novio de su ex pareja, propin\u00e1ndole cuatro heridas en la zona tor\u00e1cica, dejando en riesgo vital e internado en el Hospital San Juan de Dios de Los Andes. (Roto referencial).<\/figcaption><\/figure>\n","protected":false},"excerpt":{"rendered":"<p>El agresor lo atac\u00f3 con un arma blanca provoc\u00e1ndole heridas de gravedad en la zona tor\u00e1cica.- Un violento hecho se registr\u00f3 la madrugada del pasado 19 de febrero, cuando la v\u00edctima identificada&#8230;<\/p>\n","protected":false},"author":482,"featured_media":106147,"comment_status":"closed","ping_status":"open","sticky":false,"template":"","format":"standard","meta":{"advanced_seo_description":"","jetpack_seo_html_title":"","jetpack_seo_noindex":false,"_jetpack_memberships_contains_paid_content":false,"footnotes":""},"categories":[21],"tags":[],"class_list":["post-106146","post","type-post","status-publish","format-standard","has-post-thumbnail","hentry","category-policial"],"jetpack_featured_media_url":"https:\/\/i0.wp.com\/eltrabajo.cl\/portal\/wp-content\/uploads\/2021\/02\/apunalado-referencial.jpg?fit=699%2C340&ssl=1","jetpack_sharing_enabled":true,"jetpack_likes_enabled":true,"jetpack-related-posts":[],"_links":{"self":[{"href":"https:\/\/eltrabajo.cl\/portal\/wp-json\/wp\/v2\/posts\/106146","targetHints":{"allow":["GET"]}}],"collection":[{"href":"https:\/\/eltrabajo.cl\/portal\/wp-json\/wp\/v2\/posts"}],"about":[{"href":"https:\/\/eltrabajo.cl\/portal\/wp-json\/wp\/v2\/types\/post"}],"author":[{"embeddable":true,"href":"https:\/\/eltrabajo.cl\/portal\/wp-json\/wp\/v2\/users\/482"}],"replies":[{"embeddable":true,"href":"https:\/\/eltrabajo.cl\/portal\/wp-json\/wp\/v2\/comments?post=106146"}],"version-history":[{"count":0,"href":"https:\/\/eltrabajo.cl\/portal\/wp-json\/wp\/v2\/posts\/106146\/revisions"}],"wp:featuredmedia":[{"embeddable":true,"href":"https:\/\/eltrabajo.cl\/portal\/wp-json\/wp\/v2\/media\/106147"}],"wp:attachment":[{"href":"https:\/\/eltrabajo.cl\/portal\/wp-json\/wp\/v2\/media?parent=106146"}],"wp:term":[{"taxonomy":"category","embeddable":true,"href":"https:\/\/eltrabajo.cl\/portal\/wp-json\/wp\/v2\/categories?post=106146"},{"taxonomy":"post_tag","embeddable":true,"href":"https:\/\/eltrabajo.cl\/portal\/wp-json\/wp\/v2\/tags?post=106146"}],"curies":[{"name":"wp","href":"https:\/\/api.w.org\/{rel}","templated":true}]}}