{"id":106149,"date":"2021-02-23T07:35:39","date_gmt":"2021-02-23T10:35:39","guid":{"rendered":"https:\/\/www.eltrabajo.cl\/portal\/?p=106149"},"modified":"2021-02-22T21:26:15","modified_gmt":"2021-02-23T00:26:15","slug":"hija-del-luchito-diaz-con-propuesta-de-biblioteca-comunitaria-en-honor-a-su-padre","status":"publish","type":"post","link":"https:\/\/eltrabajo.cl\/portal\/hija-del-luchito-diaz-con-propuesta-de-biblioteca-comunitaria-en-honor-a-su-padre\/","title":{"rendered":"Hija del \u2018Luchito\u2019 D\u00edaz con propuesta de biblioteca comunitaria en honor a su padre"},"content":{"rendered":"<p style=\"text-align: justify;\">Muchos de nuestros lectores recordar\u00e1n al querido <strong>Luis Alberto Araya D\u00edaz<\/strong>, conocido como \u2018<strong>Luchito<\/strong>\u2019, quien falleciera en enero de este a\u00f1o, pues bien, luego que este conocido vecino de Poblaci\u00f3n Aconcagua fuera despedido a su Morada Eterna, una de sus hijas, la joven <strong>Alinka Araya Cruz<\/strong>, de 26 a\u00f1os de edad, decidi\u00f3 desarrollar un proyecto vecinal dedicado a la memoria de \u2018Luchito\u2019, se trata de la creaci\u00f3n de un proyecto a disposici\u00f3n de quienes quieran aprovecharlo, la <strong>Biblioteca Comunitaria Luis Araya D\u00edaz<\/strong>.<\/p>\n<p style=\"text-align: justify;\">\n<p style=\"text-align: justify;\"><span style=\"color: #ff0000;\"><strong>LA GESTORA<\/strong><\/span><\/p>\n<p style=\"text-align: justify;\">\u00ab<em>Paralelamente a mis estudios de pedagog\u00eda en la UPLA y gracias a vecinos y amigos, estoy colectando libros nuevos y usados para instalar muy pronto una biblioteca comunitaria al servicio de quienes quieran leer libros, la idea surgi\u00f3 la misma noche del velatorio de mi pap\u00e1, cuando mostr\u00e9 los dibujos que pap\u00e1 hizo en vida, pens\u00e9 en ese momento publicar un libro con esos dibujos<\/em>\u00bb, coment\u00f3 la joven Alinka a <strong>Diario El Trabajo<\/strong>.<\/p>\n<p style=\"text-align: justify;\">&#8211; <strong>\u00bfC\u00f3mo funcionar\u00eda esta biblioteca comunitaria?<\/strong><\/p>\n<p style=\"text-align: justify;\">&#8211; De momento ya tengo unos 300 libros en mi poder, me est\u00e1n llegando libros y ofrecimiento de libros de varias partes de la V Regi\u00f3n, la idea es prestar libros por espacio de un mes, cada pr\u00e9stamo con su ficha del quien lo solicita.<\/p>\n<p style=\"text-align: justify;\">&#8211; <strong>\u00bfQu\u00e9 otros elementos tendr\u00e1 para los vecinos esta biblioteca?<\/strong><\/p>\n<p style=\"text-align: justify;\">&#8211; Bueno, tambi\u00e9n tenemos libros en digital para entregar a quienes lo soliciten, tengo unos 32.700 disponibles, los pueden pedir al WhatsApp <strong>+56937169037<\/strong>, o \u00a0bien solicitarlo al correo: biblioteca.luisarayadiaz@gmail.com.<\/p>\n<p style=\"text-align: justify;\">&#8211; <strong>\u00bfD\u00f3nde estar\u00e1 instalada este centro literario, necesitan m\u00e1s libros?<\/strong><\/p>\n<p style=\"text-align: justify;\">&#8211; S\u00ed, necesitamos que donen libros en buen estado, ya hay varias personas acopiando libros en nuestra comuna. El biblioteca est\u00e1 ya siendo pintada y confeccionada en nuestra poblaci\u00f3n, la estaremos inaugurando el domingo 5 de abril, y aprovecho para recordar a los lectores que podemos ir a domicilio por los libros donados.<\/p>\n<p style=\"text-align: justify;\"><strong>Roberto Gonz\u00e1lez Short<\/strong><\/p>\n<figure id=\"attachment_106153\" aria-describedby=\"caption-attachment-106153\" style=\"width: 698px\" class=\"wp-caption alignnone\"><img data-recalc-dims=\"1\" loading=\"lazy\" decoding=\"async\" class=\"size-full wp-image-106153\" src=\"https:\/\/i0.wp.com\/www.eltrabajo.cl\/portal\/wp-content\/uploads\/2021\/02\/Biblioteca3.jpg?resize=640%2C360&#038;ssl=1\" alt=\"Estos dibujos los hizo en vida el querido Luchito Araya antes de morir.\" width=\"640\" height=\"360\" srcset=\"https:\/\/i0.wp.com\/eltrabajo.cl\/portal\/wp-content\/uploads\/2021\/02\/Biblioteca3.jpg?w=698&amp;ssl=1 698w, https:\/\/i0.wp.com\/eltrabajo.cl\/portal\/wp-content\/uploads\/2021\/02\/Biblioteca3.jpg?resize=300%2C169&amp;ssl=1 300w, https:\/\/i0.wp.com\/eltrabajo.cl\/portal\/wp-content\/uploads\/2021\/02\/Biblioteca3.jpg?resize=200%2C113&amp;ssl=1 200w, https:\/\/i0.wp.com\/eltrabajo.cl\/portal\/wp-content\/uploads\/2021\/02\/Biblioteca3.jpg?resize=696%2C392&amp;ssl=1 696w\" sizes=\"auto, (max-width: 640px) 100vw, 640px\" \/><figcaption id=\"caption-attachment-106153\" class=\"wp-caption-text\">Estos dibujos los hizo en vida el querido Luchito Araya antes de morir.<\/figcaption><\/figure>\n<figure id=\"attachment_106150\" aria-describedby=\"caption-attachment-106150\" style=\"width: 699px\" class=\"wp-caption alignnone\"><img data-recalc-dims=\"1\" loading=\"lazy\" decoding=\"async\" class=\"size-full wp-image-106150\" src=\"https:\/\/i0.wp.com\/www.eltrabajo.cl\/portal\/wp-content\/uploads\/2021\/02\/Biblioteca_Alinka-Araya.jpg?resize=640%2C414&#038;ssl=1\" alt=\"MUCHOS LIBROS.- Aqu\u00ed tenemos a la tremenda Alinka D\u00edaz con una monta\u00f1a de libros, los que dar\u00e1n fuerza y vigor a la primera biblioteca comunitaria de nuestra comuna.\" width=\"640\" height=\"414\" srcset=\"https:\/\/i0.wp.com\/eltrabajo.cl\/portal\/wp-content\/uploads\/2021\/02\/Biblioteca_Alinka-Araya.jpg?w=699&amp;ssl=1 699w, https:\/\/i0.wp.com\/eltrabajo.cl\/portal\/wp-content\/uploads\/2021\/02\/Biblioteca_Alinka-Araya.jpg?resize=300%2C194&amp;ssl=1 300w, https:\/\/i0.wp.com\/eltrabajo.cl\/portal\/wp-content\/uploads\/2021\/02\/Biblioteca_Alinka-Araya.jpg?resize=200%2C129&amp;ssl=1 200w, https:\/\/i0.wp.com\/eltrabajo.cl\/portal\/wp-content\/uploads\/2021\/02\/Biblioteca_Alinka-Araya.jpg?resize=696%2C450&amp;ssl=1 696w\" sizes=\"auto, (max-width: 640px) 100vw, 640px\" \/><figcaption id=\"caption-attachment-106150\" class=\"wp-caption-text\">MUCHOS LIBROS.- Aqu\u00ed tenemos a la tremenda Alinka D\u00edaz con una monta\u00f1a de libros, los que dar\u00e1n fuerza y vigor a la primera biblioteca comunitaria de nuestra comuna.<\/figcaption><\/figure>\n<figure id=\"attachment_106152\" aria-describedby=\"caption-attachment-106152\" style=\"width: 699px\" class=\"wp-caption alignnone\"><img data-recalc-dims=\"1\" loading=\"lazy\" decoding=\"async\" class=\"size-full wp-image-106152\" src=\"https:\/\/i0.wp.com\/www.eltrabajo.cl\/portal\/wp-content\/uploads\/2021\/02\/Biblioteca_Luis-Alberto-Araya-Diaz.jpg?resize=640%2C591&#038;ssl=1\" alt=\"Luis Alberto Araya D\u00edaz, en su honor se har\u00e1 una biblioteca comunitaria.\" width=\"640\" height=\"591\" srcset=\"https:\/\/i0.wp.com\/eltrabajo.cl\/portal\/wp-content\/uploads\/2021\/02\/Biblioteca_Luis-Alberto-Araya-Diaz.jpg?w=699&amp;ssl=1 699w, https:\/\/i0.wp.com\/eltrabajo.cl\/portal\/wp-content\/uploads\/2021\/02\/Biblioteca_Luis-Alberto-Araya-Diaz.jpg?resize=300%2C277&amp;ssl=1 300w, https:\/\/i0.wp.com\/eltrabajo.cl\/portal\/wp-content\/uploads\/2021\/02\/Biblioteca_Luis-Alberto-Araya-Diaz.jpg?resize=162%2C150&amp;ssl=1 162w, https:\/\/i0.wp.com\/eltrabajo.cl\/portal\/wp-content\/uploads\/2021\/02\/Biblioteca_Luis-Alberto-Araya-Diaz.jpg?resize=696%2C643&amp;ssl=1 696w\" sizes=\"auto, (max-width: 640px) 100vw, 640px\" \/><figcaption id=\"caption-attachment-106152\" class=\"wp-caption-text\">Luis Alberto Araya D\u00edaz, en su honor se har\u00e1 una biblioteca comunitaria.<\/figcaption><\/figure>\n<figure id=\"attachment_106151\" aria-describedby=\"caption-attachment-106151\" style=\"width: 699px\" class=\"wp-caption alignnone\"><img data-recalc-dims=\"1\" loading=\"lazy\" decoding=\"async\" class=\"size-full wp-image-106151\" src=\"https:\/\/i0.wp.com\/www.eltrabajo.cl\/portal\/wp-content\/uploads\/2021\/02\/Biblioteca_Juan-Gonzalez.jpg?resize=640%2C764&#038;ssl=1\" alt=\"SIGUEN LLEGANDO.- Juan Gonz\u00e1lez, conocido dirigente de causas sociales, aportando libros para este proyecto.\" width=\"640\" height=\"764\" srcset=\"https:\/\/i0.wp.com\/eltrabajo.cl\/portal\/wp-content\/uploads\/2021\/02\/Biblioteca_Juan-Gonzalez.jpg?w=699&amp;ssl=1 699w, https:\/\/i0.wp.com\/eltrabajo.cl\/portal\/wp-content\/uploads\/2021\/02\/Biblioteca_Juan-Gonzalez.jpg?resize=251%2C300&amp;ssl=1 251w, https:\/\/i0.wp.com\/eltrabajo.cl\/portal\/wp-content\/uploads\/2021\/02\/Biblioteca_Juan-Gonzalez.jpg?resize=126%2C150&amp;ssl=1 126w, https:\/\/i0.wp.com\/eltrabajo.cl\/portal\/wp-content\/uploads\/2021\/02\/Biblioteca_Juan-Gonzalez.jpg?resize=696%2C830&amp;ssl=1 696w\" sizes=\"auto, (max-width: 640px) 100vw, 640px\" \/><figcaption id=\"caption-attachment-106151\" class=\"wp-caption-text\">SIGUEN LLEGANDO.- Juan Gonz\u00e1lez, conocido dirigente de causas sociales, aportando libros para este proyecto.<\/figcaption><\/figure>\n<figure id=\"attachment_106154\" aria-describedby=\"caption-attachment-106154\" style=\"width: 699px\" class=\"wp-caption alignnone\"><img data-recalc-dims=\"1\" loading=\"lazy\" decoding=\"async\" class=\"size-full wp-image-106154\" src=\"https:\/\/i0.wp.com\/www.eltrabajo.cl\/portal\/wp-content\/uploads\/2021\/02\/Biblioteca_Alejandro-Munoz-Herrera.jpg?resize=640%2C768&#038;ssl=1\" alt=\"LA BUENA LECTURA.- Alejandro Mu\u00f1oz, de Alfa Editorial San Felipe, tambi\u00e9n donando libros.\" width=\"640\" height=\"768\" srcset=\"https:\/\/i0.wp.com\/eltrabajo.cl\/portal\/wp-content\/uploads\/2021\/02\/Biblioteca_Alejandro-Munoz-Herrera.jpg?w=699&amp;ssl=1 699w, https:\/\/i0.wp.com\/eltrabajo.cl\/portal\/wp-content\/uploads\/2021\/02\/Biblioteca_Alejandro-Munoz-Herrera.jpg?resize=250%2C300&amp;ssl=1 250w, https:\/\/i0.wp.com\/eltrabajo.cl\/portal\/wp-content\/uploads\/2021\/02\/Biblioteca_Alejandro-Munoz-Herrera.jpg?resize=125%2C150&amp;ssl=1 125w, https:\/\/i0.wp.com\/eltrabajo.cl\/portal\/wp-content\/uploads\/2021\/02\/Biblioteca_Alejandro-Munoz-Herrera.jpg?resize=696%2C835&amp;ssl=1 696w\" sizes=\"auto, (max-width: 640px) 100vw, 640px\" \/><figcaption id=\"caption-attachment-106154\" class=\"wp-caption-text\">LA BUENA LECTURA.- Alejandro Mu\u00f1oz, de Alfa Editorial San Felipe, tambi\u00e9n donando libros.<\/figcaption><\/figure>\n","protected":false},"excerpt":{"rendered":"<p>Muchos de nuestros lectores recordar\u00e1n al querido Luis Alberto Araya D\u00edaz, conocido como \u2018Luchito\u2019, quien falleciera en enero de este a\u00f1o, pues bien, luego que este conocido vecino de Poblaci\u00f3n Aconcagua fuera&#8230;<\/p>\n","protected":false},"author":482,"featured_media":106150,"comment_status":"closed","ping_status":"open","sticky":false,"template":"","format":"standard","meta":{"advanced_seo_description":"","jetpack_seo_html_title":"","jetpack_seo_noindex":false,"_jetpack_memberships_contains_paid_content":false,"footnotes":""},"categories":[15],"tags":[],"class_list":["post-106149","post","type-post","status-publish","format-standard","has-post-thumbnail","hentry","category-comunidad"],"jetpack_featured_media_url":"https:\/\/i0.wp.com\/eltrabajo.cl\/portal\/wp-content\/uploads\/2021\/02\/Biblioteca_Alinka-Araya.jpg?fit=699%2C452&ssl=1","jetpack_sharing_enabled":true,"jetpack_likes_enabled":true,"jetpack-related-posts":[],"_links":{"self":[{"href":"https:\/\/eltrabajo.cl\/portal\/wp-json\/wp\/v2\/posts\/106149","targetHints":{"allow":["GET"]}}],"collection":[{"href":"https:\/\/eltrabajo.cl\/portal\/wp-json\/wp\/v2\/posts"}],"about":[{"href":"https:\/\/eltrabajo.cl\/portal\/wp-json\/wp\/v2\/types\/post"}],"author":[{"embeddable":true,"href":"https:\/\/eltrabajo.cl\/portal\/wp-json\/wp\/v2\/users\/482"}],"replies":[{"embeddable":true,"href":"https:\/\/eltrabajo.cl\/portal\/wp-json\/wp\/v2\/comments?post=106149"}],"version-history":[{"count":0,"href":"https:\/\/eltrabajo.cl\/portal\/wp-json\/wp\/v2\/posts\/106149\/revisions"}],"wp:featuredmedia":[{"embeddable":true,"href":"https:\/\/eltrabajo.cl\/portal\/wp-json\/wp\/v2\/media\/106150"}],"wp:attachment":[{"href":"https:\/\/eltrabajo.cl\/portal\/wp-json\/wp\/v2\/media?parent=106149"}],"wp:term":[{"taxonomy":"category","embeddable":true,"href":"https:\/\/eltrabajo.cl\/portal\/wp-json\/wp\/v2\/categories?post=106149"},{"taxonomy":"post_tag","embeddable":true,"href":"https:\/\/eltrabajo.cl\/portal\/wp-json\/wp\/v2\/tags?post=106149"}],"curies":[{"name":"wp","href":"https:\/\/api.w.org\/{rel}","templated":true}]}}