{"id":106168,"date":"2021-02-23T07:55:59","date_gmt":"2021-02-23T10:55:59","guid":{"rendered":"https:\/\/www.eltrabajo.cl\/portal\/?p=106168"},"modified":"2021-02-22T21:37:41","modified_gmt":"2021-02-23T00:37:41","slug":"preocupa-explosivo-aumento-de-casos-activos-de-covid-19-en-aconcagua","status":"publish","type":"post","link":"https:\/\/eltrabajo.cl\/portal\/preocupa-explosivo-aumento-de-casos-activos-de-covid-19-en-aconcagua\/","title":{"rendered":"Preocupa explosivo aumento de casos activos de Covid-19 en Aconcagua"},"content":{"rendered":"<p style=\"text-align: left;\"><span style=\"color: #ff0000;\"><strong>Colegio M\u00e9dico Aconcagua:<\/strong><\/span><\/p>\n<p style=\"text-align: justify;\">Su preocupaci\u00f3n por un aumento significativo de casos activos de Covid-19, manifest\u00f3 el doctor <strong>Luis Foncea<\/strong>, presidente del Consejo Aconcagua del Colegio M\u00e9dico.<\/p>\n<p style=\"text-align: justify;\">Seg\u00fan explic\u00f3 el profesional, en la \u00faltima semana epidemiol\u00f3gica, en San Felipe y Los Andes ha habido un aumento promedio de un 46% de casos en relaci\u00f3n a las semanas anteriores, a lo que se suma un aumento en el porcentaje de positividad de los ex\u00e1menes PCR.<\/p>\n<p style=\"text-align: justify;\">\u00ab<em>De un 2 y algo por ciento, aument\u00f3 a sobre 4% la positividad y esto se ve asociado a un aumento de pacientes hospitalizados, tanto en camas b\u00e1sicas como en camas cr\u00edticas en nuestros dos grandes hospitales en Aconcagua, y tambi\u00e9n en los hospitales de referencia Llay Llay y Putaendo. Entonces tenemos aproximadamente 35 a 38 pacientes hospitalizados en camas b\u00e1sicas, m\u00e1s 15 a 18 pacientes hospitalizados en camas cr\u00edticas, lo que es realmente preocupante\u00bb,<\/em> dijo el doctor Foncea.<\/p>\n<p style=\"text-align: justify;\">Respecto al aumento en la capacidad de camas cr\u00edticas, el especialista se\u00f1al\u00f3 que se aument\u00f3 en seis camas cr\u00edticas la capacidad en el hospital San Camilo, que cont\u00f3 con la colaboraci\u00f3n del hospital de Los Andes, al aportar con profesionales que permitieran abrir esas camas.<\/p>\n<p style=\"text-align: justify;\">En relaci\u00f3n al porcentaje de ocupaci\u00f3n de esas camas, el doctor Foncea manifest\u00f3 que existe un 91% en promedio en las comunas de San Felipe y Los Andes, \u00edndice que es bastante din\u00e1mico.<\/p>\n<p style=\"text-align: justify;\">\u00ab<em>Hay momentos como hoy en la ma\u00f1ana, donde las camas cr\u00edticas del hospital San Camilo es una cama disponible y nosotros tenemos un par de camas disponibles, pero es din\u00e1mico en el sentido que los pacientes van ingresando, a veces van saliendo positivamente y eso permite tener camas libres\u00bb.\u00a0 <\/em><\/p>\n<figure id=\"attachment_106169\" aria-describedby=\"caption-attachment-106169\" style=\"width: 699px\" class=\"wp-caption alignnone\"><img data-recalc-dims=\"1\" loading=\"lazy\" decoding=\"async\" class=\"size-full wp-image-106169\" src=\"https:\/\/i0.wp.com\/www.eltrabajo.cl\/portal\/wp-content\/uploads\/2021\/02\/Doctor-Luis-Foncea.jpg?resize=640%2C489&#038;ssl=1\" alt=\"El presidente del Consejo Aconcagua del Colegio M\u00e9dico, doctor Luis Foncea, expres\u00f3 su preocupaci\u00f3n por el significativo aumento de casos activos de Covid-19 en el valle.\" width=\"640\" height=\"489\" srcset=\"https:\/\/i0.wp.com\/eltrabajo.cl\/portal\/wp-content\/uploads\/2021\/02\/Doctor-Luis-Foncea.jpg?w=699&amp;ssl=1 699w, https:\/\/i0.wp.com\/eltrabajo.cl\/portal\/wp-content\/uploads\/2021\/02\/Doctor-Luis-Foncea.jpg?resize=300%2C229&amp;ssl=1 300w, https:\/\/i0.wp.com\/eltrabajo.cl\/portal\/wp-content\/uploads\/2021\/02\/Doctor-Luis-Foncea.jpg?resize=196%2C150&amp;ssl=1 196w, https:\/\/i0.wp.com\/eltrabajo.cl\/portal\/wp-content\/uploads\/2021\/02\/Doctor-Luis-Foncea.jpg?resize=696%2C532&amp;ssl=1 696w\" sizes=\"auto, (max-width: 640px) 100vw, 640px\" \/><figcaption id=\"caption-attachment-106169\" class=\"wp-caption-text\">El presidente del Consejo Aconcagua del Colegio M\u00e9dico, doctor Luis Foncea, expres\u00f3 su preocupaci\u00f3n por el significativo aumento de casos activos de Covid-19 en el valle.<\/figcaption><\/figure>\n","protected":false},"excerpt":{"rendered":"<p>Colegio M\u00e9dico Aconcagua: Su preocupaci\u00f3n por un aumento significativo de casos activos de Covid-19, manifest\u00f3 el doctor Luis Foncea, presidente del Consejo Aconcagua del Colegio M\u00e9dico. Seg\u00fan explic\u00f3 el profesional, en la&#8230;<\/p>\n","protected":false},"author":482,"featured_media":106169,"comment_status":"closed","ping_status":"open","sticky":false,"template":"","format":"standard","meta":{"advanced_seo_description":"","jetpack_seo_html_title":"","jetpack_seo_noindex":false,"_jetpack_memberships_contains_paid_content":false,"footnotes":""},"categories":[105],"tags":[],"class_list":["post-106168","post","type-post","status-publish","format-standard","has-post-thumbnail","hentry","category-covid-19"],"jetpack_featured_media_url":"https:\/\/i0.wp.com\/eltrabajo.cl\/portal\/wp-content\/uploads\/2021\/02\/Doctor-Luis-Foncea.jpg?fit=699%2C534&ssl=1","jetpack_sharing_enabled":true,"jetpack_likes_enabled":true,"jetpack-related-posts":[],"_links":{"self":[{"href":"https:\/\/eltrabajo.cl\/portal\/wp-json\/wp\/v2\/posts\/106168","targetHints":{"allow":["GET"]}}],"collection":[{"href":"https:\/\/eltrabajo.cl\/portal\/wp-json\/wp\/v2\/posts"}],"about":[{"href":"https:\/\/eltrabajo.cl\/portal\/wp-json\/wp\/v2\/types\/post"}],"author":[{"embeddable":true,"href":"https:\/\/eltrabajo.cl\/portal\/wp-json\/wp\/v2\/users\/482"}],"replies":[{"embeddable":true,"href":"https:\/\/eltrabajo.cl\/portal\/wp-json\/wp\/v2\/comments?post=106168"}],"version-history":[{"count":0,"href":"https:\/\/eltrabajo.cl\/portal\/wp-json\/wp\/v2\/posts\/106168\/revisions"}],"wp:featuredmedia":[{"embeddable":true,"href":"https:\/\/eltrabajo.cl\/portal\/wp-json\/wp\/v2\/media\/106169"}],"wp:attachment":[{"href":"https:\/\/eltrabajo.cl\/portal\/wp-json\/wp\/v2\/media?parent=106168"}],"wp:term":[{"taxonomy":"category","embeddable":true,"href":"https:\/\/eltrabajo.cl\/portal\/wp-json\/wp\/v2\/categories?post=106168"},{"taxonomy":"post_tag","embeddable":true,"href":"https:\/\/eltrabajo.cl\/portal\/wp-json\/wp\/v2\/tags?post=106168"}],"curies":[{"name":"wp","href":"https:\/\/api.w.org\/{rel}","templated":true}]}}