{"id":106171,"date":"2021-02-23T08:00:58","date_gmt":"2021-02-23T11:00:58","guid":{"rendered":"https:\/\/www.eltrabajo.cl\/portal\/?p=106171"},"modified":"2021-02-22T21:39:49","modified_gmt":"2021-02-23T00:39:49","slug":"dos-menores-y-una-adulta-resultaron-lesionados-tras-volcamiento-de-vehiculo","status":"publish","type":"post","link":"https:\/\/eltrabajo.cl\/portal\/dos-menores-y-una-adulta-resultaron-lesionados-tras-volcamiento-de-vehiculo\/","title":{"rendered":"Dos menores y una adulta resultaron lesionados tras volcamiento de veh\u00edculo"},"content":{"rendered":"<ul style=\"text-align: justify;\">\n<li style=\"text-align: left;\"><strong>El hecho ocurri\u00f3 en el sector de Las Coimas y dej\u00f3 a los dos menores con heridas de gravedad.-<\/strong><\/li>\n<\/ul>\n<p style=\"text-align: justify;\">Un grave accidente vehicular se produjo la ma\u00f1ana de ayer lunes cuando a eso de las 11:00 de la ma\u00f1ana, un auto volc\u00f3 a la altura del paradero 22 en el sector de Las Coimas en la comuna de Putaendo. El hecho dej\u00f3 como saldo a tres personas lesionadas, dos de ellas menores de edad.<\/p>\n<p style=\"text-align: justify;\">Al lugar concurri\u00f3 personal de Bomberos, SAMU y Carabineros para atender la emergencia.<\/p>\n<p style=\"text-align: justify;\">En este sentido fue el comandante del Cuerpo de Bomberos de Putaendo, <strong>Luis Sep\u00falveda<\/strong>, quien indic\u00f3 que <em>\u00abse recibe el llamado a la central por un accidente vehicular en el sector de Las Coimas a la altura del paradero 22, por un volcamiento de un veh\u00edculo menor con personas en su interior.<\/em><\/p>\n<p style=\"text-align: justify;\">\u00ab<em>Se trata de un auto Chevrolet Spark que volc\u00f3 en el lugar y qued\u00f3 en el centro del camino, teniendo el tr\u00e1nsito bloqueado en ambos sentidos. El trabajo de Bomberos consisti\u00f3 en rescate de dos menores atrapados y una mujer adulta\u00bb,<\/em> agreg\u00f3 Sep\u00falveda.<\/p>\n<p style=\"text-align: justify;\">Producto del accidente, <em>\u00aba primera vista las personas estaban con lesiones de gravedad, de igual manera, es personal m\u00e9dico del Hospital San Camilo, donde fueron trasladadas estas personas, el que debe confirmar esto mismo\u00bb,<\/em> se\u00f1al\u00f3 el comandante de Bomberos de Putaendo.<\/p>\n<p style=\"text-align: justify;\">Respecto de la causa del accidente y por orden del fiscal de turno, es personal de la SIAT de Carabineros quienes deber\u00e1n investigar qu\u00e9 provoc\u00f3 tan grave volcamiento en el sector de Las Coimas.<\/p>\n<p style=\"text-align: justify;\">El hecho en s\u00ed provoc\u00f3 una gran congesti\u00f3n vehicular, la que <em>\u00abpor lo menos hasta el retiro de personal de Bomberos, se manten\u00eda el camino cortado a la espera de personal policial\u00bb,<\/em> dijo Luis Sep\u00falveda.<\/p>\n<p style=\"text-align: justify;\">El comandante Sep\u00falveda a\u00f1adi\u00f3 que <em>\u00abeventualmente el accidente est\u00e1 en materia de investigaci\u00f3n, pero s\u00ed, por las condiciones del camino, ya que es una recta, y por el conocimiento de los habitantes del sector, en el lugar hay mucho exceso de velocidad.<\/em><\/p>\n<p style=\"text-align: justify;\">\u00ab<em>Es una recta de al menos 3 kil\u00f3metros y hay algunos baches en el camino, y eso hace que sea m\u00e1s propenso a accidentes vehiculares\u00bb,<\/em> finaliz\u00f3 el comandante Luis Sep\u00falveda.<\/p>\n<figure id=\"attachment_106172\" aria-describedby=\"caption-attachment-106172\" style=\"width: 698px\" class=\"wp-caption alignnone\"><img data-recalc-dims=\"1\" loading=\"lazy\" decoding=\"async\" class=\"size-full wp-image-106172\" src=\"https:\/\/i0.wp.com\/www.eltrabajo.cl\/portal\/wp-content\/uploads\/2021\/02\/volcamiento-1.jpg?resize=640%2C434&#038;ssl=1\" alt=\"As\u00ed qued\u00f3 el veh\u00edculo volcado la ma\u00f1ana de ayer en el sector de Las Coimas. (Imagen gentileza Putaendo Informa).\" width=\"640\" height=\"434\" srcset=\"https:\/\/i0.wp.com\/eltrabajo.cl\/portal\/wp-content\/uploads\/2021\/02\/volcamiento-1.jpg?w=698&amp;ssl=1 698w, https:\/\/i0.wp.com\/eltrabajo.cl\/portal\/wp-content\/uploads\/2021\/02\/volcamiento-1.jpg?resize=300%2C203&amp;ssl=1 300w, https:\/\/i0.wp.com\/eltrabajo.cl\/portal\/wp-content\/uploads\/2021\/02\/volcamiento-1.jpg?resize=200%2C136&amp;ssl=1 200w, https:\/\/i0.wp.com\/eltrabajo.cl\/portal\/wp-content\/uploads\/2021\/02\/volcamiento-1.jpg?resize=696%2C472&amp;ssl=1 696w\" sizes=\"auto, (max-width: 640px) 100vw, 640px\" \/><figcaption id=\"caption-attachment-106172\" class=\"wp-caption-text\">As\u00ed qued\u00f3 el veh\u00edculo volcado la ma\u00f1ana de ayer en el sector de Las Coimas. (Imagen gentileza Putaendo Informa).<\/figcaption><\/figure>\n<figure id=\"attachment_106173\" aria-describedby=\"caption-attachment-106173\" style=\"width: 698px\" class=\"wp-caption alignnone\"><img data-recalc-dims=\"1\" loading=\"lazy\" decoding=\"async\" class=\"size-full wp-image-106173\" src=\"https:\/\/i0.wp.com\/www.eltrabajo.cl\/portal\/wp-content\/uploads\/2021\/02\/volcamiento-2.jpg?resize=640%2C437&#038;ssl=1\" alt=\"Personal del SAMU, Bomberos y Carabineros trabajaron en el lugar. (Imagen gentileza Putaendo Informa).\" width=\"640\" height=\"437\" srcset=\"https:\/\/i0.wp.com\/eltrabajo.cl\/portal\/wp-content\/uploads\/2021\/02\/volcamiento-2.jpg?w=698&amp;ssl=1 698w, https:\/\/i0.wp.com\/eltrabajo.cl\/portal\/wp-content\/uploads\/2021\/02\/volcamiento-2.jpg?resize=300%2C205&amp;ssl=1 300w, https:\/\/i0.wp.com\/eltrabajo.cl\/portal\/wp-content\/uploads\/2021\/02\/volcamiento-2.jpg?resize=200%2C137&amp;ssl=1 200w, https:\/\/i0.wp.com\/eltrabajo.cl\/portal\/wp-content\/uploads\/2021\/02\/volcamiento-2.jpg?resize=218%2C150&amp;ssl=1 218w, https:\/\/i0.wp.com\/eltrabajo.cl\/portal\/wp-content\/uploads\/2021\/02\/volcamiento-2.jpg?resize=696%2C476&amp;ssl=1 696w\" sizes=\"auto, (max-width: 640px) 100vw, 640px\" \/><figcaption id=\"caption-attachment-106173\" class=\"wp-caption-text\">Personal del SAMU, Bomberos y Carabineros trabajaron en el lugar. (Imagen gentileza Putaendo Informa).<\/figcaption><\/figure>\n","protected":false},"excerpt":{"rendered":"<p>El hecho ocurri\u00f3 en el sector de Las Coimas y dej\u00f3 a los dos menores con heridas de gravedad.- Un grave accidente vehicular se produjo la ma\u00f1ana de ayer lunes cuando a&#8230;<\/p>\n","protected":false},"author":482,"featured_media":106172,"comment_status":"closed","ping_status":"open","sticky":false,"template":"","format":"standard","meta":{"advanced_seo_description":"","jetpack_seo_html_title":"","jetpack_seo_noindex":false,"_jetpack_memberships_contains_paid_content":false,"footnotes":""},"categories":[21],"tags":[],"class_list":["post-106171","post","type-post","status-publish","format-standard","has-post-thumbnail","hentry","category-policial"],"jetpack_featured_media_url":"https:\/\/i0.wp.com\/eltrabajo.cl\/portal\/wp-content\/uploads\/2021\/02\/volcamiento-1.jpg?fit=698%2C473&ssl=1","jetpack_sharing_enabled":true,"jetpack_likes_enabled":true,"jetpack-related-posts":[],"_links":{"self":[{"href":"https:\/\/eltrabajo.cl\/portal\/wp-json\/wp\/v2\/posts\/106171","targetHints":{"allow":["GET"]}}],"collection":[{"href":"https:\/\/eltrabajo.cl\/portal\/wp-json\/wp\/v2\/posts"}],"about":[{"href":"https:\/\/eltrabajo.cl\/portal\/wp-json\/wp\/v2\/types\/post"}],"author":[{"embeddable":true,"href":"https:\/\/eltrabajo.cl\/portal\/wp-json\/wp\/v2\/users\/482"}],"replies":[{"embeddable":true,"href":"https:\/\/eltrabajo.cl\/portal\/wp-json\/wp\/v2\/comments?post=106171"}],"version-history":[{"count":0,"href":"https:\/\/eltrabajo.cl\/portal\/wp-json\/wp\/v2\/posts\/106171\/revisions"}],"wp:featuredmedia":[{"embeddable":true,"href":"https:\/\/eltrabajo.cl\/portal\/wp-json\/wp\/v2\/media\/106172"}],"wp:attachment":[{"href":"https:\/\/eltrabajo.cl\/portal\/wp-json\/wp\/v2\/media?parent=106171"}],"wp:term":[{"taxonomy":"category","embeddable":true,"href":"https:\/\/eltrabajo.cl\/portal\/wp-json\/wp\/v2\/categories?post=106171"},{"taxonomy":"post_tag","embeddable":true,"href":"https:\/\/eltrabajo.cl\/portal\/wp-json\/wp\/v2\/tags?post=106171"}],"curies":[{"name":"wp","href":"https:\/\/api.w.org\/{rel}","templated":true}]}}