{"id":106193,"date":"2021-02-24T07:45:17","date_gmt":"2021-02-24T10:45:17","guid":{"rendered":"https:\/\/www.eltrabajo.cl\/portal\/?p=106193"},"modified":"2021-02-23T23:25:13","modified_gmt":"2021-02-24T02:25:13","slug":"presidente-futbol-amateur-sanfelipeno-asegura-que-este-ano-habra-un-torneo","status":"publish","type":"post","link":"https:\/\/eltrabajo.cl\/portal\/presidente-futbol-amateur-sanfelipeno-asegura-que-este-ano-habra-un-torneo\/","title":{"rendered":"Presidente f\u00fatbol amateur sanfelipe\u00f1o asegura que este a\u00f1o habr\u00e1 un torneo"},"content":{"rendered":"<p style=\"text-align: justify;\">La m\u00e1xima autoridad del f\u00fatbol aficionado local, <strong>Ra\u00fal Reinoso<\/strong>, cont\u00f3 a <strong>El Trabajo Deportivo<\/strong> que la idea para este 2021 es que se ponga fin a la prolongada detenci\u00f3n del campeonato sanfelipe\u00f1o. El directivo fue claro en que el retorno ser\u00e1 gradual, descartando de plano que se vuelva a la habitualidad de que en una sola jornada vieran acci\u00f3n las cuatro series adultas de cada club.<\/p>\n<p style=\"text-align: justify;\">Ra\u00fal Reinoso fue tajante respecto a que <em>\u00abhabr\u00e1 que ir adapt\u00e1ndose a la realidad que en su momento viva la comuna; es claro que con el proceso de vacunaci\u00f3n los \u00edndices bajar\u00e1n, lo que permitir\u00e1 que la ciudad avance de fase en el programa Paso a Paso, ese ser\u00e1 el momento en que se dar\u00e1n las condiciones del retorno. Lo claro eso s\u00ed, es que no todos tendr\u00e1n la posibilidad de jugar, pero s\u00ed estoy en condiciones de asegurar que este 2021 habr\u00e1 una competencia\u00bb,<\/em> dijo.<\/p>\n<figure id=\"attachment_106185\" aria-describedby=\"caption-attachment-106185\" style=\"width: 700px\" class=\"wp-caption alignnone\"><img data-recalc-dims=\"1\" loading=\"lazy\" decoding=\"async\" class=\"size-full wp-image-106185\" src=\"https:\/\/i0.wp.com\/www.eltrabajo.cl\/portal\/wp-content\/uploads\/2021\/02\/Raul-Reinoso.jpg?resize=640%2C520&#038;ssl=1\" alt=\"Ra\u00fal Reinoso est\u00e1 convencido que este a\u00f1o los futbolistas volver\u00e1n a las canchas.\" width=\"640\" height=\"520\" srcset=\"https:\/\/i0.wp.com\/eltrabajo.cl\/portal\/wp-content\/uploads\/2021\/02\/Raul-Reinoso.jpg?w=700&amp;ssl=1 700w, https:\/\/i0.wp.com\/eltrabajo.cl\/portal\/wp-content\/uploads\/2021\/02\/Raul-Reinoso.jpg?resize=300%2C244&amp;ssl=1 300w, https:\/\/i0.wp.com\/eltrabajo.cl\/portal\/wp-content\/uploads\/2021\/02\/Raul-Reinoso.jpg?resize=185%2C150&amp;ssl=1 185w, https:\/\/i0.wp.com\/eltrabajo.cl\/portal\/wp-content\/uploads\/2021\/02\/Raul-Reinoso.jpg?resize=696%2C566&amp;ssl=1 696w\" sizes=\"auto, (max-width: 640px) 100vw, 640px\" \/><figcaption id=\"caption-attachment-106185\" class=\"wp-caption-text\">Ra\u00fal Reinoso est\u00e1 convencido que este a\u00f1o los futbolistas volver\u00e1n a las canchas.<\/figcaption><\/figure>\n","protected":false},"excerpt":{"rendered":"<p>La m\u00e1xima autoridad del f\u00fatbol aficionado local, Ra\u00fal Reinoso, cont\u00f3 a El Trabajo Deportivo que la idea para este 2021 es que se ponga fin a la prolongada detenci\u00f3n del campeonato sanfelipe\u00f1o&#8230;.<\/p>\n","protected":false},"author":482,"featured_media":106185,"comment_status":"closed","ping_status":"open","sticky":false,"template":"","format":"standard","meta":{"advanced_seo_description":"","jetpack_seo_html_title":"","jetpack_seo_noindex":false,"_jetpack_memberships_contains_paid_content":false,"footnotes":""},"categories":[19],"tags":[],"class_list":["post-106193","post","type-post","status-publish","format-standard","has-post-thumbnail","hentry","category-deportes"],"jetpack_featured_media_url":"https:\/\/i0.wp.com\/eltrabajo.cl\/portal\/wp-content\/uploads\/2021\/02\/Raul-Reinoso.jpg?fit=700%2C569&ssl=1","jetpack_sharing_enabled":true,"jetpack_likes_enabled":true,"jetpack-related-posts":[],"_links":{"self":[{"href":"https:\/\/eltrabajo.cl\/portal\/wp-json\/wp\/v2\/posts\/106193","targetHints":{"allow":["GET"]}}],"collection":[{"href":"https:\/\/eltrabajo.cl\/portal\/wp-json\/wp\/v2\/posts"}],"about":[{"href":"https:\/\/eltrabajo.cl\/portal\/wp-json\/wp\/v2\/types\/post"}],"author":[{"embeddable":true,"href":"https:\/\/eltrabajo.cl\/portal\/wp-json\/wp\/v2\/users\/482"}],"replies":[{"embeddable":true,"href":"https:\/\/eltrabajo.cl\/portal\/wp-json\/wp\/v2\/comments?post=106193"}],"version-history":[{"count":0,"href":"https:\/\/eltrabajo.cl\/portal\/wp-json\/wp\/v2\/posts\/106193\/revisions"}],"wp:featuredmedia":[{"embeddable":true,"href":"https:\/\/eltrabajo.cl\/portal\/wp-json\/wp\/v2\/media\/106185"}],"wp:attachment":[{"href":"https:\/\/eltrabajo.cl\/portal\/wp-json\/wp\/v2\/media?parent=106193"}],"wp:term":[{"taxonomy":"category","embeddable":true,"href":"https:\/\/eltrabajo.cl\/portal\/wp-json\/wp\/v2\/categories?post=106193"},{"taxonomy":"post_tag","embeddable":true,"href":"https:\/\/eltrabajo.cl\/portal\/wp-json\/wp\/v2\/tags?post=106193"}],"curies":[{"name":"wp","href":"https:\/\/api.w.org\/{rel}","templated":true}]}}