{"id":106328,"date":"2021-03-01T07:45:31","date_gmt":"2021-03-01T10:45:31","guid":{"rendered":"https:\/\/www.eltrabajo.cl\/portal\/?p=106328"},"modified":"2021-02-28T21:57:36","modified_gmt":"2021-03-01T00:57:36","slug":"riardo-cobarrubias-cuando-voy-por-la-calle-todavia-me-llaman-concejal","status":"publish","type":"post","link":"https:\/\/eltrabajo.cl\/portal\/riardo-cobarrubias-cuando-voy-por-la-calle-todavia-me-llaman-concejal\/","title":{"rendered":"Riardo Cobarrubias: \u00abCuando voy por la calle todav\u00eda me llaman concejal\u00bb"},"content":{"rendered":"<p style=\"text-align: left;\"><span style=\"color: #ff0000;\"><strong>\u2018El Kako\u2019 se presenta nuevamente como candidato a concejal:<\/strong><\/span><\/p>\n<p style=\"text-align: justify;\">Han pasado poco m\u00e1s de cuatro a\u00f1os desde que <strong>Ricardo<\/strong> \u2018<strong>Cako<\/strong>\u2019 <strong>Covarrubias<\/strong> dej\u00f3 la concejal\u00eda de San Felipe, despu\u00e9s de haber perdido con la segunda mayor\u00eda por solamente tres votos en la cifra repartidora y a pesar de ello, los sanfelipe\u00f1os lo recuerdan como concejal cuando lo ven por las calles de la ciudad, fuimos testigos de ello, cuando le dicen \u2018\u00bfc\u00f3mo est\u00e1 concejal?\u2019, lo que implic\u00f3 que sea una de las opciones para las elecciones del pr\u00f3ximo 11 de abril.<\/p>\n<p style=\"text-align: justify;\">El \u2018Cako\u2019 Se siente un poco inc\u00f3modo porque no le gusta hablar de \u00e9l, pero esta vez lo calzamos para hablar de lo humano y lo divino de \u2018Kako\u2019 Covarrubias en su bicicleta, y le recordamos que hizo programas radiales y televisivos de corte cultural, y despu\u00e9s incursion\u00f3 en el \u00e1mbito reporteril deportivo, llenando columnas y p\u00e1ginas completas en sus m\u00e1s variadas disciplinas, en donde se sintieron apoyados los voleibolistas, basquetbolistas, handbolistas, futbolistas, atletas, gimnastas y tantos otros deportistas.<\/p>\n<p style=\"text-align: justify;\">\u00ab<em>Hola, recuerdo cuando me entrevistaste cuando reci\u00e9n me hab\u00eda operado de la vista y parece que echaron a correr el comentario de que hab\u00eda quedado ciego, pero qued\u00e9 muy bien y ahora estoy en esta carrera de ir nuevamente para un cupo para concejal<\/em>\u00bb, manifest\u00f3 Covarrubias.<\/p>\n<p style=\"text-align: justify;\">\n<p style=\"text-align: justify;\"><span style=\"color: #ff0000;\"><strong>NO VA SOLO<\/strong><\/span><\/p>\n<p style=\"text-align: justify;\">Le preguntamos si percibi\u00f3 el cambio el estar un per\u00edodo fuera del Concejo Municipal y nos responde que \u00ab<em>para nada, las vecinas y vecinos d\u00eda a d\u00eda me solicitaron que les ayudara a hacer gestiones sobre programas y proyectos barriales para presentarlos en las distintas instancias y ayudar a resolver sus reales problemas, sean estos comunitarios, sociales o particulares, y eso es importante como servidor p\u00fablico, porque quiere decir que hay credibilidad de la gente en lo que uno hace<\/em>\u00bb, dijo.<\/p>\n<p style=\"text-align: justify;\">Covarrubias dice que su campa\u00f1a va de la mano con la propuesta de un programa de gobierno municipal que encabeza el candidato a alcalde <strong>Boris Aedo<\/strong>, y como viejo militante se ha encargado de darlo a conocer a los sanfelipe\u00f1os, \u00ab<em>en ese sentido tenemos cuatro ejes rectores basados en la transparencia, innovaci\u00f3n, municipio en terreno y participaci\u00f3n real y vinculante de nuestra comunidad, integrados por nueve \u00e1reas en las que figuran salud, educaci\u00f3n, deportes, inclusi\u00f3n, cultura, medio ambiente, ordenamiento territorial, gesti\u00f3n municipal y \u00e1rea productiva comunal<\/em>\u00bb, todo ello inserto en el pacto Chile Digno, Verde y Soberano.<\/p>\n<p style=\"text-align: justify;\">En el mismo tenor, nos especifica que esta propuesta no est\u00e1 confeccionada de un d\u00eda para otro, y tampoco como una lista de compra de art\u00edculos de supermercado, \u00ab<em>es un trabajo fundamentado en cuarenta y dos p\u00e1ginas y que fue protocolizado ante notario p\u00fablico con la finalidad de que nuestros vecinos si logramos la victoria, nos exijan el cumplimiento de este programa, el que est\u00e1 dise\u00f1ado con el mismo presupuesto municipal aprobado por el actual concejo para financiarlo<\/em>\u00bb.<\/p>\n<p style=\"text-align: justify;\">Finalmente debemos se\u00f1alar que Ricardo Covarrubias hizo un llamado a apoyar la <strong>Lista<\/strong> \u2018<strong>M<\/strong>\u2019, \u00absiento que es abuso de mi parte aprovecharme de esta instancia, pero lo \u00fanico que le pido a la comunidad sanfelipe\u00f1a es que participen de este proceso electoral venidero porque Chile requiere cambios profundos y serios, en lo que son concejal\u00edas, alcalde, constituyentes y gobernador regional, lo que debe quedar refrendado en la consecuencia colectiva de las demandas sociales exigidas en la calle por nuestro pueblo en octubre de 2019\u00bb, concluy\u00f3.<\/p>\n<p style=\"text-align: justify;\"><strong>Roberto Gonz\u00e1lez Short<\/strong><\/p>\n<figure id=\"attachment_106329\" aria-describedby=\"caption-attachment-106329\" style=\"width: 700px\" class=\"wp-caption alignnone\"><img data-recalc-dims=\"1\" loading=\"lazy\" decoding=\"async\" class=\"size-full wp-image-106329\" src=\"https:\/\/i0.wp.com\/eltrabajo.cl\/portal\/wp-content\/uploads\/2021\/02\/Cako_Ricardo-Cobarrubias.jpg?resize=640%2C480&#038;ssl=1\" alt=\"EL CANDIDATO.- Ricardo Covarrubias, exconcejal de San Felipe que busca regresar al Concejo de nuestra ciudad.\" width=\"640\" height=\"480\" srcset=\"https:\/\/i0.wp.com\/eltrabajo.cl\/portal\/wp-content\/uploads\/2021\/02\/Cako_Ricardo-Cobarrubias.jpg?w=700&amp;ssl=1 700w, https:\/\/i0.wp.com\/eltrabajo.cl\/portal\/wp-content\/uploads\/2021\/02\/Cako_Ricardo-Cobarrubias.jpg?resize=300%2C225&amp;ssl=1 300w, https:\/\/i0.wp.com\/eltrabajo.cl\/portal\/wp-content\/uploads\/2021\/02\/Cako_Ricardo-Cobarrubias.jpg?resize=200%2C150&amp;ssl=1 200w, https:\/\/i0.wp.com\/eltrabajo.cl\/portal\/wp-content\/uploads\/2021\/02\/Cako_Ricardo-Cobarrubias.jpg?resize=696%2C522&amp;ssl=1 696w\" sizes=\"auto, (max-width: 640px) 100vw, 640px\" \/><figcaption id=\"caption-attachment-106329\" class=\"wp-caption-text\">EL CANDIDATO.- Ricardo Covarrubias, exconcejal de San Felipe que busca regresar al Concejo de nuestra ciudad.<\/figcaption><\/figure>\n","protected":false},"excerpt":{"rendered":"<p>\u2018El Kako\u2019 se presenta nuevamente como candidato a concejal: Han pasado poco m\u00e1s de cuatro a\u00f1os desde que Ricardo \u2018Cako\u2019 Covarrubias dej\u00f3 la concejal\u00eda de San Felipe, despu\u00e9s de haber perdido con&#8230;<\/p>\n","protected":false},"author":482,"featured_media":106329,"comment_status":"closed","ping_status":"open","sticky":false,"template":"","format":"standard","meta":{"advanced_seo_description":"","jetpack_seo_html_title":"","jetpack_seo_noindex":false,"_jetpack_memberships_contains_paid_content":false,"footnotes":""},"categories":[16],"tags":[],"class_list":["post-106328","post","type-post","status-publish","format-standard","has-post-thumbnail","hentry","category-politica"],"jetpack_featured_media_url":"https:\/\/i0.wp.com\/eltrabajo.cl\/portal\/wp-content\/uploads\/2021\/02\/Cako_Ricardo-Cobarrubias.jpg?fit=700%2C525&ssl=1","jetpack_sharing_enabled":true,"jetpack_likes_enabled":true,"jetpack-related-posts":[],"_links":{"self":[{"href":"https:\/\/eltrabajo.cl\/portal\/wp-json\/wp\/v2\/posts\/106328","targetHints":{"allow":["GET"]}}],"collection":[{"href":"https:\/\/eltrabajo.cl\/portal\/wp-json\/wp\/v2\/posts"}],"about":[{"href":"https:\/\/eltrabajo.cl\/portal\/wp-json\/wp\/v2\/types\/post"}],"author":[{"embeddable":true,"href":"https:\/\/eltrabajo.cl\/portal\/wp-json\/wp\/v2\/users\/482"}],"replies":[{"embeddable":true,"href":"https:\/\/eltrabajo.cl\/portal\/wp-json\/wp\/v2\/comments?post=106328"}],"version-history":[{"count":0,"href":"https:\/\/eltrabajo.cl\/portal\/wp-json\/wp\/v2\/posts\/106328\/revisions"}],"wp:featuredmedia":[{"embeddable":true,"href":"https:\/\/eltrabajo.cl\/portal\/wp-json\/wp\/v2\/media\/106329"}],"wp:attachment":[{"href":"https:\/\/eltrabajo.cl\/portal\/wp-json\/wp\/v2\/media?parent=106328"}],"wp:term":[{"taxonomy":"category","embeddable":true,"href":"https:\/\/eltrabajo.cl\/portal\/wp-json\/wp\/v2\/categories?post=106328"},{"taxonomy":"post_tag","embeddable":true,"href":"https:\/\/eltrabajo.cl\/portal\/wp-json\/wp\/v2\/tags?post=106328"}],"curies":[{"name":"wp","href":"https:\/\/api.w.org\/{rel}","templated":true}]}}