{"id":106385,"date":"2021-03-03T07:35:58","date_gmt":"2021-03-03T10:35:58","guid":{"rendered":"https:\/\/www.eltrabajo.cl\/portal\/?p=106385"},"modified":"2021-03-02T21:51:44","modified_gmt":"2021-03-03T00:51:44","slug":"union-san-felipe-sumo-un-nuevo-refuerzo","status":"publish","type":"post","link":"https:\/\/eltrabajo.cl\/portal\/union-san-felipe-sumo-un-nuevo-refuerzo\/","title":{"rendered":"Uni\u00f3n San Felipe sum\u00f3 un nuevo refuerzo"},"content":{"rendered":"<p style=\"text-align: justify;\">El volante argentino de 27 a\u00f1os de edad, <strong>Ricardo Rosales<\/strong>, se convirti\u00f3 en otra de las altas de Uni\u00f3n San Felipe para la temporada 2021 de la Primera B. El mediocampista ha tenido un amplio recorrido por clubes del ascenso trasandino, donde defendi\u00f3 varias camisetas.<\/p>\n<p style=\"text-align: justify;\">Nacido futbol\u00edsticamente en Godoy Cruz, el jugador mendocino tiene como punto alto en su historial el haber sido seleccionado argentino en la categor\u00eda sub- 20 en el equipo que el a\u00f1o 2013 dirigi\u00f3 Marcelo Trobbiani.<\/p>\n<p style=\"text-align: justify;\">La \u00faltima estad\u00eda de Ricardo Rosales fue Cobreloa, club donde no tuvo mayor participaci\u00f3n, por lo que su arribo a Uni\u00f3n San Felipe es visto como una segunda oportunidad en el f\u00fatbol chileno, donde el jugador busca hacerse un nombre.<\/p>\n<p style=\"text-align: justify;\">Ricardo Rosales ya se integr\u00f3 al plantel sanfelipe\u00f1o en la jornada del lunes, d\u00eda en el que el plantel de honor albirrojo inici\u00f3 el trabajo de pretemporada.<\/p>\n<p style=\"text-align: justify;\">\n<p style=\"text-align: justify;\"><strong>Ficha T\u00e9cnica<\/strong><\/p>\n<p style=\"text-align: justify;\">Nombre Completo: Ricardo Emanuel Rosales<\/p>\n<p style=\"text-align: justify;\">Ciudad Natal: Mendoza<\/p>\n<p style=\"text-align: justify;\">Fecha de nacimiento: 06- 06- 1993<\/p>\n<p style=\"text-align: justify;\">Edad: 27 a\u00f1os<\/p>\n<p style=\"text-align: justify;\">Estatura: 1,66 metros<\/p>\n<p style=\"text-align: justify;\">Carrera Profesional<\/p>\n<p style=\"text-align: justify;\">2015: Motagua (Honduras)<\/p>\n<p style=\"text-align: justify;\">2016: Hurac\u00e1n Las Heras (Argentina)<\/p>\n<p style=\"text-align: justify;\">2016-2017: Guti\u00e9rrez SC (Argentina)<\/p>\n<p style=\"text-align: justify;\">2017: Lujan (Argentina)<\/p>\n<p style=\"text-align: justify;\">2018-2019: All Boys (Argentina)<\/p>\n<p style=\"text-align: justify;\">2019: San Miguel (Argentina)<\/p>\n<p style=\"text-align: justify;\">2020: Cobreloa<\/p>\n<figure id=\"attachment_106386\" aria-describedby=\"caption-attachment-106386\" style=\"width: 700px\" class=\"wp-caption alignnone\"><img data-recalc-dims=\"1\" loading=\"lazy\" decoding=\"async\" class=\"size-full wp-image-106386\" src=\"https:\/\/i0.wp.com\/eltrabajo.cl\/portal\/wp-content\/uploads\/2021\/03\/Ricardo-Rosales-copia.jpg?resize=640%2C401&#038;ssl=1\" alt=\"Ricardo Rosales es por ahora la \u00faltima incorporaci\u00f3n del Un\u00ed Un\u00ed para esta temporada.\" width=\"640\" height=\"401\" srcset=\"https:\/\/i0.wp.com\/eltrabajo.cl\/portal\/wp-content\/uploads\/2021\/03\/Ricardo-Rosales-copia.jpg?w=700&amp;ssl=1 700w, https:\/\/i0.wp.com\/eltrabajo.cl\/portal\/wp-content\/uploads\/2021\/03\/Ricardo-Rosales-copia.jpg?resize=300%2C188&amp;ssl=1 300w, https:\/\/i0.wp.com\/eltrabajo.cl\/portal\/wp-content\/uploads\/2021\/03\/Ricardo-Rosales-copia.jpg?resize=200%2C125&amp;ssl=1 200w, https:\/\/i0.wp.com\/eltrabajo.cl\/portal\/wp-content\/uploads\/2021\/03\/Ricardo-Rosales-copia.jpg?resize=696%2C436&amp;ssl=1 696w\" sizes=\"auto, (max-width: 640px) 100vw, 640px\" \/><figcaption id=\"caption-attachment-106386\" class=\"wp-caption-text\">Ricardo Rosales es por ahora la \u00faltima incorporaci\u00f3n del Un\u00ed Un\u00ed para esta temporada.<\/figcaption><\/figure>\n","protected":false},"excerpt":{"rendered":"<p>El volante argentino de 27 a\u00f1os de edad, Ricardo Rosales, se convirti\u00f3 en otra de las altas de Uni\u00f3n San Felipe para la temporada 2021 de la Primera B. El mediocampista ha&#8230;<\/p>\n","protected":false},"author":482,"featured_media":106386,"comment_status":"closed","ping_status":"open","sticky":false,"template":"","format":"standard","meta":{"advanced_seo_description":"","jetpack_seo_html_title":"","jetpack_seo_noindex":false,"_jetpack_memberships_contains_paid_content":false,"footnotes":""},"categories":[19],"tags":[],"class_list":["post-106385","post","type-post","status-publish","format-standard","has-post-thumbnail","hentry","category-deportes"],"jetpack_featured_media_url":"https:\/\/i0.wp.com\/eltrabajo.cl\/portal\/wp-content\/uploads\/2021\/03\/Ricardo-Rosales-copia.jpg?fit=700%2C439&ssl=1","jetpack_sharing_enabled":true,"jetpack_likes_enabled":true,"jetpack-related-posts":[],"_links":{"self":[{"href":"https:\/\/eltrabajo.cl\/portal\/wp-json\/wp\/v2\/posts\/106385","targetHints":{"allow":["GET"]}}],"collection":[{"href":"https:\/\/eltrabajo.cl\/portal\/wp-json\/wp\/v2\/posts"}],"about":[{"href":"https:\/\/eltrabajo.cl\/portal\/wp-json\/wp\/v2\/types\/post"}],"author":[{"embeddable":true,"href":"https:\/\/eltrabajo.cl\/portal\/wp-json\/wp\/v2\/users\/482"}],"replies":[{"embeddable":true,"href":"https:\/\/eltrabajo.cl\/portal\/wp-json\/wp\/v2\/comments?post=106385"}],"version-history":[{"count":0,"href":"https:\/\/eltrabajo.cl\/portal\/wp-json\/wp\/v2\/posts\/106385\/revisions"}],"wp:featuredmedia":[{"embeddable":true,"href":"https:\/\/eltrabajo.cl\/portal\/wp-json\/wp\/v2\/media\/106386"}],"wp:attachment":[{"href":"https:\/\/eltrabajo.cl\/portal\/wp-json\/wp\/v2\/media?parent=106385"}],"wp:term":[{"taxonomy":"category","embeddable":true,"href":"https:\/\/eltrabajo.cl\/portal\/wp-json\/wp\/v2\/categories?post=106385"},{"taxonomy":"post_tag","embeddable":true,"href":"https:\/\/eltrabajo.cl\/portal\/wp-json\/wp\/v2\/tags?post=106385"}],"curies":[{"name":"wp","href":"https:\/\/api.w.org\/{rel}","templated":true}]}}