{"id":106430,"date":"2021-03-04T07:45:58","date_gmt":"2021-03-04T10:45:58","guid":{"rendered":"https:\/\/www.eltrabajo.cl\/portal\/?p=106430"},"modified":"2021-03-03T23:13:25","modified_gmt":"2021-03-04T02:13:25","slug":"el-centro-de-futbolistas-de-san-felipe-al-fin-tendra-su-sede","status":"publish","type":"post","link":"https:\/\/eltrabajo.cl\/portal\/el-centro-de-futbolistas-de-san-felipe-al-fin-tendra-su-sede\/","title":{"rendered":"El Centro de Futbolistas de San Felipe al fin tendr\u00e1 su sede"},"content":{"rendered":"<ul style=\"text-align: justify;\">\n<li style=\"text-align: left;\">Despu\u00e9s de una espera de 18 a\u00f1os<\/li>\n<\/ul>\n<p style=\"text-align: justify;\">Tras casi dos d\u00e9cadas en las que infructuosamente intentaron tener su \u2018casa propia\u2019, ayer mi\u00e9rcoles el Centro de Futbolistas de San Felipe dio el primer paso para cumplir ese anhelo tras ser notificados por el alcalde <strong>Christian Beals<\/strong> que en cosa de d\u00edas podr\u00e1n disponer de su sede.\u00a0 Este grupo de deportistas se compone de distintas generaciones y entre ellos se cuentan las glorias de Uni\u00f3n San Felipe.<\/p>\n<p style=\"text-align: justify;\">A la cita que tuvo lugar en la oficina de la primera autoridad comunal, acudieron los hist\u00f3ricos <strong>Antonio \u2018Cocoa\u2019 Villarroel<\/strong> y <strong>Alex G\u00e1rate<\/strong>, quienes se mostraron visiblemente emocionados por la noticia que les entreg\u00f3 el edil.<\/p>\n<p style=\"text-align: justify;\">El primero en hablar fue el presidente del centro de futbolistas, \u2018Cocoa\u2019 Villarroel, se\u00f1alando que <em>\u00abla verdad es que esto es el inicio de la culminaci\u00f3n de un sue\u00f1o que ya ha esperado muchos a\u00f1os; estamos muy agradecidos del alcalde Beals, que ha sido la \u00fanica autoridad que de manera real ha estado junto a nosotros sin ninguna condici\u00f3n. Esta agrupaci\u00f3n necesita un lugar y gracias a Dios hoy comenzamos a acercarnos a ese objetivo\u00bb,<\/em> coment\u00f3 el hist\u00f3rico integrante del equipo campe\u00f3n en los a\u00f1os 70 \u2013 71.<\/p>\n<p style=\"text-align: justify;\">Por su parte el tambi\u00e9n ex Un\u00ed Un\u00ed, Alex G\u00e1rate, reflexion\u00f3: <em>\u00abSiempre hemos tenido una gran recepci\u00f3n por parte del alcalde. La verdad estamos muy felices de poder tener donde reunirnos, porque no hay que olvidar que nuestra agrupaci\u00f3n se compone adem\u00e1s de mucha gente adulta mayor que necesita un espacio para poder compartir; nos vamos felices porque esta es una noticia que esper\u00e1bamos por 18 a\u00f1os\u00bb.<\/em><\/p>\n<figure id=\"attachment_106431\" aria-describedby=\"caption-attachment-106431\" style=\"width: 698px\" class=\"wp-caption alignnone\"><img data-recalc-dims=\"1\" loading=\"lazy\" decoding=\"async\" class=\"size-full wp-image-106431\" src=\"https:\/\/i0.wp.com\/eltrabajo.cl\/portal\/wp-content\/uploads\/2021\/03\/Reunion.jpg?resize=640%2C385&#038;ssl=1\" alt=\"El alcalde Christian Beals comunic\u00f3 a los directivos del Centro de Futbolistas que en cosa de d\u00edas tendr\u00e1n su sede.\" width=\"640\" height=\"385\" srcset=\"https:\/\/i0.wp.com\/eltrabajo.cl\/portal\/wp-content\/uploads\/2021\/03\/Reunion.jpg?w=698&amp;ssl=1 698w, https:\/\/i0.wp.com\/eltrabajo.cl\/portal\/wp-content\/uploads\/2021\/03\/Reunion.jpg?resize=300%2C181&amp;ssl=1 300w, https:\/\/i0.wp.com\/eltrabajo.cl\/portal\/wp-content\/uploads\/2021\/03\/Reunion.jpg?resize=200%2C120&amp;ssl=1 200w, https:\/\/i0.wp.com\/eltrabajo.cl\/portal\/wp-content\/uploads\/2021\/03\/Reunion.jpg?resize=696%2C419&amp;ssl=1 696w\" sizes=\"auto, (max-width: 640px) 100vw, 640px\" \/><figcaption id=\"caption-attachment-106431\" class=\"wp-caption-text\">El alcalde Christian Beals comunic\u00f3 a los directivos del Centro de Futbolistas que en cosa de d\u00edas tendr\u00e1n su sede.<\/figcaption><\/figure>\n","protected":false},"excerpt":{"rendered":"<p>Despu\u00e9s de una espera de 18 a\u00f1os Tras casi dos d\u00e9cadas en las que infructuosamente intentaron tener su \u2018casa propia\u2019, ayer mi\u00e9rcoles el Centro de Futbolistas de San Felipe dio el primer&#8230;<\/p>\n","protected":false},"author":482,"featured_media":106431,"comment_status":"closed","ping_status":"open","sticky":false,"template":"","format":"standard","meta":{"advanced_seo_description":"","jetpack_seo_html_title":"","jetpack_seo_noindex":false,"_jetpack_memberships_contains_paid_content":false,"footnotes":""},"categories":[19],"tags":[],"class_list":["post-106430","post","type-post","status-publish","format-standard","has-post-thumbnail","hentry","category-deportes"],"jetpack_featured_media_url":"https:\/\/i0.wp.com\/eltrabajo.cl\/portal\/wp-content\/uploads\/2021\/03\/Reunion.jpg?fit=698%2C420&ssl=1","jetpack_sharing_enabled":true,"jetpack_likes_enabled":true,"jetpack-related-posts":[],"_links":{"self":[{"href":"https:\/\/eltrabajo.cl\/portal\/wp-json\/wp\/v2\/posts\/106430","targetHints":{"allow":["GET"]}}],"collection":[{"href":"https:\/\/eltrabajo.cl\/portal\/wp-json\/wp\/v2\/posts"}],"about":[{"href":"https:\/\/eltrabajo.cl\/portal\/wp-json\/wp\/v2\/types\/post"}],"author":[{"embeddable":true,"href":"https:\/\/eltrabajo.cl\/portal\/wp-json\/wp\/v2\/users\/482"}],"replies":[{"embeddable":true,"href":"https:\/\/eltrabajo.cl\/portal\/wp-json\/wp\/v2\/comments?post=106430"}],"version-history":[{"count":0,"href":"https:\/\/eltrabajo.cl\/portal\/wp-json\/wp\/v2\/posts\/106430\/revisions"}],"wp:featuredmedia":[{"embeddable":true,"href":"https:\/\/eltrabajo.cl\/portal\/wp-json\/wp\/v2\/media\/106431"}],"wp:attachment":[{"href":"https:\/\/eltrabajo.cl\/portal\/wp-json\/wp\/v2\/media?parent=106430"}],"wp:term":[{"taxonomy":"category","embeddable":true,"href":"https:\/\/eltrabajo.cl\/portal\/wp-json\/wp\/v2\/categories?post=106430"},{"taxonomy":"post_tag","embeddable":true,"href":"https:\/\/eltrabajo.cl\/portal\/wp-json\/wp\/v2\/tags?post=106430"}],"curies":[{"name":"wp","href":"https:\/\/api.w.org\/{rel}","templated":true}]}}