{"id":106559,"date":"2021-03-09T07:50:29","date_gmt":"2021-03-09T10:50:29","guid":{"rendered":"https:\/\/www.eltrabajo.cl\/portal\/?p=106559"},"modified":"2021-03-08T21:47:15","modified_gmt":"2021-03-09T00:47:15","slug":"daniela-fernandez-una-deportista-que-logra-todo-lo-que-se-propone","status":"publish","type":"post","link":"https:\/\/eltrabajo.cl\/portal\/daniela-fernandez-una-deportista-que-logra-todo-lo-que-se-propone\/","title":{"rendered":"Daniela Fern\u00e1ndez: Una deportista que logra todo lo que se propone\u00a0"},"content":{"rendered":"<p style=\"text-align: justify;\">La destacada deportista sanfelipe\u00f1a, <strong>Daniela Fern\u00e1ndez<\/strong>, cont\u00f3 a <strong>El Trabajo Deportivo<\/strong> c\u00f3mo han sido estos d\u00edas de Pandemia.<\/p>\n<p style=\"text-align: justify;\">La campeona nacional de Tiro ayer iba a hacer condecorada por el Comit\u00e9 Ol\u00edmpico de Chile, pero la ceremonia que se enmarcaba en la conmemoraci\u00f3n del D\u00eda De La Mujer no se pudo realizar debido a que \u00d1u\u00f1oa retrocedi\u00f3 a la fase 2 del plan Paso a Paso.<\/p>\n<p style=\"text-align: justify;\">\u00ab<em>Nos lleg\u00f3 un comunicado donde se nos inform\u00f3 que la actividad se aplazar\u00eda hasta una nueva oportunidad, lo cual es completamente entendible\u00bb,<\/em> se\u00f1al\u00f3 a nuestro medio.<\/p>\n<p style=\"text-align: justify;\">Independiente que la ceremonia no se hubiese realizado, no es menor el hecho de constatar que la integrante de la rama de Tiro del Prat est\u00e1 alcanzando alturas mayores, cosa que en todo caso se toma con calma ya que <em>\u00absiempre es bueno ser considerada, pero esto es solo trabajo y mucho entrenamiento. Ahora hay que esperar que todo vuelva a normalizarse para poder retomar la pr\u00e1ctica, ya sea ac\u00e1 o en Santiago\u00bb,<\/em> dijo.<\/p>\n<p style=\"text-align: justify;\">Al igual que muchas mujeres, Daniela tambi\u00e9n debe enfocarse en otras labores tan importantes como el deporte, como es el caso de ser mam\u00e1, lo que le da un grado extra de valor a lo que hace en su disciplina. <em>\u00abEl deporte que practico antes era machista, pero felizmente las cosas han ido cambiando, porque las mujeres podemos hacer cualquier actividad y as\u00ed lograr todo lo que nos propongamos\u00bb,<\/em> destac\u00f3.<\/p>\n<figure id=\"attachment_106560\" aria-describedby=\"caption-attachment-106560\" style=\"width: 699px\" class=\"wp-caption alignnone\"><img data-recalc-dims=\"1\" loading=\"lazy\" decoding=\"async\" class=\"size-full wp-image-106560\" src=\"https:\/\/i0.wp.com\/eltrabajo.cl\/portal\/wp-content\/uploads\/2021\/03\/daniela-fernandez.jpg?resize=640%2C427&#038;ssl=1\" alt=\"Daniela Fern\u00e1ndez en plena acci\u00f3n en una de las competencias donde demuestra que es la mejor de Chile.\" width=\"640\" height=\"427\" srcset=\"https:\/\/i0.wp.com\/eltrabajo.cl\/portal\/wp-content\/uploads\/2021\/03\/daniela-fernandez.jpg?w=699&amp;ssl=1 699w, https:\/\/i0.wp.com\/eltrabajo.cl\/portal\/wp-content\/uploads\/2021\/03\/daniela-fernandez.jpg?resize=300%2C200&amp;ssl=1 300w, https:\/\/i0.wp.com\/eltrabajo.cl\/portal\/wp-content\/uploads\/2021\/03\/daniela-fernandez.jpg?resize=200%2C133&amp;ssl=1 200w, https:\/\/i0.wp.com\/eltrabajo.cl\/portal\/wp-content\/uploads\/2021\/03\/daniela-fernandez.jpg?resize=696%2C464&amp;ssl=1 696w\" sizes=\"auto, (max-width: 640px) 100vw, 640px\" \/><figcaption id=\"caption-attachment-106560\" class=\"wp-caption-text\">Daniela Fern\u00e1ndez en plena acci\u00f3n en una de las competencias donde demuestra que es la mejor de Chile.<\/figcaption><\/figure>\n","protected":false},"excerpt":{"rendered":"<p>La destacada deportista sanfelipe\u00f1a, Daniela Fern\u00e1ndez, cont\u00f3 a El Trabajo Deportivo c\u00f3mo han sido estos d\u00edas de Pandemia. La campeona nacional de Tiro ayer iba a hacer condecorada por el Comit\u00e9 Ol\u00edmpico&#8230;<\/p>\n","protected":false},"author":482,"featured_media":106560,"comment_status":"closed","ping_status":"open","sticky":false,"template":"","format":"standard","meta":{"advanced_seo_description":"","jetpack_seo_html_title":"","jetpack_seo_noindex":false,"_jetpack_memberships_contains_paid_content":false,"footnotes":""},"categories":[19],"tags":[],"class_list":["post-106559","post","type-post","status-publish","format-standard","has-post-thumbnail","hentry","category-deportes"],"jetpack_featured_media_url":"https:\/\/i0.wp.com\/eltrabajo.cl\/portal\/wp-content\/uploads\/2021\/03\/daniela-fernandez.jpg?fit=699%2C466&ssl=1","jetpack_sharing_enabled":true,"jetpack_likes_enabled":true,"jetpack-related-posts":[],"_links":{"self":[{"href":"https:\/\/eltrabajo.cl\/portal\/wp-json\/wp\/v2\/posts\/106559","targetHints":{"allow":["GET"]}}],"collection":[{"href":"https:\/\/eltrabajo.cl\/portal\/wp-json\/wp\/v2\/posts"}],"about":[{"href":"https:\/\/eltrabajo.cl\/portal\/wp-json\/wp\/v2\/types\/post"}],"author":[{"embeddable":true,"href":"https:\/\/eltrabajo.cl\/portal\/wp-json\/wp\/v2\/users\/482"}],"replies":[{"embeddable":true,"href":"https:\/\/eltrabajo.cl\/portal\/wp-json\/wp\/v2\/comments?post=106559"}],"version-history":[{"count":0,"href":"https:\/\/eltrabajo.cl\/portal\/wp-json\/wp\/v2\/posts\/106559\/revisions"}],"wp:featuredmedia":[{"embeddable":true,"href":"https:\/\/eltrabajo.cl\/portal\/wp-json\/wp\/v2\/media\/106560"}],"wp:attachment":[{"href":"https:\/\/eltrabajo.cl\/portal\/wp-json\/wp\/v2\/media?parent=106559"}],"wp:term":[{"taxonomy":"category","embeddable":true,"href":"https:\/\/eltrabajo.cl\/portal\/wp-json\/wp\/v2\/categories?post=106559"},{"taxonomy":"post_tag","embeddable":true,"href":"https:\/\/eltrabajo.cl\/portal\/wp-json\/wp\/v2\/tags?post=106559"}],"curies":[{"name":"wp","href":"https:\/\/api.w.org\/{rel}","templated":true}]}}