{"id":106592,"date":"2021-03-10T07:55:55","date_gmt":"2021-03-10T10:55:55","guid":{"rendered":"https:\/\/www.eltrabajo.cl\/portal\/?p=106592"},"modified":"2021-03-09T22:39:45","modified_gmt":"2021-03-10T01:39:45","slug":"el-deporte-de-curimon-se-ilusiona-con-futura-remodelacion-del-estadio-ejercito-libertador","status":"publish","type":"post","link":"https:\/\/eltrabajo.cl\/portal\/el-deporte-de-curimon-se-ilusiona-con-futura-remodelacion-del-estadio-ejercito-libertador\/","title":{"rendered":"El deporte de Curim\u00f3n se ilusiona con futura remodelaci\u00f3n del estadio Ej\u00e9rcito Libertador"},"content":{"rendered":"<p style=\"text-align: justify;\">Despu\u00e9s de casi medio siglo de espera, el balompi\u00e9 y el deporte del sector Curim\u00f3n ven m\u00e1s cerca que nunca la posibilidad que el estadio Ej\u00e9rcito Libertador pueda ser mejorado a niveles mayores, hasta convertirse en uno de los principales recintos deportivos de la ciudad y todo el valle de Aconcagua.<\/p>\n<p style=\"text-align: justify;\">D\u00edas atr\u00e1s el alcalde <strong>Cristian Beals<\/strong> se reuni\u00f3 con directivos y parte de la comunidad de esa hist\u00f3rica localidad de Aconcagua para informarles sobre el proyecto de mejoramiento del reducto que es utilizado por los clubes Alianza y Juventud Antoniana.<\/p>\n<p style=\"text-align: justify;\">Dentro de las mejoras que se introducir\u00e1n al estadio destacan: Camarines, servicios higi\u00e9nicos y las galer\u00edas, cosa que fue muy bien valorada por los asistentes que se mostraron ilusionados cuando los respectivos equipos t\u00e9cnicos del municipio les hicieron ver los planos. <em>\u00abLa gente de Curim\u00f3n se acostumbr\u00f3 a que hist\u00f3ricamente se le hicieran promesas que nunca se cumplieron. Yo comprendo que est\u00e9n esc\u00e9pticos, y los entiendo perfectamente porque nunca tuvieron respuestas, pero yo me compromet\u00ed a que esta vez no ser\u00e1 igual y que desde ahora comenzar\u00e1n a cambiar esa visi\u00f3n de que Curim\u00f3n est\u00e1 abandonado\u00bb,<\/em> expres\u00f3 el edil sanfelipe\u00f1o.<\/p>\n<p style=\"text-align: justify;\">En tanto el vecino <strong>Camilo Moya<\/strong>, uno de los asistentes a la cita, afirm\u00f3 sin poder disimular su ilusi\u00f3n: <em>\u00abEste es un proyecto fant\u00e1stico, desde el a\u00f1o 1973 que nosotros estamos luchando por un estadio digno y hoy veo que ese objetivo se puede cumplir. Siempre hemos sido el patio trasero de San Felipe, pero ahora vemos que se quiere cambiar esa imagen\u00bb.<\/em><\/p>\n<p style=\"text-align: justify;\">Otro de los asistentes al encuentro, <strong>Carlos Rojas<\/strong>, coment\u00f3: <em>\u00abLo que estamos viviendo en Curim\u00f3n es algo muy especial, por siempre el estadio ha sido el lugar de encuentro de nuestra comunidad. Estoy feliz de haber visto los planos, con eso ya hay una diferencia porque es claro que el proyecto existe\u00bb.<\/em><\/p>\n<figure id=\"attachment_106593\" aria-describedby=\"caption-attachment-106593\" style=\"width: 699px\" class=\"wp-caption alignnone\"><img data-recalc-dims=\"1\" loading=\"lazy\" decoding=\"async\" class=\"size-full wp-image-106593\" src=\"https:\/\/i0.wp.com\/eltrabajo.cl\/portal\/wp-content\/uploads\/2021\/03\/reunion-2.jpg?resize=640%2C300&#038;ssl=1\" alt=\"La autoridad convers\u00f3 y escuch\u00f3 atentamente sobre los anhelos del deporte en Curim\u00f3n.\" width=\"640\" height=\"300\" srcset=\"https:\/\/i0.wp.com\/eltrabajo.cl\/portal\/wp-content\/uploads\/2021\/03\/reunion-2.jpg?w=699&amp;ssl=1 699w, https:\/\/i0.wp.com\/eltrabajo.cl\/portal\/wp-content\/uploads\/2021\/03\/reunion-2.jpg?resize=300%2C141&amp;ssl=1 300w, https:\/\/i0.wp.com\/eltrabajo.cl\/portal\/wp-content\/uploads\/2021\/03\/reunion-2.jpg?resize=200%2C94&amp;ssl=1 200w, https:\/\/i0.wp.com\/eltrabajo.cl\/portal\/wp-content\/uploads\/2021\/03\/reunion-2.jpg?resize=696%2C327&amp;ssl=1 696w\" sizes=\"auto, (max-width: 640px) 100vw, 640px\" \/><figcaption id=\"caption-attachment-106593\" class=\"wp-caption-text\">La autoridad convers\u00f3 y escuch\u00f3 atentamente sobre los anhelos del deporte en Curim\u00f3n.<\/figcaption><\/figure>\n<figure id=\"attachment_106594\" aria-describedby=\"caption-attachment-106594\" style=\"width: 699px\" class=\"wp-caption alignnone\"><img data-recalc-dims=\"1\" loading=\"lazy\" decoding=\"async\" class=\"size-full wp-image-106594\" src=\"https:\/\/i0.wp.com\/eltrabajo.cl\/portal\/wp-content\/uploads\/2021\/03\/reunion-1.jpg?resize=640%2C475&#038;ssl=1\" alt=\"Los asistentes pudieron conocer en profundidad el proyecto de mejoramiento del estadio Ej\u00e9rcito Libertador.\" width=\"640\" height=\"475\" srcset=\"https:\/\/i0.wp.com\/eltrabajo.cl\/portal\/wp-content\/uploads\/2021\/03\/reunion-1.jpg?w=699&amp;ssl=1 699w, https:\/\/i0.wp.com\/eltrabajo.cl\/portal\/wp-content\/uploads\/2021\/03\/reunion-1.jpg?resize=300%2C223&amp;ssl=1 300w, https:\/\/i0.wp.com\/eltrabajo.cl\/portal\/wp-content\/uploads\/2021\/03\/reunion-1.jpg?resize=200%2C148&amp;ssl=1 200w, https:\/\/i0.wp.com\/eltrabajo.cl\/portal\/wp-content\/uploads\/2021\/03\/reunion-1.jpg?resize=485%2C360&amp;ssl=1 485w, https:\/\/i0.wp.com\/eltrabajo.cl\/portal\/wp-content\/uploads\/2021\/03\/reunion-1.jpg?resize=696%2C517&amp;ssl=1 696w\" sizes=\"auto, (max-width: 640px) 100vw, 640px\" \/><figcaption id=\"caption-attachment-106594\" class=\"wp-caption-text\">Los asistentes pudieron conocer en profundidad el proyecto de mejoramiento del estadio Ej\u00e9rcito Libertador.<\/figcaption><\/figure>\n","protected":false},"excerpt":{"rendered":"<p>Despu\u00e9s de casi medio siglo de espera, el balompi\u00e9 y el deporte del sector Curim\u00f3n ven m\u00e1s cerca que nunca la posibilidad que el estadio Ej\u00e9rcito Libertador pueda ser mejorado a niveles&#8230;<\/p>\n","protected":false},"author":482,"featured_media":106593,"comment_status":"closed","ping_status":"open","sticky":false,"template":"","format":"standard","meta":{"advanced_seo_description":"","jetpack_seo_html_title":"","jetpack_seo_noindex":false,"_jetpack_memberships_contains_paid_content":false,"footnotes":""},"categories":[19],"tags":[],"class_list":["post-106592","post","type-post","status-publish","format-standard","has-post-thumbnail","hentry","category-deportes"],"jetpack_featured_media_url":"https:\/\/i0.wp.com\/eltrabajo.cl\/portal\/wp-content\/uploads\/2021\/03\/reunion-2.jpg?fit=699%2C328&ssl=1","jetpack_sharing_enabled":true,"jetpack_likes_enabled":true,"jetpack-related-posts":[],"_links":{"self":[{"href":"https:\/\/eltrabajo.cl\/portal\/wp-json\/wp\/v2\/posts\/106592","targetHints":{"allow":["GET"]}}],"collection":[{"href":"https:\/\/eltrabajo.cl\/portal\/wp-json\/wp\/v2\/posts"}],"about":[{"href":"https:\/\/eltrabajo.cl\/portal\/wp-json\/wp\/v2\/types\/post"}],"author":[{"embeddable":true,"href":"https:\/\/eltrabajo.cl\/portal\/wp-json\/wp\/v2\/users\/482"}],"replies":[{"embeddable":true,"href":"https:\/\/eltrabajo.cl\/portal\/wp-json\/wp\/v2\/comments?post=106592"}],"version-history":[{"count":0,"href":"https:\/\/eltrabajo.cl\/portal\/wp-json\/wp\/v2\/posts\/106592\/revisions"}],"wp:featuredmedia":[{"embeddable":true,"href":"https:\/\/eltrabajo.cl\/portal\/wp-json\/wp\/v2\/media\/106593"}],"wp:attachment":[{"href":"https:\/\/eltrabajo.cl\/portal\/wp-json\/wp\/v2\/media?parent=106592"}],"wp:term":[{"taxonomy":"category","embeddable":true,"href":"https:\/\/eltrabajo.cl\/portal\/wp-json\/wp\/v2\/categories?post=106592"},{"taxonomy":"post_tag","embeddable":true,"href":"https:\/\/eltrabajo.cl\/portal\/wp-json\/wp\/v2\/tags?post=106592"}],"curies":[{"name":"wp","href":"https:\/\/api.w.org\/{rel}","templated":true}]}}