{"id":106753,"date":"2021-03-15T08:00:21","date_gmt":"2021-03-15T11:00:21","guid":{"rendered":"https:\/\/www.eltrabajo.cl\/portal\/?p=106753"},"modified":"2021-03-14T22:02:30","modified_gmt":"2021-03-15T01:02:30","slug":"embarazada-de-alto-riesgo-a-reclusion-nocturna-por-no-ser-vocal-de-mesa","status":"publish","type":"post","link":"https:\/\/eltrabajo.cl\/portal\/embarazada-de-alto-riesgo-a-reclusion-nocturna-por-no-ser-vocal-de-mesa\/","title":{"rendered":"Embarazada de alto riesgo a Reclusi\u00f3n Nocturna por no ser vocal de mesa"},"content":{"rendered":"<p style=\"text-align: left;\"><span style=\"color: #ff0000;\"><strong>Karina Aguilar tiene siete meses de gestaci\u00f3n y debe cumplir condena:<\/strong><\/span><\/p>\n<ul style=\"text-align: left;\">\n<li><strong> Ins\u00f3lita condena de Juez de Polic\u00eda Local obliga pronunciamiento de directora jur\u00eddica del Municipio. Sangrados de la vocal de mesa le impidieron cumplir con llamado c\u00edvico en Primarias. Aunque se justific\u00f3 en su momento, nada revirti\u00f3 veredictos del juez.<\/strong><\/li>\n<\/ul>\n<p style=\"text-align: left;\">Una acongojante situaci\u00f3n personal y familiar es la que viene viviendo una vecina putaendina desde hace varios meses, <strong>Karina Aguilar Maldonado<\/strong> ten\u00eda tres meses de embarazo cuando fue convocada al llamado de ser vocal de mesa de las Primarias pasadas, pero no pudo asistir por estar con serios sangrados de su parto de riesgo, llamado al que ella apel\u00f3 por las v\u00edas correctas y en los plazos correctos, pero que fueron ignorados por el juez del Juzgado de Polic\u00eda Local de Putaendo, imponi\u00e9ndole multa econ\u00f3mica y Arresto Domiciliario Nocturno, pese a que existe un Acuerdo entre Servel y el Gobierno de eximir de la obligaci\u00f3n de ser vocal de mesa a las mujeres embarazadas.<\/p>\n<p style=\"text-align: justify;\">\n<p style=\"text-align: justify;\"><span style=\"color: #ff0000;\"><strong>EXIGE EXPLICACI\u00d3N<\/strong><\/span><\/p>\n<p style=\"text-align: justify;\"><strong>Diario El Trabajo<\/strong> viaj\u00f3 a Putaendo para hablar con la afectada, quien nos atendi\u00f3 en su casa y quien lleva ya siete meses de embarazo.<\/p>\n<p style=\"text-align: justify;\">\u00ab<em>Yo para las Primarias pasadas que en Putaendo hubo y para las cuales fui notificada como vocal de mesa, cuando me lleg\u00f3 la notificaci\u00f3n de que era vocal de mesa, me contact\u00e9 v\u00eda correo electr\u00f3nico con la Junta Electoral para explicar que estoy embarazada y c\u00f3mo podr\u00eda yo justificar mi estado. Nunca recib\u00ed respuesta, pasaron los d\u00edas, llam\u00e9 por tel\u00e9fono y en ese momento se me indica que ya estaba fuera de plazo y que yo ser\u00eda notificada por el Juzgado de Polic\u00eda Local. El Juzgado de Polic\u00eda Local me notific\u00f3 en mi casa, sin embargo la notificaci\u00f3n de mi multa lleg\u00f3 s\u00f3lo por correo electr\u00f3nico <\/em>(\u2026) <em>El d\u00eda que yo estaba citada a Audiencia no me pude presentar porque ten\u00eda control de embarazo de alto riesgo, esto fue en febrero, escribo al Juzgado indicando que a las 8:15 a\u00fan no me atend\u00edan y que no pod\u00eda llegar a la hora indicada, y frente a eso tampoco recibo respuesta, salgo del Control y me voy directamente al Juzgado con todos mis papeles, ah\u00ed yo le coment\u00e9 al juez toda mi situaci\u00f3n y le entregu\u00e9 mis papeles una atenci\u00f3n RAMA de Urgencias del hospital, que envi\u00e9 el correo con el certificado de la doctora y el carn\u00e9 de control de embarazo, y que ese fue el motivo por el cual yo no me present\u00e9 como vocal de mesa. \u00c9l me dijo que nunca vio mi correo electr\u00f3nico y que por tanto la sentencia de pago de multas se hab\u00eda dictaminado y que yo ten\u00eda un plazo para reconsiderar o apelar<\/em> (\u2026) <em>Finalmente pasados ya muchos d\u00edas, me llega un correo electr\u00f3nico y veo que \u00e9l me mult\u00f3 y como yo no he pagado la multa ahora me mand\u00f3 a Reclusi\u00f3n Nocturna. No me parece justo ir embarazada con sangrados y en pandemia, me parece que ac\u00e1 hay una injusticia, una discriminaci\u00f3n de g\u00e9nero profunda, no me parece justo pagar esta multa ni ir a Reclusi\u00f3n Nocturna<\/em>\u00bb, indic\u00f3 la afectada.<\/p>\n<p style=\"text-align: justify;\">&#8211; <strong>\u00bfQu\u00e9 es lo que usted solicita a las autoridades, al mismo juez que la conden\u00f3 a Reclusi\u00f3n Nocturna y a pagar multas?<\/strong><\/p>\n<p style=\"text-align: justify;\">&#8211; Primero que todo busco justicia, considero que no es justo siquiera pagar un s\u00f3lo peso de multa por no ser vocal de mesa. Yo desde mis 18 a\u00f1os nunca he faltado a un deber c\u00edvico, siendo que yo apel\u00e9 y me justifiqu\u00e9 a la primera multa de dos UTM, y menos considero justo que por no pagar esa multa se me condene a Reclusi\u00f3n Nocturna.<\/p>\n<p style=\"text-align: justify;\">\n<p style=\"text-align: justify;\"><span style=\"color: #ff0000;\"><strong>EXPERTA OPINA<\/strong><\/span><\/p>\n<p style=\"text-align: justify;\"><strong>Diario El Trabajo<\/strong> no logr\u00f3 ser atendido por el juez de Polic\u00eda Local, sin embargo <strong>Carolina Vergara Moreno<\/strong>, directora del Departamento Jur\u00eddico\u00a0 de la Municipalidad de Putaendo, se tom\u00f3 la palabra para explicar desde su punto de vista jur\u00eddico las razones que tuvo el juez de Polic\u00eda Local para condenar a esta vecina:<\/p>\n<p style=\"text-align: justify;\">\u00ab<em>Luego de realizar un an\u00e1lisis jur\u00eddico de los antecedentes que se tuvieron a la vista para despachar orden de arresto respecto de <strong>Karina Aguilar<\/strong>, se advierte que esta decisi\u00f3n encuentra su fundamento en el no pago de una multa a la que hab\u00eda sido sancionada la infractora, a causa de la no comparecencia el d\u00eda de las elecciones en donde esta hab\u00eda sido designada como vocal de mesa. Sobre este punto, se le informa a la sancionada el derecho que tiene de recurrir ante la decisi\u00f3n del juez, lo que efectivamente se hace, la se\u00f1ora Karina presenta un Recurso de Reconsideraci\u00f3n, solicitando se deje sin efecto la sanci\u00f3n de multa. Sin embargo, y en este punto la decisi\u00f3n del juez se ajusta a derecho, considerando que la finalidad de dicho Recurso no es dejar sin efecto una sanci\u00f3n, sino que s\u00f3lo reconsiderar su monto, lo que efectivamente sucedi\u00f3, se reconsidera dicha situaci\u00f3n y se rebaja la multa a $25.000, los que posteriormente no fueron pagados, de ah\u00ed entonces que surge la Orden de Arresto, como medida de apremio y forma sustitutiva por no cumplir el pago de la multa antes mencionada<\/em>\u00bb, dijo Vergara a nuestro medio.<\/p>\n<p style=\"text-align: justify;\">&#8211; <strong>\u00bfY qu\u00e9 pasa con los argumentos de la se\u00f1ora Karina?<\/strong><\/p>\n<p style=\"text-align: justify;\">&#8211; Desde este punto de vista, se puede concluir que la decisi\u00f3n del juez, se encuentra apegada a lo que ordena el proceso y no reviste reparo alguno, no obstante, si analizamos el fondo del asunto, nos encontramos con el problema de que la reclamante efectivamente ten\u00eda motivos fundados para no comparecer el d\u00eda de la citaci\u00f3n, considerando que se encontraba con un embarazo de alto riesgo, lo que la justificaba a no asistir. Esta situaci\u00f3n si bien es cierto no se hizo valer oportunamente, existe un mandato legal que establec\u00eda quienes pod\u00edan y quienes no pod\u00edan ser designados como vocales, situaci\u00f3n que al momento de justificar (aunque fuera extempor\u00e1neamente), el juez de la causa obvi\u00f3, cursando, contrario sensu, una infracci\u00f3n.<\/p>\n<p style=\"text-align: justify;\">&#8211; <strong>\u00bfQu\u00e9 opina usted como experta en temas jur\u00eddicos sobre este caso?<\/strong><\/p>\n<p style=\"text-align: justify;\">&#8211; En opini\u00f3n de esta abogada, se configuran en el presente caso, motivos fundados que debieron tenerse a la vista antes de fallar el caso que estamos exponiendo.<\/p>\n<p style=\"text-align: justify;\">&#8211; <strong>\u00bfA quienes deben dar cuenta los jueces de Polic\u00eda Local?<\/strong><\/p>\n<p style=\"text-align: justify;\">&#8211; Debemos destacar, que los jueces de Polic\u00eda Local, responden disciplinariamente ante las cortes de apelaciones.<\/p>\n<p style=\"text-align: justify;\">&#8211; <strong>\u00bfEl Municipio tomar\u00e1 alguna acci\u00f3n contra el juez?<\/strong><\/p>\n<p style=\"text-align: justify;\">&#8211; No tenemos facultad para tomar medidas en su contra por parte de la Municipalidad de Putaendo, sin embargo, hacemos presente que el Departamento Jur\u00eddico de la Municipalidad se encuentra a disposici\u00f3n de Karina Aguilar para orientarla en cualquier decisi\u00f3n que desee\u00a0 tomar. Frente a la duda en dicha resoluci\u00f3n se puede recomendar a Karina Aguilar recurrir ante la corte mediante un Recurso de Amparo que se pronuncie sobre la legalidad de la resoluci\u00f3n.<\/p>\n<p style=\"text-align: justify;\"><strong>Roberto Gonz\u00e1lez Short<br \/>\n<\/strong><strong>ENVIADO ESPECIAL<\/strong><\/p>\n<figure id=\"attachment_106754\" aria-describedby=\"caption-attachment-106754\" style=\"width: 699px\" class=\"wp-caption alignnone\"><img data-recalc-dims=\"1\" loading=\"lazy\" decoding=\"async\" class=\"size-full wp-image-106754\" src=\"https:\/\/i0.wp.com\/eltrabajo.cl\/portal\/wp-content\/uploads\/2021\/03\/Multada_Karina-Aguilar_2.jpg?resize=640%2C626&#038;ssl=1\" alt=\"Karina Aguilar hizo todo lo posible por justificar su estado de salud, igual fue condenada por el juez.\" width=\"640\" height=\"626\" srcset=\"https:\/\/i0.wp.com\/eltrabajo.cl\/portal\/wp-content\/uploads\/2021\/03\/Multada_Karina-Aguilar_2.jpg?w=699&amp;ssl=1 699w, https:\/\/i0.wp.com\/eltrabajo.cl\/portal\/wp-content\/uploads\/2021\/03\/Multada_Karina-Aguilar_2.jpg?resize=300%2C294&amp;ssl=1 300w, https:\/\/i0.wp.com\/eltrabajo.cl\/portal\/wp-content\/uploads\/2021\/03\/Multada_Karina-Aguilar_2.jpg?resize=153%2C150&amp;ssl=1 153w, https:\/\/i0.wp.com\/eltrabajo.cl\/portal\/wp-content\/uploads\/2021\/03\/Multada_Karina-Aguilar_2.jpg?resize=696%2C681&amp;ssl=1 696w\" sizes=\"auto, (max-width: 640px) 100vw, 640px\" \/><figcaption id=\"caption-attachment-106754\" class=\"wp-caption-text\">Karina Aguilar hizo todo lo posible por justificar su estado de salud, igual fue condenada por el juez.<\/figcaption><\/figure>\n<figure id=\"attachment_106757\" aria-describedby=\"caption-attachment-106757\" style=\"width: 698px\" class=\"wp-caption alignnone\"><img data-recalc-dims=\"1\" loading=\"lazy\" decoding=\"async\" class=\"wp-image-106757 size-full\" src=\"https:\/\/i0.wp.com\/eltrabajo.cl\/portal\/wp-content\/uploads\/2021\/03\/Multada11.jpg?resize=640%2C397&#038;ssl=1\" alt=\"INS\u00d3LITO.- Esta es la sentencia que el Juzgado de Polic\u00eda Local dict\u00f3 contra una vecina de Putaendo por no pagar una multa luego que su embarazo de alto riesgo le impidiera ser vocal de mesa.\" width=\"640\" height=\"397\" srcset=\"https:\/\/i0.wp.com\/eltrabajo.cl\/portal\/wp-content\/uploads\/2021\/03\/Multada11.jpg?w=698&amp;ssl=1 698w, https:\/\/i0.wp.com\/eltrabajo.cl\/portal\/wp-content\/uploads\/2021\/03\/Multada11.jpg?resize=300%2C186&amp;ssl=1 300w, https:\/\/i0.wp.com\/eltrabajo.cl\/portal\/wp-content\/uploads\/2021\/03\/Multada11.jpg?resize=200%2C124&amp;ssl=1 200w, https:\/\/i0.wp.com\/eltrabajo.cl\/portal\/wp-content\/uploads\/2021\/03\/Multada11.jpg?resize=696%2C432&amp;ssl=1 696w\" sizes=\"auto, (max-width: 640px) 100vw, 640px\" \/><figcaption id=\"caption-attachment-106757\" class=\"wp-caption-text\">INS\u00d3LITO.- Esta es la sentencia que el Juzgado de Polic\u00eda Local dict\u00f3 contra una vecina de Putaendo por no pagar una multa luego que su embarazo de alto riesgo le impidiera ser vocal de mesa.<\/figcaption><\/figure>\n<figure id=\"attachment_106756\" aria-describedby=\"caption-attachment-106756\" style=\"width: 699px\" class=\"wp-caption alignnone\"><img data-recalc-dims=\"1\" loading=\"lazy\" decoding=\"async\" class=\"size-full wp-image-106756\" src=\"https:\/\/i0.wp.com\/eltrabajo.cl\/portal\/wp-content\/uploads\/2021\/03\/Multada_Karina-Aguilar.jpg?resize=640%2C1014&#038;ssl=1\" alt=\"PIDE JUSTICIA.- Karina Aguilar, condenada a Reclusi\u00f3n Nocturna, tiene siete meses de embarazo.\" width=\"640\" height=\"1014\" srcset=\"https:\/\/i0.wp.com\/eltrabajo.cl\/portal\/wp-content\/uploads\/2021\/03\/Multada_Karina-Aguilar.jpg?w=699&amp;ssl=1 699w, https:\/\/i0.wp.com\/eltrabajo.cl\/portal\/wp-content\/uploads\/2021\/03\/Multada_Karina-Aguilar.jpg?resize=189%2C300&amp;ssl=1 189w, https:\/\/i0.wp.com\/eltrabajo.cl\/portal\/wp-content\/uploads\/2021\/03\/Multada_Karina-Aguilar.jpg?resize=646%2C1024&amp;ssl=1 646w, https:\/\/i0.wp.com\/eltrabajo.cl\/portal\/wp-content\/uploads\/2021\/03\/Multada_Karina-Aguilar.jpg?resize=95%2C150&amp;ssl=1 95w, https:\/\/i0.wp.com\/eltrabajo.cl\/portal\/wp-content\/uploads\/2021\/03\/Multada_Karina-Aguilar.jpg?resize=696%2C1103&amp;ssl=1 696w\" sizes=\"auto, (max-width: 640px) 100vw, 640px\" \/><figcaption id=\"caption-attachment-106756\" class=\"wp-caption-text\">PIDE JUSTICIA.- Karina Aguilar, condenada a Reclusi\u00f3n Nocturna, tiene siete meses de embarazo.<\/figcaption><\/figure>\n","protected":false},"excerpt":{"rendered":"<p>Karina Aguilar tiene siete meses de gestaci\u00f3n y debe cumplir condena: Ins\u00f3lita condena de Juez de Polic\u00eda Local obliga pronunciamiento de directora jur\u00eddica del Municipio. Sangrados de la vocal de mesa le&#8230;<\/p>\n","protected":false},"author":482,"featured_media":106754,"comment_status":"closed","ping_status":"open","sticky":false,"template":"","format":"standard","meta":{"advanced_seo_description":"","jetpack_seo_html_title":"","jetpack_seo_noindex":false,"_jetpack_memberships_contains_paid_content":false,"footnotes":""},"categories":[15],"tags":[],"class_list":["post-106753","post","type-post","status-publish","format-standard","has-post-thumbnail","hentry","category-comunidad"],"jetpack_featured_media_url":"https:\/\/i0.wp.com\/eltrabajo.cl\/portal\/wp-content\/uploads\/2021\/03\/Multada_Karina-Aguilar_2.jpg?fit=699%2C684&ssl=1","jetpack_sharing_enabled":true,"jetpack_likes_enabled":true,"jetpack-related-posts":[],"_links":{"self":[{"href":"https:\/\/eltrabajo.cl\/portal\/wp-json\/wp\/v2\/posts\/106753","targetHints":{"allow":["GET"]}}],"collection":[{"href":"https:\/\/eltrabajo.cl\/portal\/wp-json\/wp\/v2\/posts"}],"about":[{"href":"https:\/\/eltrabajo.cl\/portal\/wp-json\/wp\/v2\/types\/post"}],"author":[{"embeddable":true,"href":"https:\/\/eltrabajo.cl\/portal\/wp-json\/wp\/v2\/users\/482"}],"replies":[{"embeddable":true,"href":"https:\/\/eltrabajo.cl\/portal\/wp-json\/wp\/v2\/comments?post=106753"}],"version-history":[{"count":0,"href":"https:\/\/eltrabajo.cl\/portal\/wp-json\/wp\/v2\/posts\/106753\/revisions"}],"wp:featuredmedia":[{"embeddable":true,"href":"https:\/\/eltrabajo.cl\/portal\/wp-json\/wp\/v2\/media\/106754"}],"wp:attachment":[{"href":"https:\/\/eltrabajo.cl\/portal\/wp-json\/wp\/v2\/media?parent=106753"}],"wp:term":[{"taxonomy":"category","embeddable":true,"href":"https:\/\/eltrabajo.cl\/portal\/wp-json\/wp\/v2\/categories?post=106753"},{"taxonomy":"post_tag","embeddable":true,"href":"https:\/\/eltrabajo.cl\/portal\/wp-json\/wp\/v2\/tags?post=106753"}],"curies":[{"name":"wp","href":"https:\/\/api.w.org\/{rel}","templated":true}]}}