{"id":106818,"date":"2021-03-18T07:30:06","date_gmt":"2021-03-18T10:30:06","guid":{"rendered":"https:\/\/www.eltrabajo.cl\/portal\/?p=106818"},"modified":"2021-03-17T21:18:02","modified_gmt":"2021-03-18T00:18:02","slug":"municipio-apoya-a-la-gestora-cultural-luz-gatica-en-el-lanzamiento-de-su-libro-que-recorre-parte-de-la-historia-de-putaendo","status":"publish","type":"post","link":"https:\/\/eltrabajo.cl\/portal\/municipio-apoya-a-la-gestora-cultural-luz-gatica-en-el-lanzamiento-de-su-libro-que-recorre-parte-de-la-historia-de-putaendo\/","title":{"rendered":"Municipio apoya a la gestora cultural Luz Gatica en el lanzamiento de su libro que recorre parte de la historia de Putaendo"},"content":{"rendered":"<ul style=\"text-align: justify;\">\n<li style=\"text-align: left;\"><strong>\u2018Pilares de Esquina de Aconcagua\u2019, es el t\u00edtulo de la obra que fue presentada este martes en Putaendo y donde se recorre el testimonio de nuestra comuna en base a esas singulares construcciones que datan de tiempos de la colonia y que constituyen un importante segmento del patrimonio arquitect\u00f3nico del valle.<\/strong><\/li>\n<\/ul>\n<p style=\"text-align: justify;\"><strong>PUTAENDO.-<\/strong> Con la presencia de autoridades comunales, vecinas y vecinos de Putaendo, la escritora y gestora cultural <strong>Luz Gatica<\/strong> present\u00f3 su libro <strong>\u2018Pilares de Esquina de Aconcagua\u2019<\/strong>, en el marco de una emotiva ceremonia gestionada por el municipio.<\/p>\n<p style=\"text-align: justify;\">En efecto, poniendo en valor la importancia de su obra y el aporte a la historia de Aconcagua, el departamento de Cultura, Turismo y Patrimonio de la Municipalidad de Putaendo apoy\u00f3 a la se\u00f1ora Luz en su objetivo por dar a conocer la historia de los \u2018Pilares de Esquina\u2019, como parte del testimonio arquitect\u00f3nico que da cuenta de la identidad de esta zona.<\/p>\n<p style=\"text-align: justify;\">De esta forma, Luz Gatica agradeci\u00f3 la recepci\u00f3n que ha tenido del alcalde <strong>Sergio Zamora<\/strong>, el Concejo Municipal y los funcionarios que permitieron la realizaci\u00f3n del lanzamiento de su obra.<\/p>\n<p style=\"text-align: justify;\">\u00ab<em>M\u00e1s que importancia, lo que siento es una emoci\u00f3n porque como les dije soy una descendiente, por parte de pap\u00e1 y de mam\u00e1, de gente que fund\u00f3 esta zona, por el a\u00f1o 1541 hacia adelante. Para m\u00ed es muy bonito y tambi\u00e9n es un recuerdo de los amigos que he tenido siempre ac\u00e1, algunos que ya no est\u00e1n como Bernardo Parra y Noel Fuentes, que se les echa mucho de menos\u00bb,<\/em> sostuvo la gestora cultural.<\/p>\n<p style=\"text-align: justify;\">En las p\u00e1ginas de su libro, ella hace menci\u00f3n a pilares de esquina que est\u00e1n presentes en construcciones de Putaendo, dando especial importancia a uno ubicado en el sector de Las Coimas. Para la se\u00f1ora Luz, este patrimonio arquitect\u00f3nico que data de tiempos de la colonia y que sigue muy presente en Aconcagua, debe preservarse.<\/p>\n<p style=\"text-align: justify;\">\u00ab<em>Estamos viviendo momentos muy especiales, en que se destapan muchas cosas. A nosotros esta situaci\u00f3n nos encuentra con la historia no muy bien manejada todav\u00eda en Aconcagua. Eso es muy tremendo, por lo tanto tenemos que ponernos las pilas y seguir firmes tratando de sentar nuestro valor hist\u00f3rico en Chile, que no est\u00e1 puesto. El resto de las regiones lo tiene, tanto para el norte como para el sur, pero Aconcagua no est\u00e1 situado. Creo que todos tenemos que remar para el mismo lado\u00bb,<\/em> mencion\u00f3.<\/p>\n<p style=\"text-align: justify;\">Por su parte, el alcalde Sergio Zamora destac\u00f3 la clase magistral que la escritora realiz\u00f3 en torno a la historia de Putaendo: <em>\u00abImportante que exista gente que se preocupe de estos valores para que no se pierda el patrimonio y la cultura. La verdad es que me qued\u00e9 admirado de la se\u00f1ora Luz Gatica, por la claridad de su memoria, porque nos hizo una descripci\u00f3n de los pilares de esquina muy impresionante. Al final nos cont\u00f3 toda su experiencia, no solo en Putaendo sino que en todo Chile. Estamos contentos que podamos ayudar a gente que se preocupa de estos valores hist\u00f3ricos y que permitan que nos empapemos de nuestras ra\u00edces\u00bb,<\/em> recalc\u00f3 el alcalde.<\/p>\n<figure id=\"attachment_106819\" aria-describedby=\"caption-attachment-106819\" style=\"width: 699px\" class=\"wp-caption alignnone\"><img data-recalc-dims=\"1\" loading=\"lazy\" decoding=\"async\" class=\"size-full wp-image-106819\" src=\"https:\/\/i0.wp.com\/eltrabajo.cl\/portal\/wp-content\/uploads\/2021\/03\/LUZ-gatica-2.jpg?resize=640%2C494&#038;ssl=1\" alt=\"Una verdadera clase magistral brind\u00f3 la escritora y gestora cultural Luz Gatica al momento de presentar su libro \u2018Pilares de Esquina de Aconcagua\u2019.\" width=\"640\" height=\"494\" srcset=\"https:\/\/i0.wp.com\/eltrabajo.cl\/portal\/wp-content\/uploads\/2021\/03\/LUZ-gatica-2.jpg?w=699&amp;ssl=1 699w, https:\/\/i0.wp.com\/eltrabajo.cl\/portal\/wp-content\/uploads\/2021\/03\/LUZ-gatica-2.jpg?resize=300%2C231&amp;ssl=1 300w, https:\/\/i0.wp.com\/eltrabajo.cl\/portal\/wp-content\/uploads\/2021\/03\/LUZ-gatica-2.jpg?resize=195%2C150&amp;ssl=1 195w, https:\/\/i0.wp.com\/eltrabajo.cl\/portal\/wp-content\/uploads\/2021\/03\/LUZ-gatica-2.jpg?resize=696%2C537&amp;ssl=1 696w\" sizes=\"auto, (max-width: 640px) 100vw, 640px\" \/><figcaption id=\"caption-attachment-106819\" class=\"wp-caption-text\">Una verdadera clase magistral brind\u00f3 la escritora y gestora cultural Luz Gatica al momento de presentar su libro \u2018Pilares de Esquina de Aconcagua\u2019.<\/figcaption><\/figure>\n<figure id=\"attachment_106820\" aria-describedby=\"caption-attachment-106820\" style=\"width: 699px\" class=\"wp-caption alignnone\"><img data-recalc-dims=\"1\" loading=\"lazy\" decoding=\"async\" class=\"size-full wp-image-106820\" src=\"https:\/\/i0.wp.com\/eltrabajo.cl\/portal\/wp-content\/uploads\/2021\/03\/LUZ-libros.jpg?resize=640%2C427&#038;ssl=1\" alt=\"En las p\u00e1ginas de su libro, la autora ella hace menci\u00f3n a pilares de esquina que est\u00e1n presentes en construcciones del Valle de Aconcagua y por supuesto de  Putaendo.\" width=\"640\" height=\"427\" srcset=\"https:\/\/i0.wp.com\/eltrabajo.cl\/portal\/wp-content\/uploads\/2021\/03\/LUZ-libros.jpg?w=699&amp;ssl=1 699w, https:\/\/i0.wp.com\/eltrabajo.cl\/portal\/wp-content\/uploads\/2021\/03\/LUZ-libros.jpg?resize=300%2C200&amp;ssl=1 300w, https:\/\/i0.wp.com\/eltrabajo.cl\/portal\/wp-content\/uploads\/2021\/03\/LUZ-libros.jpg?resize=200%2C133&amp;ssl=1 200w, https:\/\/i0.wp.com\/eltrabajo.cl\/portal\/wp-content\/uploads\/2021\/03\/LUZ-libros.jpg?resize=696%2C464&amp;ssl=1 696w\" sizes=\"auto, (max-width: 640px) 100vw, 640px\" \/><figcaption id=\"caption-attachment-106820\" class=\"wp-caption-text\">En las p\u00e1ginas de su libro, la autora ella hace menci\u00f3n a pilares de esquina que est\u00e1n presentes en construcciones del Valle de Aconcagua y por supuesto de Putaendo.<\/figcaption><\/figure>\n<figure id=\"attachment_106821\" aria-describedby=\"caption-attachment-106821\" style=\"width: 699px\" class=\"wp-caption alignnone\"><img data-recalc-dims=\"1\" loading=\"lazy\" decoding=\"async\" class=\"size-full wp-image-106821\" src=\"https:\/\/i0.wp.com\/eltrabajo.cl\/portal\/wp-content\/uploads\/2021\/03\/LUZ-1-Alcalde-Sergio-Zamora-gestora-cultura-Luz-Gatica-y-jefe-del-Depto-Municipal-de-Cultura-Turismo-y-Patrimonio-Christophe-Mercado.jpg?resize=640%2C370&#038;ssl=1\" alt=\"Alcalde Sergio Zamora, gestora cultural Luz Gatica y jefe del Depto. Municipal de Cultura Turismo y Patrimonio, Christopher Mercado.\" width=\"640\" height=\"370\" srcset=\"https:\/\/i0.wp.com\/eltrabajo.cl\/portal\/wp-content\/uploads\/2021\/03\/LUZ-1-Alcalde-Sergio-Zamora-gestora-cultura-Luz-Gatica-y-jefe-del-Depto-Municipal-de-Cultura-Turismo-y-Patrimonio-Christophe-Mercado.jpg?w=699&amp;ssl=1 699w, https:\/\/i0.wp.com\/eltrabajo.cl\/portal\/wp-content\/uploads\/2021\/03\/LUZ-1-Alcalde-Sergio-Zamora-gestora-cultura-Luz-Gatica-y-jefe-del-Depto-Municipal-de-Cultura-Turismo-y-Patrimonio-Christophe-Mercado.jpg?resize=300%2C173&amp;ssl=1 300w, https:\/\/i0.wp.com\/eltrabajo.cl\/portal\/wp-content\/uploads\/2021\/03\/LUZ-1-Alcalde-Sergio-Zamora-gestora-cultura-Luz-Gatica-y-jefe-del-Depto-Municipal-de-Cultura-Turismo-y-Patrimonio-Christophe-Mercado.jpg?resize=200%2C116&amp;ssl=1 200w, https:\/\/i0.wp.com\/eltrabajo.cl\/portal\/wp-content\/uploads\/2021\/03\/LUZ-1-Alcalde-Sergio-Zamora-gestora-cultura-Luz-Gatica-y-jefe-del-Depto-Municipal-de-Cultura-Turismo-y-Patrimonio-Christophe-Mercado.jpg?resize=696%2C402&amp;ssl=1 696w\" sizes=\"auto, (max-width: 640px) 100vw, 640px\" \/><figcaption id=\"caption-attachment-106821\" class=\"wp-caption-text\">Alcalde Sergio Zamora, gestora cultural Luz Gatica y jefe del Depto. Municipal de Cultura Turismo y Patrimonio, Christopher Mercado.<\/figcaption><\/figure>\n","protected":false},"excerpt":{"rendered":"<p>\u2018Pilares de Esquina de Aconcagua\u2019, es el t\u00edtulo de la obra que fue presentada este martes en Putaendo y donde se recorre el testimonio de nuestra comuna en base a esas singulares&#8230;<\/p>\n","protected":false},"author":482,"featured_media":106821,"comment_status":"closed","ping_status":"open","sticky":false,"template":"","format":"standard","meta":{"advanced_seo_description":"","jetpack_seo_html_title":"","jetpack_seo_noindex":false,"_jetpack_memberships_contains_paid_content":false,"footnotes":""},"categories":[20],"tags":[],"class_list":["post-106818","post","type-post","status-publish","format-standard","has-post-thumbnail","hentry","category-arte-y-cultura"],"jetpack_featured_media_url":"https:\/\/i0.wp.com\/eltrabajo.cl\/portal\/wp-content\/uploads\/2021\/03\/LUZ-1-Alcalde-Sergio-Zamora-gestora-cultura-Luz-Gatica-y-jefe-del-Depto-Municipal-de-Cultura-Turismo-y-Patrimonio-Christophe-Mercado.jpg?fit=699%2C404&ssl=1","jetpack_sharing_enabled":true,"jetpack_likes_enabled":true,"jetpack-related-posts":[],"_links":{"self":[{"href":"https:\/\/eltrabajo.cl\/portal\/wp-json\/wp\/v2\/posts\/106818","targetHints":{"allow":["GET"]}}],"collection":[{"href":"https:\/\/eltrabajo.cl\/portal\/wp-json\/wp\/v2\/posts"}],"about":[{"href":"https:\/\/eltrabajo.cl\/portal\/wp-json\/wp\/v2\/types\/post"}],"author":[{"embeddable":true,"href":"https:\/\/eltrabajo.cl\/portal\/wp-json\/wp\/v2\/users\/482"}],"replies":[{"embeddable":true,"href":"https:\/\/eltrabajo.cl\/portal\/wp-json\/wp\/v2\/comments?post=106818"}],"version-history":[{"count":0,"href":"https:\/\/eltrabajo.cl\/portal\/wp-json\/wp\/v2\/posts\/106818\/revisions"}],"wp:featuredmedia":[{"embeddable":true,"href":"https:\/\/eltrabajo.cl\/portal\/wp-json\/wp\/v2\/media\/106821"}],"wp:attachment":[{"href":"https:\/\/eltrabajo.cl\/portal\/wp-json\/wp\/v2\/media?parent=106818"}],"wp:term":[{"taxonomy":"category","embeddable":true,"href":"https:\/\/eltrabajo.cl\/portal\/wp-json\/wp\/v2\/categories?post=106818"},{"taxonomy":"post_tag","embeddable":true,"href":"https:\/\/eltrabajo.cl\/portal\/wp-json\/wp\/v2\/tags?post=106818"}],"curies":[{"name":"wp","href":"https:\/\/api.w.org\/{rel}","templated":true}]}}