{"id":106823,"date":"2021-03-18T07:35:50","date_gmt":"2021-03-18T10:35:50","guid":{"rendered":"https:\/\/www.eltrabajo.cl\/portal\/?p=106823"},"modified":"2021-03-17T21:20:45","modified_gmt":"2021-03-18T00:20:45","slug":"aldo-valle-asegura-que-seguira-apoyando-la-idea-de-aconcagua-region","status":"publish","type":"post","link":"https:\/\/eltrabajo.cl\/portal\/aldo-valle-asegura-que-seguira-apoyando-la-idea-de-aconcagua-region\/","title":{"rendered":"Aldo Valle asegura que seguir\u00e1 apoyando la idea de \u2018Aconcagua Regi\u00f3n\u2019"},"content":{"rendered":"<p style=\"text-align: left;\"><span style=\"color: #ff0000;\"><strong>Candidato a gobernador regional por la V Regi\u00f3n:<\/strong><\/span><\/p>\n<p style=\"text-align: justify;\">Fue la ma\u00f1ana de este mi\u00e9rcoles en la Plaza de Armas de San Felipe cuando se present\u00f3 a los medios de comunicaci\u00f3n el abogado <strong>Aldo Valle Acevedo<\/strong>, de 65 a\u00f1os de edad, nacido en Til Til y candidato a gobernador regional de la V Regi\u00f3n, quien explic\u00f3 a <strong>Diario El Trabajo<\/strong> algunos puntos de su propuesta: \u00ab<em>Me lanzo con esta candidatura primero porque tengo un compromiso c\u00edvico pol\u00edtico, y porque no estoy tranquilo, no estoy conforme con la situaci\u00f3n en que se halla la regi\u00f3n, porque padece un centralismo odioso, y porque reproduce un centralismo al interior de la propia regi\u00f3n, y eso hace que las provincias y comunas m\u00e1s alejadas de la cabecera de la regi\u00f3n, se hallen en una situaci\u00f3n de postergaci\u00f3n en materia de recursos p\u00fablicos de inversi\u00f3n<\/em>\u00bb.<\/p>\n<p style=\"text-align: justify;\">\n<p style=\"text-align: justify;\"><span style=\"color: #ff0000;\"><strong>ALDO RESPONDE<\/strong><\/span><\/p>\n<p style=\"text-align: justify;\">&#8211; <strong>\u00bfCu\u00e1les son las soluciones posibles que usted implementar\u00eda a esta situaci\u00f3n ya siendo gobernador regional?<\/strong><\/p>\n<p style=\"text-align: justify;\">&#8211; Bueno, hay que distinguir primero en un proceso de desconcentraci\u00f3n administrativa, los servicios del Estado no tienen por qu\u00e9 prestarse en determinadas ciudades, el Estado puede perfectamente procurar que la atenci\u00f3n y la prestaci\u00f3n efectiva se haga en todos los lugares posibles de la regi\u00f3n, (los vecinos) no tienen por qu\u00e9 desde San Felipe ir a hacer tr\u00e1mites a Vi\u00f1a del Mar o a Valpara\u00edso, porque el Estado y el Gobierno Regional tienen que hacerse cargo de esa responsabilidad del Estado, pueden perfectamente llevarse a cabo en las respectivas comunas o en las respectivas capitales de provincia, es cuesti\u00f3n de voluntad pol\u00edtica, de imaginaci\u00f3n administrativa y obviamente de ponerse en el lugar, empat\u00eda pol\u00edtica, ponerse en el lugar de quienes se ven excluidos de la oportunidad y calidad del servicio que el Estado le debe prestar.<\/p>\n<p style=\"text-align: justify;\">&#8211; <strong>\u00bfC\u00f3mo usted gobernar\u00eda en el caso del Valle de Aconcagua?<\/strong><\/p>\n<p style=\"text-align: justify;\">&#8211; En el caso de Aconcagua lo que yo he propuesto, en cuanto yo asuma como gobernador, convocar\u00e9 a un proceso deliberativo, democr\u00e1tico, plural, que finalmente sea la ciudadan\u00eda de las provincias de Aconcagua la que determine cu\u00e1l es la relaci\u00f3n o condici\u00f3n que quieren tener con la Regi\u00f3n de Valpara\u00edso o con el Estado de Chile, esto porque ya en 1826 aqu\u00ed ya hab\u00eda identidad hist\u00f3rica, pero en 1974 una autoridad pol\u00edtica de modo dictatorial determin\u00f3 que las provincias de Aconcagua deb\u00edan ser parte de la macro Regi\u00f3n de Valpara\u00edso, ese fue un acto de atropello a la dignidad, a la personalidad hist\u00f3rica que ten\u00edan las provincias de Aconcagua.<\/p>\n<p style=\"text-align: justify;\">&#8211; <strong>Si usted ya fuera gobernador regional de Valpara\u00edso, y si se declarara Regi\u00f3n al Valle de Aconcagua, si usted tuviera que elegir entre Aconcagua y Valpara\u00edso, \u00bfcu\u00e1l elegir\u00eda?<\/strong><\/p>\n<p style=\"text-align: justify;\">&#8211; De acuerdo a la Ley, en ese caso lo que corresponder\u00eda es que yo siguiera siendo el gobernador de Valpara\u00edso, y que ac\u00e1 se elija a un nuevo gobernador, eso es lo que corresponde, que sea producto de la voluntad del pueblo, para eso es la autonom\u00eda, para que ustedes tengan un gobernador que se ocupe de los asuntos de Aconcagua, elegido por la ciudadan\u00eda de Aconcagua, eso es lo que se tiene que hacer, yo en definitiva no tengo por qu\u00e9 estar pensando si seguir\u00e9 siendo gobernador de una regi\u00f3n m\u00e1s peque\u00f1a, lo que yo tengo que hacer es representar la voluntad de los ciudadanos en Aconcagua.<\/p>\n<p style=\"text-align: justify;\">&#8211; <strong>\u00bfEst\u00e1 entre sus prioridades el tema Regi\u00f3n Aconcagua?<\/strong><\/p>\n<p style=\"text-align: justify;\">&#8211; He asumido en diferentes ocasiones el compromiso p\u00fablico de convocar a ese proceso deliberativo, todos sabemos que hay un informe bastante exhaustivo que est\u00e1 guardado en la Subsecretar\u00eda de Desarrollo Regional en este momento, es un informe muy acabado que responsablemente se hizo, y en consecuencia lo que hay que hacer es generar un procedimiento que permita una deliberaci\u00f3n informada, abierta, plural, yo quiero representar la voluntad m\u00e1s genuina, ojala de la unanimidad y si no de la mayor\u00eda.<\/p>\n<p style=\"text-align: justify;\"><strong>Roberto Gonz\u00e1lez Short<\/strong><\/p>\n<figure id=\"attachment_106824\" aria-describedby=\"caption-attachment-106824\" style=\"width: 699px\" class=\"wp-caption alignnone\"><img data-recalc-dims=\"1\" loading=\"lazy\" decoding=\"async\" class=\"size-full wp-image-106824\" src=\"https:\/\/i0.wp.com\/eltrabajo.cl\/portal\/wp-content\/uploads\/2021\/03\/Candidato_Aldo-Valle-Acevedo.jpg?resize=640%2C584&#038;ssl=1\" alt=\"Aldo Valle Acevedo, candidato a gobernador regional de Valpara\u00edso.\" width=\"640\" height=\"584\" srcset=\"https:\/\/i0.wp.com\/eltrabajo.cl\/portal\/wp-content\/uploads\/2021\/03\/Candidato_Aldo-Valle-Acevedo.jpg?w=699&amp;ssl=1 699w, https:\/\/i0.wp.com\/eltrabajo.cl\/portal\/wp-content\/uploads\/2021\/03\/Candidato_Aldo-Valle-Acevedo.jpg?resize=300%2C274&amp;ssl=1 300w, https:\/\/i0.wp.com\/eltrabajo.cl\/portal\/wp-content\/uploads\/2021\/03\/Candidato_Aldo-Valle-Acevedo.jpg?resize=164%2C150&amp;ssl=1 164w, https:\/\/i0.wp.com\/eltrabajo.cl\/portal\/wp-content\/uploads\/2021\/03\/Candidato_Aldo-Valle-Acevedo.jpg?resize=696%2C635&amp;ssl=1 696w\" sizes=\"auto, (max-width: 640px) 100vw, 640px\" \/><figcaption id=\"caption-attachment-106824\" class=\"wp-caption-text\">Aldo Valle Acevedo, candidato a gobernador regional de Valpara\u00edso.<\/figcaption><\/figure>\n<figure id=\"attachment_106825\" aria-describedby=\"caption-attachment-106825\" style=\"width: 699px\" class=\"wp-caption alignnone\"><img data-recalc-dims=\"1\" loading=\"lazy\" decoding=\"async\" class=\"size-full wp-image-106825\" src=\"https:\/\/i0.wp.com\/eltrabajo.cl\/portal\/wp-content\/uploads\/2021\/03\/Candidato1.jpg?resize=640%2C383&#038;ssl=1\" alt=\"LOS APOYOS.- Con el respaldo de varios candidatos a cargos de concejal\u00edas locales y simpatizantes, as\u00ed fue la visita de Aldo Valle la ma\u00f1ana de este mi\u00e9rcoles a la comuna de San Felipe.\" width=\"640\" height=\"383\" srcset=\"https:\/\/i0.wp.com\/eltrabajo.cl\/portal\/wp-content\/uploads\/2021\/03\/Candidato1.jpg?w=699&amp;ssl=1 699w, https:\/\/i0.wp.com\/eltrabajo.cl\/portal\/wp-content\/uploads\/2021\/03\/Candidato1.jpg?resize=300%2C179&amp;ssl=1 300w, https:\/\/i0.wp.com\/eltrabajo.cl\/portal\/wp-content\/uploads\/2021\/03\/Candidato1.jpg?resize=200%2C120&amp;ssl=1 200w, https:\/\/i0.wp.com\/eltrabajo.cl\/portal\/wp-content\/uploads\/2021\/03\/Candidato1.jpg?resize=696%2C416&amp;ssl=1 696w\" sizes=\"auto, (max-width: 640px) 100vw, 640px\" \/><figcaption id=\"caption-attachment-106825\" class=\"wp-caption-text\">LOS APOYOS.- Con el respaldo de varios candidatos a cargos de concejal\u00edas locales y simpatizantes, as\u00ed fue la visita de Aldo Valle la ma\u00f1ana de este mi\u00e9rcoles a la comuna de San Felipe.<\/figcaption><\/figure>\n","protected":false},"excerpt":{"rendered":"<p>Candidato a gobernador regional por la V Regi\u00f3n: Fue la ma\u00f1ana de este mi\u00e9rcoles en la Plaza de Armas de San Felipe cuando se present\u00f3 a los medios de comunicaci\u00f3n el abogado&#8230;<\/p>\n","protected":false},"author":482,"featured_media":106825,"comment_status":"closed","ping_status":"open","sticky":false,"template":"","format":"standard","meta":{"advanced_seo_description":"","jetpack_seo_html_title":"","jetpack_seo_noindex":false,"_jetpack_memberships_contains_paid_content":false,"footnotes":""},"categories":[16],"tags":[],"class_list":["post-106823","post","type-post","status-publish","format-standard","has-post-thumbnail","hentry","category-politica"],"jetpack_featured_media_url":"https:\/\/i0.wp.com\/eltrabajo.cl\/portal\/wp-content\/uploads\/2021\/03\/Candidato1.jpg?fit=699%2C418&ssl=1","jetpack_sharing_enabled":true,"jetpack_likes_enabled":true,"jetpack-related-posts":[],"_links":{"self":[{"href":"https:\/\/eltrabajo.cl\/portal\/wp-json\/wp\/v2\/posts\/106823","targetHints":{"allow":["GET"]}}],"collection":[{"href":"https:\/\/eltrabajo.cl\/portal\/wp-json\/wp\/v2\/posts"}],"about":[{"href":"https:\/\/eltrabajo.cl\/portal\/wp-json\/wp\/v2\/types\/post"}],"author":[{"embeddable":true,"href":"https:\/\/eltrabajo.cl\/portal\/wp-json\/wp\/v2\/users\/482"}],"replies":[{"embeddable":true,"href":"https:\/\/eltrabajo.cl\/portal\/wp-json\/wp\/v2\/comments?post=106823"}],"version-history":[{"count":0,"href":"https:\/\/eltrabajo.cl\/portal\/wp-json\/wp\/v2\/posts\/106823\/revisions"}],"wp:featuredmedia":[{"embeddable":true,"href":"https:\/\/eltrabajo.cl\/portal\/wp-json\/wp\/v2\/media\/106825"}],"wp:attachment":[{"href":"https:\/\/eltrabajo.cl\/portal\/wp-json\/wp\/v2\/media?parent=106823"}],"wp:term":[{"taxonomy":"category","embeddable":true,"href":"https:\/\/eltrabajo.cl\/portal\/wp-json\/wp\/v2\/categories?post=106823"},{"taxonomy":"post_tag","embeddable":true,"href":"https:\/\/eltrabajo.cl\/portal\/wp-json\/wp\/v2\/tags?post=106823"}],"curies":[{"name":"wp","href":"https:\/\/api.w.org\/{rel}","templated":true}]}}