{"id":106883,"date":"2021-03-22T07:35:18","date_gmt":"2021-03-22T10:35:18","guid":{"rendered":"https:\/\/www.eltrabajo.cl\/portal\/?p=106883"},"modified":"2021-03-21T21:07:20","modified_gmt":"2021-03-22T00:07:20","slug":"profesora-marcela-zamora-busca-ser-reelegida-como-concejala-de-putaendo","status":"publish","type":"post","link":"https:\/\/eltrabajo.cl\/portal\/profesora-marcela-zamora-busca-ser-reelegida-como-concejala-de-putaendo\/","title":{"rendered":"Profesora Marcela Zamora busca ser reelegida como concejala de Putaendo"},"content":{"rendered":"<p style=\"text-align: justify;\"><strong>Diario El Trabajo<\/strong>, en nuestro af\u00e1n de dar a conocer los candidatos para las elecciones de abril de este a\u00f1o en el Valle de Aconcagua, presenta hoy a la profesora del Colegio Santa Juana de Arco de San Felipe, <strong>Marcela Zamora Salinas<\/strong>, quien va a la reelecci\u00f3n de concejala en la comuna de Putaendo.<\/p>\n<p style=\"text-align: justify;\">&#8211; <strong>\u00bfCu\u00e1l ha sido su trabajo como concejal en la comuna de Putaendo desde el a\u00f1o 2016?<\/strong><\/p>\n<p style=\"text-align: justify;\">&#8211; Como concejala present\u00e9 ideas innovadoras, que enriquecieron el trabajo comunal. Empoder\u00e9 al Municipio en la defensa del medioambiente, que permiti\u00f3 la creaci\u00f3n de esta oficina. Activ\u00e9 la comisi\u00f3n de educaci\u00f3n para que se escucharan los principales actores. Conform\u00e9 la Mesa de Prevenci\u00f3n del Suicidio, y present\u00e9 a nivel provincial el proyecto \u2018Ger\u00f3polis\u2019, ciudades amigables con la personas mayores, para implementarlo en la comuna, siendo pioneros en la regi\u00f3n y permiti\u00f3 la creaci\u00f3n de la Oficina del Adulto Mayor en la comuna.<\/p>\n<p style=\"text-align: justify;\">&#8211; <strong>\u00bfQuedaron proyectos sin concretar en este per\u00edodo?<\/strong><\/p>\n<p style=\"text-align: justify;\">&#8211; La primera propuesta al Concejo Municipal fue la creaci\u00f3n de una Oficina de Asuntos H\u00eddricos, donde todos aprobaron dicha iniciativa, pero a\u00fan no concretiza. En el \u00e1mbito cultural solicit\u00e9 que en calle Sarmiento se instalara un recordatorio del paso de <strong>Domingo Faustino Sarmiento<\/strong> por Putaendo.<\/p>\n<p style=\"text-align: justify;\">En la defensa del medioambiente y el patrimonio, present\u00e9 la solicitud de dos ordenanzas municipales, la primera se refer\u00eda a Las Pirkas, que est\u00e1n desapareciendo del paisaje rural, esto va a permitir hacer proyectos de conservaci\u00f3n y capacitaci\u00f3n para mantener la tradici\u00f3n en nuestro entorno. La segunda es en defensa del \u2018sandill\u00f3n\u2019, planta cact\u00e1cea de la cordillera, que debemos poner en valor y cuidar. La creaci\u00f3n de un centro de investigaci\u00f3n \u2018<em>El Chil\u00f3n, d\u00f3nde nace la vida, nace la investigaci\u00f3n<\/em>\u2019. Estudio e investigaci\u00f3n de los glaciares de roca, el agua, la flora y fauna de nuestra cordillera. Adem\u00e1s de centro meteorol\u00f3gico, s\u00edsmico, arqueol\u00f3gico y astron\u00f3mico.<\/p>\n<p style=\"text-align: justify;\">&#8211; <strong>\u00bfCu\u00e1les son las propuestas para este nuevo per\u00edodo 2021-2024?<\/strong><\/p>\n<p style=\"text-align: justify;\">&#8211; Fortalecer en la comuna de Putaendo, que cada habitante se sienta feliz, desarrolle las habilidades sociales y la inteligencia emocional, que le permitan cuidar su vida y ser el centro del quehacer comunal, part\u00edcipe de todas las decisiones que afecten a su entorno. Tener la mejor atenci\u00f3n de salud y educaci\u00f3n. Cuidar responsablemente el medio ambiente. Trabajar por el fortalecimiento de una econom\u00eda local sostenible. Incrementar las oportunidades habitacionales. Y en general tener una vida digna como se merece cada ciudadano.<\/p>\n<figure id=\"attachment_106884\" aria-describedby=\"caption-attachment-106884\" style=\"width: 698px\" class=\"wp-caption alignnone\"><img data-recalc-dims=\"1\" loading=\"lazy\" decoding=\"async\" class=\"size-full wp-image-106884\" src=\"https:\/\/i0.wp.com\/eltrabajo.cl\/portal\/wp-content\/uploads\/2021\/03\/Candidata1.jpg?resize=640%2C399&#038;ssl=1\" alt=\"ELLA EN TERRENO.- Aqu\u00ed tenemos a la concejala apoyando a los campesinos de su comuna en tiempos de sequ\u00eda.\" width=\"640\" height=\"399\" srcset=\"https:\/\/i0.wp.com\/eltrabajo.cl\/portal\/wp-content\/uploads\/2021\/03\/Candidata1.jpg?w=698&amp;ssl=1 698w, https:\/\/i0.wp.com\/eltrabajo.cl\/portal\/wp-content\/uploads\/2021\/03\/Candidata1.jpg?resize=300%2C187&amp;ssl=1 300w, https:\/\/i0.wp.com\/eltrabajo.cl\/portal\/wp-content\/uploads\/2021\/03\/Candidata1.jpg?resize=200%2C125&amp;ssl=1 200w, https:\/\/i0.wp.com\/eltrabajo.cl\/portal\/wp-content\/uploads\/2021\/03\/Candidata1.jpg?resize=696%2C434&amp;ssl=1 696w\" sizes=\"auto, (max-width: 640px) 100vw, 640px\" \/><figcaption id=\"caption-attachment-106884\" class=\"wp-caption-text\">ELLA EN TERRENO.- Aqu\u00ed tenemos a la concejala apoyando a los campesinos de su comuna en tiempos de sequ\u00eda.<\/figcaption><\/figure>\n<figure id=\"attachment_106885\" aria-describedby=\"caption-attachment-106885\" style=\"width: 699px\" class=\"wp-caption alignnone\"><img data-recalc-dims=\"1\" loading=\"lazy\" decoding=\"async\" class=\"size-full wp-image-106885\" src=\"https:\/\/i0.wp.com\/eltrabajo.cl\/portal\/wp-content\/uploads\/2021\/03\/Candidata2.jpg?resize=640%2C667&#038;ssl=1\" alt=\"IMPULSANDO LA CULTURA.- Aqu\u00ed vemos a Marcela con el alcalde Sergio Zamora, acompa\u00f1ando al escritor Federico Mart\u00ednez en el lanzamiento de un libro que relata historias de dicha comuna.\" width=\"640\" height=\"667\" srcset=\"https:\/\/i0.wp.com\/eltrabajo.cl\/portal\/wp-content\/uploads\/2021\/03\/Candidata2.jpg?w=699&amp;ssl=1 699w, https:\/\/i0.wp.com\/eltrabajo.cl\/portal\/wp-content\/uploads\/2021\/03\/Candidata2.jpg?resize=288%2C300&amp;ssl=1 288w, https:\/\/i0.wp.com\/eltrabajo.cl\/portal\/wp-content\/uploads\/2021\/03\/Candidata2.jpg?resize=144%2C150&amp;ssl=1 144w, https:\/\/i0.wp.com\/eltrabajo.cl\/portal\/wp-content\/uploads\/2021\/03\/Candidata2.jpg?resize=696%2C725&amp;ssl=1 696w\" sizes=\"auto, (max-width: 640px) 100vw, 640px\" \/><figcaption id=\"caption-attachment-106885\" class=\"wp-caption-text\">IMPULSANDO LA CULTURA.- Aqu\u00ed vemos a Marcela con el alcalde Sergio Zamora, acompa\u00f1ando al escritor Federico Mart\u00ednez en el lanzamiento de un libro que relata historias de dicha comuna.<\/figcaption><\/figure>\n<figure id=\"attachment_106886\" aria-describedby=\"caption-attachment-106886\" style=\"width: 699px\" class=\"wp-caption alignnone\"><img data-recalc-dims=\"1\" loading=\"lazy\" decoding=\"async\" class=\"size-full wp-image-106886\" src=\"https:\/\/i0.wp.com\/eltrabajo.cl\/portal\/wp-content\/uploads\/2021\/03\/Candidata_Marcela-Zamora.jpg?resize=640%2C653&#038;ssl=1\" alt=\"Marcela Zamora, se postula a la reelecci\u00f3n como concejala de Putaendo.\" width=\"640\" height=\"653\" srcset=\"https:\/\/i0.wp.com\/eltrabajo.cl\/portal\/wp-content\/uploads\/2021\/03\/Candidata_Marcela-Zamora.jpg?w=699&amp;ssl=1 699w, https:\/\/i0.wp.com\/eltrabajo.cl\/portal\/wp-content\/uploads\/2021\/03\/Candidata_Marcela-Zamora.jpg?resize=294%2C300&amp;ssl=1 294w, https:\/\/i0.wp.com\/eltrabajo.cl\/portal\/wp-content\/uploads\/2021\/03\/Candidata_Marcela-Zamora.jpg?resize=147%2C150&amp;ssl=1 147w, https:\/\/i0.wp.com\/eltrabajo.cl\/portal\/wp-content\/uploads\/2021\/03\/Candidata_Marcela-Zamora.jpg?resize=696%2C710&amp;ssl=1 696w\" sizes=\"auto, (max-width: 640px) 100vw, 640px\" \/><figcaption id=\"caption-attachment-106886\" class=\"wp-caption-text\">Marcela Zamora, se postula a la reelecci\u00f3n como concejala de Putaendo.<\/figcaption><\/figure>\n","protected":false},"excerpt":{"rendered":"<p>Diario El Trabajo, en nuestro af\u00e1n de dar a conocer los candidatos para las elecciones de abril de este a\u00f1o en el Valle de Aconcagua, presenta hoy a la profesora del Colegio&#8230;<\/p>\n","protected":false},"author":482,"featured_media":106884,"comment_status":"closed","ping_status":"open","sticky":false,"template":"","format":"standard","meta":{"advanced_seo_description":"","jetpack_seo_html_title":"","jetpack_seo_noindex":false,"_jetpack_memberships_contains_paid_content":false,"footnotes":""},"categories":[16],"tags":[],"class_list":["post-106883","post","type-post","status-publish","format-standard","has-post-thumbnail","hentry","category-politica"],"jetpack_featured_media_url":"https:\/\/i0.wp.com\/eltrabajo.cl\/portal\/wp-content\/uploads\/2021\/03\/Candidata1.jpg?fit=698%2C435&ssl=1","jetpack_sharing_enabled":true,"jetpack_likes_enabled":true,"jetpack-related-posts":[],"_links":{"self":[{"href":"https:\/\/eltrabajo.cl\/portal\/wp-json\/wp\/v2\/posts\/106883","targetHints":{"allow":["GET"]}}],"collection":[{"href":"https:\/\/eltrabajo.cl\/portal\/wp-json\/wp\/v2\/posts"}],"about":[{"href":"https:\/\/eltrabajo.cl\/portal\/wp-json\/wp\/v2\/types\/post"}],"author":[{"embeddable":true,"href":"https:\/\/eltrabajo.cl\/portal\/wp-json\/wp\/v2\/users\/482"}],"replies":[{"embeddable":true,"href":"https:\/\/eltrabajo.cl\/portal\/wp-json\/wp\/v2\/comments?post=106883"}],"version-history":[{"count":0,"href":"https:\/\/eltrabajo.cl\/portal\/wp-json\/wp\/v2\/posts\/106883\/revisions"}],"wp:featuredmedia":[{"embeddable":true,"href":"https:\/\/eltrabajo.cl\/portal\/wp-json\/wp\/v2\/media\/106884"}],"wp:attachment":[{"href":"https:\/\/eltrabajo.cl\/portal\/wp-json\/wp\/v2\/media?parent=106883"}],"wp:term":[{"taxonomy":"category","embeddable":true,"href":"https:\/\/eltrabajo.cl\/portal\/wp-json\/wp\/v2\/categories?post=106883"},{"taxonomy":"post_tag","embeddable":true,"href":"https:\/\/eltrabajo.cl\/portal\/wp-json\/wp\/v2\/tags?post=106883"}],"curies":[{"name":"wp","href":"https:\/\/api.w.org\/{rel}","templated":true}]}}