{"id":106892,"date":"2021-03-22T07:45:11","date_gmt":"2021-03-22T10:45:11","guid":{"rendered":"https:\/\/www.eltrabajo.cl\/portal\/?p=106892"},"modified":"2021-03-21T21:19:14","modified_gmt":"2021-03-22T00:19:14","slug":"marisol-ponce-reclama-campana-sucia-por-redes-sociales-en-su-contra","status":"publish","type":"post","link":"https:\/\/eltrabajo.cl\/portal\/marisol-ponce-reclama-campana-sucia-por-redes-sociales-en-su-contra\/","title":{"rendered":"Marisol Ponce reclama \u2018Campa\u00f1a sucia\u2019 por redes sociales en su contra"},"content":{"rendered":"<p style=\"text-align: left;\"><span style=\"color: #ff0000;\"><strong>Es candidata al cargo de Alcaldesa de Santa Mar\u00eda:<\/strong><\/span><\/p>\n<p style=\"text-align: justify;\">En nuestra Sala de Redacci\u00f3n recibimos este viernes a la concejala (UDI) DE Santa Mar\u00eda y tambi\u00e9n candidata a la Alcald\u00eda de esa comuna, <strong>Marisol Ponce Cisterna<\/strong>, a quien de manera an\u00f3nima y con aparentes perfiles falsos, la atacaron en redes sociales para desprestigiarla y cargarle culpas que ella rechaza contundentemente en relaci\u00f3n a una fiscalizaci\u00f3n hecha por Carabineros y el Seremi de Transportes a conductores ilegales y choferes de Uber.<\/p>\n<p style=\"text-align: justify;\">\n<p style=\"text-align: justify;\"><span style=\"color: #ff0000;\"><strong>PERFILES FALSOS<\/strong><\/span><\/p>\n<p style=\"text-align: justify;\">La candidata al cargo de alcaldesa de la Municipalidad de Santa Mar\u00eda, quien explic\u00f3 a <strong>Diario El Trabajo<\/strong> que \u00ab<em>este viernes 12 de marzo\u00a0 lleg\u00f3 a Santa Mar\u00eda el Seremi de Transportes a fiscalizar, como lo ha hecho desde hace mucho tiempo, lleg\u00f3 con Carabineros y abordaron a los taxistas irregulares y tambi\u00e9n a los fleteros y conductores de Uber en la ciudad, el tema es que los conductores se molestaron, resultando que en pocos minutos a alguien se le ocurri\u00f3 insinuar que yo fui quien solicit\u00f3 esa fiscalizaci\u00f3n, generando un efecto domin\u00f3 y sin investigar la situaci\u00f3n me funaron en redes sociales, estoy hablando de esas funas crueles, gente con perfiles falsos y emitiendo juicios, insultos y groser\u00edas, fue un mal rato para m\u00ed y para mi familia, algo que nunca hab\u00eda ocurrido, s\u00f3lo hasta que me postul\u00e9 al cargo de Alcaldesa de Santa Mar\u00eda, pienso que esta es una manera muy indecorosa de politizar la vida de los dem\u00e1s, estoy compitiendo con transparencia, no necesito mancillar la honra de nadie para sacar ventaja pol\u00edtica, esta situaci\u00f3n me llev\u00f3 a interponer la respectiva denuncia en la PDI, ya me explicaron que periciar\u00e1n esas publicaciones desde Santiago (\u2026) por otra parte, tendr\u00eda que ser yo la \u2018Reina de las Tontas\u2019 para echarle una fiscalizaci\u00f3n a los fleteros si mis hermanos son fleteros, tendr\u00eda que ser yo muy desatinada para atacar a los Uber si mis nietos se movilizan en Uber todos los d\u00edas a sus colegios, simplemente no tiene sentido estos ataques en mi contra<\/em>\u00bb, indic\u00f3 Ponce.<\/p>\n<p style=\"text-align: justify;\">\n<p style=\"text-align: justify;\"><span style=\"color: #ff0000;\"><strong>RUINES ATAQUES<\/strong><\/span><\/p>\n<p style=\"text-align: justify;\">Entre los insultos y descalificaciones que se publicaron en redes sociales contra el honor de esta concejala, llegaron incluso hasta mencionar al presidente de la l\u00ednea Taxis Colectivos entre San Felipe y Santa Mar\u00eda, <strong>El\u00edas Fern\u00e1ndez Chapa<\/strong>, quien al enterarse de estos ataques y viendo tambi\u00e9n c\u00f3mo lo funaban a \u00e9l en redes sociales, habl\u00f3 con <strong>Diario El Trabajo<\/strong> para recalcar algunas verdades.<\/p>\n<p style=\"text-align: justify;\">\u00ab<em>Mire aqu\u00ed yo creo que hay una infamia pol\u00edtica por parte de gente inescrupulosa que se esconden detr\u00e1s de un tel\u00e9fono para escribir o hablar cualquier tontera, seg\u00fan lo que yo interpreto la se\u00f1ora Marisol m\u00e1s bien est\u00e1 intentando mejorar la locomoci\u00f3n mayor, eso puedo decir del tema, en cuanto a las otras habladur\u00edas tampoco, el Seremi de Transporte viene a las comunas porque cumple con su pega, este Seremi est\u00e1 viniendo desde hace m\u00e1s de dos a\u00f1os a Santa Mar\u00eda, me extra\u00f1a que nadie lo haya visto antes, entonces cuando el Seremi los controla es ah\u00ed donde ven f\u00e1cil cargar a los del frente, pero la responsabilidad del ilegal es suya, no culpen a los dem\u00e1s, tampoco es verdad que yo o nosotros los taxistas regulares coordin\u00e1ramos ese operativo policial<\/em>\u00bb, detall\u00f3 Fern\u00e1ndez.<\/p>\n<p style=\"text-align: justify;\">\n<p style=\"text-align: justify;\"><span style=\"color: #ff0000;\"><strong>RA\u00cdCES CAMPESINAS<\/strong><\/span><\/p>\n<p style=\"text-align: justify;\"><em>Aprovechando tambi\u00e9n que Ponce estaba en nuestra Sala de Redacci\u00f3n, le consultamos sobre sus propuestas de trabajo para una posible funci\u00f3n como alcaldesa, <\/em>\u00ab<em>soy Marisol Ponce; esposa, madre, abuela y mujer en terreno. Llevo 16 a\u00f1os ejerciendo el rol fiscalizador como concejala de la comuna, reconocida por los santamarianos como una persona cercana, cari\u00f1osa, humilde y muy comprometida con la jurisdicci\u00f3n, destac\u00e1ndome la concejala m\u00e1s votada en los \u00faltimos dos periodos, o sea, que a m\u00ed no me la van a contar, pues soy nacida y criada en mi comuna, s\u00e9 del sacrificio que hacen los temporeros trabajando de sol a sol para llevar el sustento econ\u00f3mico a casa, ya que por varios a\u00f1os yo tambi\u00e9n tuve la oportunidad de trabajar en esa labor tan humilde y sacrificada que es la agricultura. Siempre siento empat\u00eda con el sufrimiento de los agricultores, debido al da\u00f1o causado recientemente por las lluvias, s\u00e9 del\u00a0 esfuerzo constante de aquellos agricultores que hoy han tenido grandes p\u00e9rdidas, sintiendo adem\u00e1s la angustia al pensar que muchos temporeros quedar\u00e1n sin el sustento para su familia<\/em>\u00bb, recalc\u00f3 Marisol.<\/p>\n<figure id=\"attachment_106893\" aria-describedby=\"caption-attachment-106893\" style=\"width: 699px\" class=\"wp-caption alignnone\"><img data-recalc-dims=\"1\" loading=\"lazy\" decoding=\"async\" class=\"size-full wp-image-106893\" src=\"https:\/\/i0.wp.com\/eltrabajo.cl\/portal\/wp-content\/uploads\/2021\/03\/Funa1.jpg?resize=640%2C468&#038;ssl=1\" alt=\"NO EST\u00c1 SOLA.- Pese a los ataques en su contra en redes sociales, Marisol Ponce contin\u00faa uniendo voluntades en Santa Mar\u00eda.\" width=\"640\" height=\"468\" srcset=\"https:\/\/i0.wp.com\/eltrabajo.cl\/portal\/wp-content\/uploads\/2021\/03\/Funa1.jpg?w=699&amp;ssl=1 699w, https:\/\/i0.wp.com\/eltrabajo.cl\/portal\/wp-content\/uploads\/2021\/03\/Funa1.jpg?resize=300%2C219&amp;ssl=1 300w, https:\/\/i0.wp.com\/eltrabajo.cl\/portal\/wp-content\/uploads\/2021\/03\/Funa1.jpg?resize=200%2C146&amp;ssl=1 200w, https:\/\/i0.wp.com\/eltrabajo.cl\/portal\/wp-content\/uploads\/2021\/03\/Funa1.jpg?resize=696%2C509&amp;ssl=1 696w\" sizes=\"auto, (max-width: 640px) 100vw, 640px\" \/><figcaption id=\"caption-attachment-106893\" class=\"wp-caption-text\">NO EST\u00c1 SOLA.- Pese a los ataques en su contra en redes sociales, Marisol Ponce contin\u00faa uniendo voluntades en Santa Mar\u00eda.<\/figcaption><\/figure>\n<figure id=\"attachment_106894\" aria-describedby=\"caption-attachment-106894\" style=\"width: 699px\" class=\"wp-caption alignnone\"><img data-recalc-dims=\"1\" loading=\"lazy\" decoding=\"async\" class=\"size-full wp-image-106894\" src=\"https:\/\/i0.wp.com\/eltrabajo.cl\/portal\/wp-content\/uploads\/2021\/03\/Funa2.jpg?resize=640%2C399&#038;ssl=1\" alt=\"SABE LO QUE HACE.- Ponce es una mujer santamariana que desde hace muchos a\u00f1os ha logrado estar a la altura de las necesidades que le exigen su cargo.\" width=\"640\" height=\"399\" srcset=\"https:\/\/i0.wp.com\/eltrabajo.cl\/portal\/wp-content\/uploads\/2021\/03\/Funa2.jpg?w=699&amp;ssl=1 699w, https:\/\/i0.wp.com\/eltrabajo.cl\/portal\/wp-content\/uploads\/2021\/03\/Funa2.jpg?resize=300%2C187&amp;ssl=1 300w, https:\/\/i0.wp.com\/eltrabajo.cl\/portal\/wp-content\/uploads\/2021\/03\/Funa2.jpg?resize=200%2C125&amp;ssl=1 200w, https:\/\/i0.wp.com\/eltrabajo.cl\/portal\/wp-content\/uploads\/2021\/03\/Funa2.jpg?resize=696%2C434&amp;ssl=1 696w\" sizes=\"auto, (max-width: 640px) 100vw, 640px\" \/><figcaption id=\"caption-attachment-106894\" class=\"wp-caption-text\">SABE LO QUE HACE.- Ponce es una mujer santamariana que desde hace muchos a\u00f1os ha logrado estar a la altura de las necesidades que le exigen su cargo.<\/figcaption><\/figure>\n<figure id=\"attachment_106895\" aria-describedby=\"caption-attachment-106895\" style=\"width: 698px\" class=\"wp-caption alignnone\"><img data-recalc-dims=\"1\" loading=\"lazy\" decoding=\"async\" class=\"size-full wp-image-106895\" src=\"https:\/\/i0.wp.com\/eltrabajo.cl\/portal\/wp-content\/uploads\/2021\/03\/Funa3.jpg?resize=640%2C374&#038;ssl=1\" alt=\"M\u00c1S QUE TRABAJ\u00d3LICA.- Tambi\u00e9n se da el tiempo para atender a sus vecinos de manera individual con sus problemas.\" width=\"640\" height=\"374\" srcset=\"https:\/\/i0.wp.com\/eltrabajo.cl\/portal\/wp-content\/uploads\/2021\/03\/Funa3.jpg?w=698&amp;ssl=1 698w, https:\/\/i0.wp.com\/eltrabajo.cl\/portal\/wp-content\/uploads\/2021\/03\/Funa3.jpg?resize=300%2C175&amp;ssl=1 300w, https:\/\/i0.wp.com\/eltrabajo.cl\/portal\/wp-content\/uploads\/2021\/03\/Funa3.jpg?resize=200%2C117&amp;ssl=1 200w, https:\/\/i0.wp.com\/eltrabajo.cl\/portal\/wp-content\/uploads\/2021\/03\/Funa3.jpg?resize=696%2C407&amp;ssl=1 696w\" sizes=\"auto, (max-width: 640px) 100vw, 640px\" \/><figcaption id=\"caption-attachment-106895\" class=\"wp-caption-text\">M\u00c1S QUE TRABAJ\u00d3LICA.- Tambi\u00e9n se da el tiempo para atender a sus vecinos de manera individual con sus problemas.<\/figcaption><\/figure>\n<figure id=\"attachment_106896\" aria-describedby=\"caption-attachment-106896\" style=\"width: 699px\" class=\"wp-caption alignnone\"><img data-recalc-dims=\"1\" loading=\"lazy\" decoding=\"async\" class=\"size-full wp-image-106896\" src=\"https:\/\/i0.wp.com\/eltrabajo.cl\/portal\/wp-content\/uploads\/2021\/03\/Funa_Elias-Fernandez.jpg?resize=640%2C654&#038;ssl=1\" alt=\"Presidente de la l\u00ednea Taxis Colectivos entre San Felipe y Santa Mar\u00eda, El\u00edas Fern\u00e1ndez Chapa.\" width=\"640\" height=\"654\" srcset=\"https:\/\/i0.wp.com\/eltrabajo.cl\/portal\/wp-content\/uploads\/2021\/03\/Funa_Elias-Fernandez.jpg?w=699&amp;ssl=1 699w, https:\/\/i0.wp.com\/eltrabajo.cl\/portal\/wp-content\/uploads\/2021\/03\/Funa_Elias-Fernandez.jpg?resize=294%2C300&amp;ssl=1 294w, https:\/\/i0.wp.com\/eltrabajo.cl\/portal\/wp-content\/uploads\/2021\/03\/Funa_Elias-Fernandez.jpg?resize=147%2C150&amp;ssl=1 147w, https:\/\/i0.wp.com\/eltrabajo.cl\/portal\/wp-content\/uploads\/2021\/03\/Funa_Elias-Fernandez.jpg?resize=696%2C711&amp;ssl=1 696w\" sizes=\"auto, (max-width: 640px) 100vw, 640px\" \/><figcaption id=\"caption-attachment-106896\" class=\"wp-caption-text\">Presidente de la l\u00ednea Taxis Colectivos entre San Felipe y Santa Mar\u00eda, El\u00edas Fern\u00e1ndez Chapa.<\/figcaption><\/figure>\n<figure id=\"attachment_106897\" aria-describedby=\"caption-attachment-106897\" style=\"width: 699px\" class=\"wp-caption alignnone\"><img data-recalc-dims=\"1\" loading=\"lazy\" decoding=\"async\" class=\"size-full wp-image-106897\" src=\"https:\/\/i0.wp.com\/eltrabajo.cl\/portal\/wp-content\/uploads\/2021\/03\/Funa_Marisol-Ponce.jpg?resize=640%2C654&#038;ssl=1\" alt=\"Candidata a la Alcald\u00eda de Santa Mar\u00eda, Marisol Ponce Cisterna.\" width=\"640\" height=\"654\" srcset=\"https:\/\/i0.wp.com\/eltrabajo.cl\/portal\/wp-content\/uploads\/2021\/03\/Funa_Marisol-Ponce.jpg?w=699&amp;ssl=1 699w, https:\/\/i0.wp.com\/eltrabajo.cl\/portal\/wp-content\/uploads\/2021\/03\/Funa_Marisol-Ponce.jpg?resize=294%2C300&amp;ssl=1 294w, https:\/\/i0.wp.com\/eltrabajo.cl\/portal\/wp-content\/uploads\/2021\/03\/Funa_Marisol-Ponce.jpg?resize=147%2C150&amp;ssl=1 147w, https:\/\/i0.wp.com\/eltrabajo.cl\/portal\/wp-content\/uploads\/2021\/03\/Funa_Marisol-Ponce.jpg?resize=696%2C711&amp;ssl=1 696w\" sizes=\"auto, (max-width: 640px) 100vw, 640px\" \/><figcaption id=\"caption-attachment-106897\" class=\"wp-caption-text\">Candidata a la Alcald\u00eda de Santa Mar\u00eda, Marisol Ponce Cisterna.<\/figcaption><\/figure>\n","protected":false},"excerpt":{"rendered":"<p>Es candidata al cargo de Alcaldesa de Santa Mar\u00eda: En nuestra Sala de Redacci\u00f3n recibimos este viernes a la concejala (UDI) DE Santa Mar\u00eda y tambi\u00e9n candidata a la Alcald\u00eda de esa&#8230;<\/p>\n","protected":false},"author":482,"featured_media":106897,"comment_status":"closed","ping_status":"open","sticky":false,"template":"","format":"standard","meta":{"advanced_seo_description":"","jetpack_seo_html_title":"","jetpack_seo_noindex":false,"_jetpack_memberships_contains_paid_content":false,"footnotes":""},"categories":[16],"tags":[],"class_list":["post-106892","post","type-post","status-publish","format-standard","has-post-thumbnail","hentry","category-politica"],"jetpack_featured_media_url":"https:\/\/i0.wp.com\/eltrabajo.cl\/portal\/wp-content\/uploads\/2021\/03\/Funa_Marisol-Ponce.jpg?fit=699%2C714&ssl=1","jetpack_sharing_enabled":true,"jetpack_likes_enabled":true,"jetpack-related-posts":[],"_links":{"self":[{"href":"https:\/\/eltrabajo.cl\/portal\/wp-json\/wp\/v2\/posts\/106892","targetHints":{"allow":["GET"]}}],"collection":[{"href":"https:\/\/eltrabajo.cl\/portal\/wp-json\/wp\/v2\/posts"}],"about":[{"href":"https:\/\/eltrabajo.cl\/portal\/wp-json\/wp\/v2\/types\/post"}],"author":[{"embeddable":true,"href":"https:\/\/eltrabajo.cl\/portal\/wp-json\/wp\/v2\/users\/482"}],"replies":[{"embeddable":true,"href":"https:\/\/eltrabajo.cl\/portal\/wp-json\/wp\/v2\/comments?post=106892"}],"version-history":[{"count":0,"href":"https:\/\/eltrabajo.cl\/portal\/wp-json\/wp\/v2\/posts\/106892\/revisions"}],"wp:featuredmedia":[{"embeddable":true,"href":"https:\/\/eltrabajo.cl\/portal\/wp-json\/wp\/v2\/media\/106897"}],"wp:attachment":[{"href":"https:\/\/eltrabajo.cl\/portal\/wp-json\/wp\/v2\/media?parent=106892"}],"wp:term":[{"taxonomy":"category","embeddable":true,"href":"https:\/\/eltrabajo.cl\/portal\/wp-json\/wp\/v2\/categories?post=106892"},{"taxonomy":"post_tag","embeddable":true,"href":"https:\/\/eltrabajo.cl\/portal\/wp-json\/wp\/v2\/tags?post=106892"}],"curies":[{"name":"wp","href":"https:\/\/api.w.org\/{rel}","templated":true}]}}