{"id":106990,"date":"2021-03-25T07:45:24","date_gmt":"2021-03-25T10:45:24","guid":{"rendered":"https:\/\/www.eltrabajo.cl\/portal\/?p=106990"},"modified":"2021-03-24T21:41:44","modified_gmt":"2021-03-25T00:41:44","slug":"plantel-casi-al-cien-por-ciento-tendra-el-uni-uni-para-iniciar-el-torneo","status":"publish","type":"post","link":"https:\/\/eltrabajo.cl\/portal\/plantel-casi-al-cien-por-ciento-tendra-el-uni-uni-para-iniciar-el-torneo\/","title":{"rendered":"Plantel casi al cien por ciento tendr\u00e1 el Un\u00ed Un\u00ed para iniciar el torneo"},"content":{"rendered":"<p style=\"text-align: justify;\">Ya en plena recta final de la Pretemporada y a las puertas de iniciar una nueva aventura en la serie de plata del f\u00fatbol profesional chileno, es halag\u00fce\u00f1o el panorama de salud del plantel albirrojo porque en la pr\u00e1ctica no existen jugadores lesionados, salvo algunas excepciones como es el caso del portero argentino <strong>Nicol\u00e1s Rodr\u00edguez<\/strong>, que se encuentra en pleno proceso de recuperaci\u00f3n tras haber sido sometido a una intervenci\u00f3n quir\u00fargica a una de sus extremidades.<\/p>\n<p style=\"text-align: justify;\">Seg\u00fan pudo reportear <strong>El Trabajo Deportivo<\/strong>, el golero tendr\u00e1 un proceso de recuperaci\u00f3n de seis semanas; una vez superado ese tiempo, el jugador ser\u00e1 evaluado para determinar los pasos a seguir.<\/p>\n<p style=\"text-align: justify;\">Muy importante era saber la situaci\u00f3n del volante <strong>Hern\u00e1n Fredes<\/strong>, quien como el mismo lo reconoci\u00f3 se encuentra a solo d\u00edas de volver a la normalidad total. Ante esta interrogante se puede confirmar que su recuperaci\u00f3n ha sido exitosa y dentro de los plazos esperados, por lo que es claro que el equipo podr\u00e1 contar con el jugador llamado a hacer diferencias en la pr\u00f3xima temporada.<\/p>\n<p style=\"text-align: justify;\">El resto del plantel est\u00e1 en perfectas condiciones por lo que el entrenador <strong>Tom\u00e1s Arrotea<\/strong> no tendr\u00e1 mayores problemas para armar el equipo ideal para partir el torneo de la Primera B.<\/p>\n<figure id=\"attachment_106991\" aria-describedby=\"caption-attachment-106991\" style=\"width: 699px\" class=\"wp-caption alignnone\"><img data-recalc-dims=\"1\" loading=\"lazy\" decoding=\"async\" class=\"size-full wp-image-106991\" src=\"https:\/\/i0.wp.com\/eltrabajo.cl\/portal\/wp-content\/uploads\/2021\/03\/uni-uni.jpg?resize=640%2C726&#038;ssl=1\" alt=\"El plantel albirrojo est\u00e1 pr\u00e1cticamente al cien por ciento al no tener lesionados.\" width=\"640\" height=\"726\" \/><figcaption id=\"caption-attachment-106991\" class=\"wp-caption-text\">El plantel albirrojo est\u00e1 pr\u00e1cticamente al cien por ciento al no tener lesionados.<\/figcaption><\/figure>\n","protected":false},"excerpt":{"rendered":"<p>Ya en plena recta final de la Pretemporada y a las puertas de iniciar una nueva aventura en la serie de plata del f\u00fatbol profesional chileno, es halag\u00fce\u00f1o el panorama de salud&#8230;<\/p>\n","protected":false},"author":482,"featured_media":106991,"comment_status":"closed","ping_status":"open","sticky":false,"template":"","format":"standard","meta":{"advanced_seo_description":"","jetpack_seo_html_title":"","jetpack_seo_noindex":false,"_jetpack_memberships_contains_paid_content":false,"footnotes":""},"categories":[19],"tags":[],"class_list":["post-106990","post","type-post","status-publish","format-standard","has-post-thumbnail","hentry","category-deportes"],"jetpack_featured_media_url":"https:\/\/i0.wp.com\/eltrabajo.cl\/portal\/wp-content\/uploads\/2021\/03\/uni-uni-e1616632874166.jpg?fit=699%2C511&ssl=1","jetpack_sharing_enabled":true,"jetpack_likes_enabled":true,"jetpack-related-posts":[],"_links":{"self":[{"href":"https:\/\/eltrabajo.cl\/portal\/wp-json\/wp\/v2\/posts\/106990","targetHints":{"allow":["GET"]}}],"collection":[{"href":"https:\/\/eltrabajo.cl\/portal\/wp-json\/wp\/v2\/posts"}],"about":[{"href":"https:\/\/eltrabajo.cl\/portal\/wp-json\/wp\/v2\/types\/post"}],"author":[{"embeddable":true,"href":"https:\/\/eltrabajo.cl\/portal\/wp-json\/wp\/v2\/users\/482"}],"replies":[{"embeddable":true,"href":"https:\/\/eltrabajo.cl\/portal\/wp-json\/wp\/v2\/comments?post=106990"}],"version-history":[{"count":0,"href":"https:\/\/eltrabajo.cl\/portal\/wp-json\/wp\/v2\/posts\/106990\/revisions"}],"wp:featuredmedia":[{"embeddable":true,"href":"https:\/\/eltrabajo.cl\/portal\/wp-json\/wp\/v2\/media\/106991"}],"wp:attachment":[{"href":"https:\/\/eltrabajo.cl\/portal\/wp-json\/wp\/v2\/media?parent=106990"}],"wp:term":[{"taxonomy":"category","embeddable":true,"href":"https:\/\/eltrabajo.cl\/portal\/wp-json\/wp\/v2\/categories?post=106990"},{"taxonomy":"post_tag","embeddable":true,"href":"https:\/\/eltrabajo.cl\/portal\/wp-json\/wp\/v2\/tags?post=106990"}],"curies":[{"name":"wp","href":"https:\/\/api.w.org\/{rel}","templated":true}]}}