{"id":107019,"date":"2021-03-26T07:40:15","date_gmt":"2021-03-26T10:40:15","guid":{"rendered":"https:\/\/www.eltrabajo.cl\/portal\/?p=107019"},"modified":"2021-03-25T21:44:47","modified_gmt":"2021-03-26T00:44:47","slug":"dios-me-protegio-para-poder-cuidar-a-mi-esposa-y-dos-hijas-con-covid","status":"publish","type":"post","link":"https:\/\/eltrabajo.cl\/portal\/dios-me-protegio-para-poder-cuidar-a-mi-esposa-y-dos-hijas-con-covid\/","title":{"rendered":"\u00abDios me protegi\u00f3 para poder cuidar a mi esposa y dos hijas con Covid\u00bb"},"content":{"rendered":"<p style=\"text-align: left;\"><span style=\"color: #ff0000;\"><strong>Vecino Miguel Vald\u00e9s cuenta su \u2018milagrosa\u2019 experiencia familiar:<\/strong><\/span><\/p>\n<p style=\"text-align: justify;\">Posiblemente muchos de nuestros lectores recuerdan a nuestra regalona amiga <strong>Alejandra Vald\u00e9s<\/strong>, quien desde hace varios a\u00f1os regala sus peluches a los ni\u00f1os en su barrio cada Navidad. Ella y su familia hoy son noticia nuevamente, pero en esta oportunidad a ra\u00edz de la hospitalizaci\u00f3n que debieron tener luego de haberse contagiado del Coronavirus, situaci\u00f3n que tambi\u00e9n registr\u00f3 un hecho ins\u00f3lito al seno de este hogar sanfelipe\u00f1o.<\/p>\n<p style=\"text-align: justify;\">\n<p style=\"text-align: justify;\"><span style=\"color: #ff0000;\"><strong>FAMILIA AGRADECE<\/strong><\/span><\/p>\n<p style=\"text-align: justify;\">Quien nos comparti\u00f3 lo vivido fue el pap\u00e1 de Alejandra y jefe de familia, don <strong>Miguel Vald\u00e9s<\/strong>, junto a su esposa <strong>Ang\u00e9lica<\/strong>, y su otra hija <strong>Mar\u00eda Paz<\/strong>.<\/p>\n<p style=\"text-align: justify;\">\u00ab<em>La verdad que esta es una muy mala experiencia y que obviamente no queremos que nadie la viva, nosotros la vivimos como Familia, tener a mi se\u00f1ora y a mis dos hijas contaminadas, y que por cosa de Dios a m\u00ed no me dio, aparte que soy una persona con diabetes, que pudo haberme afectado m\u00e1s a m\u00ed, pero Dios no lo permiti\u00f3, me dej\u00f3 libre del virus para poder yo atender a mi familia. Mis hijas y mi se\u00f1ora estuvieron muy complicadas desde el principio, fue tanto que mi esposa fue hospitalizada por 11 d\u00edas, no alcanzaron a entubarla porque el tratamiento que le hicieron fue muy bueno, ella ya est\u00e1 en la casa. Mi peor temor era mi hija Alejandra, todos sabemos que ella tiene una discapacidad, que en alg\u00fan momento podr\u00eda ser la m\u00e1s d\u00e9bil, cosa que no fue as\u00ed porque s\u00f3lo por unos tres d\u00edas le afect\u00f3 fuerte y se alivi\u00f3. Ya las tres han sido dadas de alta, mi otra hija Mar\u00eda Paz, a ella le afect\u00f3 fuerte tambi\u00e9n, ella estuvo 15 d\u00edas encerrada en su pieza, no fue hospitalizada ni enviada a una residencia sanitaria<\/em>\u00bb, coment\u00f3 don Miguel.<\/p>\n<p style=\"text-align: justify;\">&#8211; <strong>\u00bfQu\u00e9 opina don Miguel sobre la atenci\u00f3n que recibieron como pacientes y como grupo familiar?<\/strong><\/p>\n<p style=\"text-align: justify;\">&#8211; Tengo que destacar muchas cosas tras vivir esta experiencia, y muy buenas, pienso que independiente del Gobierno que est\u00e9 de turno, independiente de eso, la atenci\u00f3n que recibimos fue excelente, tanto que los doctores pasaban de visita a cada cama de pacientes de Covid, y llamaban inmediatamente a la casa de sus familias para informar qu\u00e9 es lo que estaba pasando, personalmente dicho por mi se\u00f1ora y lo que yo vi, el Seremi de Salud ven\u00eda dos o tres veces a nuestra casa, los kinesi\u00f3logos llegaban a realizarnos los ex\u00e1menes a la casa, o sea la atenci\u00f3n es muy buena, son miles de personas las que deben atender diariamente, en la vacunaci\u00f3n la calidad de higiene, todo esto hay que destacarlo.<\/p>\n<p style=\"text-align: justify;\"><strong>Roberto Gonz\u00e1lez Short<\/strong><\/p>\n<figure id=\"attachment_107020\" aria-describedby=\"caption-attachment-107020\" style=\"width: 699px\" class=\"wp-caption alignnone\"><img data-recalc-dims=\"1\" loading=\"lazy\" decoding=\"async\" class=\"size-full wp-image-107020\" src=\"https:\/\/i0.wp.com\/eltrabajo.cl\/portal\/wp-content\/uploads\/2021\/03\/Contagiados-2.jpg?resize=640%2C380&#038;ssl=1\" alt=\"Cada Navidad nuestra amiga Alejandra regala decenas de peluches a los ni\u00f1os de Poblaci\u00f3n Aconcagua. (Archivo)\" width=\"640\" height=\"380\" srcset=\"https:\/\/i0.wp.com\/eltrabajo.cl\/portal\/wp-content\/uploads\/2021\/03\/Contagiados-2.jpg?w=699&amp;ssl=1 699w, https:\/\/i0.wp.com\/eltrabajo.cl\/portal\/wp-content\/uploads\/2021\/03\/Contagiados-2.jpg?resize=300%2C178&amp;ssl=1 300w, https:\/\/i0.wp.com\/eltrabajo.cl\/portal\/wp-content\/uploads\/2021\/03\/Contagiados-2.jpg?resize=200%2C119&amp;ssl=1 200w, https:\/\/i0.wp.com\/eltrabajo.cl\/portal\/wp-content\/uploads\/2021\/03\/Contagiados-2.jpg?resize=696%2C413&amp;ssl=1 696w\" sizes=\"auto, (max-width: 640px) 100vw, 640px\" \/><figcaption id=\"caption-attachment-107020\" class=\"wp-caption-text\">Cada Navidad nuestra amiga Alejandra regala decenas de peluches a los ni\u00f1os de Poblaci\u00f3n Aconcagua. (Archivo)<\/figcaption><\/figure>\n<figure id=\"attachment_107022\" aria-describedby=\"caption-attachment-107022\" style=\"width: 699px\" class=\"wp-caption alignnone\"><img data-recalc-dims=\"1\" loading=\"lazy\" decoding=\"async\" class=\"size-full wp-image-107022\" src=\"https:\/\/i0.wp.com\/eltrabajo.cl\/portal\/wp-content\/uploads\/2021\/03\/Contagiados1.jpg?resize=640%2C453&#038;ssl=1\" alt=\"DADOS DE ALTA.- Diario El Trabajo visit\u00f3 a esta familia sanfelipe\u00f1a para compartir su historia de agradecimiento con nuestros lectores. Una de sus hijas ausente por temas laborales. Aqu\u00ed vemos a do\u00f1a Ang\u00e9lica, Alejandra y su pap\u00e1 Miguel Vald\u00e9s.\" width=\"640\" height=\"453\" srcset=\"https:\/\/i0.wp.com\/eltrabajo.cl\/portal\/wp-content\/uploads\/2021\/03\/Contagiados1.jpg?w=699&amp;ssl=1 699w, https:\/\/i0.wp.com\/eltrabajo.cl\/portal\/wp-content\/uploads\/2021\/03\/Contagiados1.jpg?resize=300%2C212&amp;ssl=1 300w, https:\/\/i0.wp.com\/eltrabajo.cl\/portal\/wp-content\/uploads\/2021\/03\/Contagiados1.jpg?resize=200%2C142&amp;ssl=1 200w, https:\/\/i0.wp.com\/eltrabajo.cl\/portal\/wp-content\/uploads\/2021\/03\/Contagiados1.jpg?resize=696%2C493&amp;ssl=1 696w\" sizes=\"auto, (max-width: 640px) 100vw, 640px\" \/><figcaption id=\"caption-attachment-107022\" class=\"wp-caption-text\">DADOS DE ALTA.- Diario El Trabajo visit\u00f3 a esta familia sanfelipe\u00f1a para compartir su historia de agradecimiento con nuestros lectores. Una de sus hijas ausente por temas laborales. Aqu\u00ed vemos a do\u00f1a Ang\u00e9lica, Alejandra y su pap\u00e1 Miguel Vald\u00e9s.<\/figcaption><\/figure>\n<figure id=\"attachment_107021\" aria-describedby=\"caption-attachment-107021\" style=\"width: 699px\" class=\"wp-caption alignnone\"><img data-recalc-dims=\"1\" loading=\"lazy\" decoding=\"async\" class=\"size-full wp-image-107021\" src=\"https:\/\/i0.wp.com\/eltrabajo.cl\/portal\/wp-content\/uploads\/2021\/03\/Contagiados_Miguel-Valdes.jpg?resize=640%2C652&#038;ssl=1\" alt=\"Miguel Vald\u00e9s, padre de familia que no se contagi\u00f3, a\u00fan viviendo entre sus dos hijas y su esposa.\" width=\"640\" height=\"652\" srcset=\"https:\/\/i0.wp.com\/eltrabajo.cl\/portal\/wp-content\/uploads\/2021\/03\/Contagiados_Miguel-Valdes.jpg?w=699&amp;ssl=1 699w, https:\/\/i0.wp.com\/eltrabajo.cl\/portal\/wp-content\/uploads\/2021\/03\/Contagiados_Miguel-Valdes.jpg?resize=295%2C300&amp;ssl=1 295w, https:\/\/i0.wp.com\/eltrabajo.cl\/portal\/wp-content\/uploads\/2021\/03\/Contagiados_Miguel-Valdes.jpg?resize=147%2C150&amp;ssl=1 147w, https:\/\/i0.wp.com\/eltrabajo.cl\/portal\/wp-content\/uploads\/2021\/03\/Contagiados_Miguel-Valdes.jpg?resize=696%2C709&amp;ssl=1 696w\" sizes=\"auto, (max-width: 640px) 100vw, 640px\" \/><figcaption id=\"caption-attachment-107021\" class=\"wp-caption-text\">Miguel Vald\u00e9s, padre de familia que no se contagi\u00f3, a\u00fan viviendo entre sus dos hijas y su esposa.<\/figcaption><\/figure>\n","protected":false},"excerpt":{"rendered":"<p>Vecino Miguel Vald\u00e9s cuenta su \u2018milagrosa\u2019 experiencia familiar: Posiblemente muchos de nuestros lectores recuerdan a nuestra regalona amiga Alejandra Vald\u00e9s, quien desde hace varios a\u00f1os regala sus peluches a los ni\u00f1os en&#8230;<\/p>\n","protected":false},"author":482,"featured_media":107020,"comment_status":"closed","ping_status":"open","sticky":false,"template":"","format":"standard","meta":{"advanced_seo_description":"","jetpack_seo_html_title":"","jetpack_seo_noindex":false,"_jetpack_memberships_contains_paid_content":false,"footnotes":""},"categories":[15,105],"tags":[],"class_list":["post-107019","post","type-post","status-publish","format-standard","has-post-thumbnail","hentry","category-comunidad","category-covid-19"],"jetpack_featured_media_url":"https:\/\/i0.wp.com\/eltrabajo.cl\/portal\/wp-content\/uploads\/2021\/03\/Contagiados-2.jpg?fit=699%2C415&ssl=1","jetpack_sharing_enabled":true,"jetpack_likes_enabled":true,"jetpack-related-posts":[],"_links":{"self":[{"href":"https:\/\/eltrabajo.cl\/portal\/wp-json\/wp\/v2\/posts\/107019","targetHints":{"allow":["GET"]}}],"collection":[{"href":"https:\/\/eltrabajo.cl\/portal\/wp-json\/wp\/v2\/posts"}],"about":[{"href":"https:\/\/eltrabajo.cl\/portal\/wp-json\/wp\/v2\/types\/post"}],"author":[{"embeddable":true,"href":"https:\/\/eltrabajo.cl\/portal\/wp-json\/wp\/v2\/users\/482"}],"replies":[{"embeddable":true,"href":"https:\/\/eltrabajo.cl\/portal\/wp-json\/wp\/v2\/comments?post=107019"}],"version-history":[{"count":0,"href":"https:\/\/eltrabajo.cl\/portal\/wp-json\/wp\/v2\/posts\/107019\/revisions"}],"wp:featuredmedia":[{"embeddable":true,"href":"https:\/\/eltrabajo.cl\/portal\/wp-json\/wp\/v2\/media\/107020"}],"wp:attachment":[{"href":"https:\/\/eltrabajo.cl\/portal\/wp-json\/wp\/v2\/media?parent=107019"}],"wp:term":[{"taxonomy":"category","embeddable":true,"href":"https:\/\/eltrabajo.cl\/portal\/wp-json\/wp\/v2\/categories?post=107019"},{"taxonomy":"post_tag","embeddable":true,"href":"https:\/\/eltrabajo.cl\/portal\/wp-json\/wp\/v2\/tags?post=107019"}],"curies":[{"name":"wp","href":"https:\/\/api.w.org\/{rel}","templated":true}]}}