{"id":107024,"date":"2021-03-26T07:45:23","date_gmt":"2021-03-26T10:45:23","guid":{"rendered":"https:\/\/www.eltrabajo.cl\/portal\/?p=107024"},"modified":"2021-03-25T21:46:36","modified_gmt":"2021-03-26T00:46:36","slug":"juventud-antoniana-estuvo-de-aniversario","status":"publish","type":"post","link":"https:\/\/eltrabajo.cl\/portal\/juventud-antoniana-estuvo-de-aniversario\/","title":{"rendered":"Juventud Antoniana estuvo de aniversario"},"content":{"rendered":"<p style=\"text-align: justify;\">Pese a que la Pandemia del Coronavirus Covid-19 impidi\u00f3 que los festejos fueran a lo grande, igual existe alegr\u00eda entre los cientos de integrantes del club <strong>Juventud Antoniana<\/strong> por su aniversario n\u00famero 85.<\/p>\n<p style=\"text-align: justify;\">La instituci\u00f3n fundada por el sacerdote <strong>Pascual Arquero<\/strong>, tiene sede en la localidad de Curim\u00f3n y vio la luz un 20 de marzo de 1936. En la actualidad Juventud Antoniana se ha puesto como meta volver a posicionarse como un club importante en el valle de Aconcagua, y por lo mismo en este periodo en el que no hay actividad, lo est\u00e1n aprovechando para reencantar a sus socios y sumar nuevos jugadores para armar equipos competitivos en todas las series, f\u00f3rmula que les permitir\u00e1 ser un club fuerte en lo institucional y deportivo.<\/p>\n<p style=\"text-align: justify;\">El actual directorio del club Juventud Antoniana se compone de la siguiente manera:<\/p>\n<p style=\"text-align: justify;\">Presidente: Edson Jim\u00e9nez<\/p>\n<p style=\"text-align: justify;\">Secretario: Claudio Pantoja<\/p>\n<p style=\"text-align: justify;\">Tesorera: Leyla Estay<\/p>\n<figure id=\"attachment_107025\" aria-describedby=\"caption-attachment-107025\" style=\"width: 699px\" class=\"wp-caption alignnone\"><img data-recalc-dims=\"1\" loading=\"lazy\" decoding=\"async\" class=\"size-full wp-image-107025\" src=\"https:\/\/i0.wp.com\/eltrabajo.cl\/portal\/wp-content\/uploads\/2021\/03\/juv-Antoniana.jpg?resize=640%2C460&#038;ssl=1\" alt=\"Pasado y Futuro.- El esp\u00edritu de los forjadores se mantiene intacto en las nuevas generaciones del club Juventud Antoniana.\" width=\"640\" height=\"460\" srcset=\"https:\/\/i0.wp.com\/eltrabajo.cl\/portal\/wp-content\/uploads\/2021\/03\/juv-Antoniana.jpg?w=699&amp;ssl=1 699w, https:\/\/i0.wp.com\/eltrabajo.cl\/portal\/wp-content\/uploads\/2021\/03\/juv-Antoniana.jpg?resize=300%2C215&amp;ssl=1 300w, https:\/\/i0.wp.com\/eltrabajo.cl\/portal\/wp-content\/uploads\/2021\/03\/juv-Antoniana.jpg?resize=200%2C144&amp;ssl=1 200w, https:\/\/i0.wp.com\/eltrabajo.cl\/portal\/wp-content\/uploads\/2021\/03\/juv-Antoniana.jpg?resize=696%2C500&amp;ssl=1 696w\" sizes=\"auto, (max-width: 640px) 100vw, 640px\" \/><figcaption id=\"caption-attachment-107025\" class=\"wp-caption-text\">Pasado y Futuro.- El esp\u00edritu de los forjadores se mantiene intacto en las nuevas generaciones del club Juventud Antoniana.<\/figcaption><\/figure>\n<figure id=\"attachment_107026\" aria-describedby=\"caption-attachment-107026\" style=\"width: 699px\" class=\"wp-caption alignnone\"><img data-recalc-dims=\"1\" loading=\"lazy\" decoding=\"async\" class=\"size-full wp-image-107026\" src=\"https:\/\/i0.wp.com\/eltrabajo.cl\/portal\/wp-content\/uploads\/2021\/03\/ninos-juv-antoniana.jpg?resize=640%2C407&#038;ssl=1\" alt=\"Pasado y Futuro.- El esp\u00edritu de los forjadores se mantiene intacto en las nuevas generaciones del club Juventud Antoniana.\" width=\"640\" height=\"407\" srcset=\"https:\/\/i0.wp.com\/eltrabajo.cl\/portal\/wp-content\/uploads\/2021\/03\/ninos-juv-antoniana.jpg?w=699&amp;ssl=1 699w, https:\/\/i0.wp.com\/eltrabajo.cl\/portal\/wp-content\/uploads\/2021\/03\/ninos-juv-antoniana.jpg?resize=300%2C191&amp;ssl=1 300w, https:\/\/i0.wp.com\/eltrabajo.cl\/portal\/wp-content\/uploads\/2021\/03\/ninos-juv-antoniana.jpg?resize=200%2C127&amp;ssl=1 200w, https:\/\/i0.wp.com\/eltrabajo.cl\/portal\/wp-content\/uploads\/2021\/03\/ninos-juv-antoniana.jpg?resize=696%2C442&amp;ssl=1 696w\" sizes=\"auto, (max-width: 640px) 100vw, 640px\" \/><figcaption id=\"caption-attachment-107026\" class=\"wp-caption-text\">Pasado y Futuro.- El esp\u00edritu de los forjadores se mantiene intacto en las nuevas generaciones del club Juventud Antoniana.<\/figcaption><\/figure>\n","protected":false},"excerpt":{"rendered":"<p>Pese a que la Pandemia del Coronavirus Covid-19 impidi\u00f3 que los festejos fueran a lo grande, igual existe alegr\u00eda entre los cientos de integrantes del club Juventud Antoniana por su aniversario n\u00famero&#8230;<\/p>\n","protected":false},"author":482,"featured_media":107025,"comment_status":"closed","ping_status":"open","sticky":false,"template":"","format":"standard","meta":{"advanced_seo_description":"","jetpack_seo_html_title":"","jetpack_seo_noindex":false,"_jetpack_memberships_contains_paid_content":false,"footnotes":""},"categories":[19],"tags":[],"class_list":["post-107024","post","type-post","status-publish","format-standard","has-post-thumbnail","hentry","category-deportes"],"jetpack_featured_media_url":"https:\/\/i0.wp.com\/eltrabajo.cl\/portal\/wp-content\/uploads\/2021\/03\/juv-Antoniana.jpg?fit=699%2C502&ssl=1","jetpack_sharing_enabled":true,"jetpack_likes_enabled":true,"jetpack-related-posts":[],"_links":{"self":[{"href":"https:\/\/eltrabajo.cl\/portal\/wp-json\/wp\/v2\/posts\/107024","targetHints":{"allow":["GET"]}}],"collection":[{"href":"https:\/\/eltrabajo.cl\/portal\/wp-json\/wp\/v2\/posts"}],"about":[{"href":"https:\/\/eltrabajo.cl\/portal\/wp-json\/wp\/v2\/types\/post"}],"author":[{"embeddable":true,"href":"https:\/\/eltrabajo.cl\/portal\/wp-json\/wp\/v2\/users\/482"}],"replies":[{"embeddable":true,"href":"https:\/\/eltrabajo.cl\/portal\/wp-json\/wp\/v2\/comments?post=107024"}],"version-history":[{"count":0,"href":"https:\/\/eltrabajo.cl\/portal\/wp-json\/wp\/v2\/posts\/107024\/revisions"}],"wp:featuredmedia":[{"embeddable":true,"href":"https:\/\/eltrabajo.cl\/portal\/wp-json\/wp\/v2\/media\/107025"}],"wp:attachment":[{"href":"https:\/\/eltrabajo.cl\/portal\/wp-json\/wp\/v2\/media?parent=107024"}],"wp:term":[{"taxonomy":"category","embeddable":true,"href":"https:\/\/eltrabajo.cl\/portal\/wp-json\/wp\/v2\/categories?post=107024"},{"taxonomy":"post_tag","embeddable":true,"href":"https:\/\/eltrabajo.cl\/portal\/wp-json\/wp\/v2\/tags?post=107024"}],"curies":[{"name":"wp","href":"https:\/\/api.w.org\/{rel}","templated":true}]}}