{"id":107039,"date":"2021-03-26T08:00:53","date_gmt":"2021-03-26T11:00:53","guid":{"rendered":"https:\/\/www.eltrabajo.cl\/portal\/?p=107039"},"modified":"2021-03-25T21:54:21","modified_gmt":"2021-03-26T00:54:21","slug":"detenido-conductor-que-transportaba-casi-10-kilos-de-marihuana-y-portaba-pistola","status":"publish","type":"post","link":"https:\/\/eltrabajo.cl\/portal\/detenido-conductor-que-transportaba-casi-10-kilos-de-marihuana-y-portaba-pistola\/","title":{"rendered":"Detenido conductor que transportaba casi 10 kilos de marihuana y portaba pistola"},"content":{"rendered":"<p style=\"text-align: left;\"><span style=\"color: #ff0000;\"><strong>Carabineros de la SIAT San Felipe:<\/strong><\/span><\/p>\n<p style=\"text-align: justify;\">Carabineros de la Subcomisaria Investigadora de Accidentes de Tr\u00e1nsito y Carreteras San Felipe, a\u00a0eso de las 21:00 horas, en la calzada Poniente de la Ruta 5 Norte, km. 73., comuna de Llay Llayl fiscaliz\u00f3 un veh\u00edculo Chevrolet, Sonic, debido a que se desplazaba por la ruta con sus luces posteriores apagadas.<\/p>\n<p style=\"text-align: justify;\">En el instante de efectuar la fiscalizaci\u00f3n, el personal policial se percata de un fuerte olor que emanaba del interior del m\u00f3vil, similar al de la Marihuana, como tambi\u00e9n una actitud que denostaba nerviosismo por parte del conductor.<\/p>\n<p style=\"text-align: justify;\">Debido a lo anterior que Carabineros de la SIAT realiz\u00f3 una revisi\u00f3n detallada del veh\u00edculo, encontrando en el maletero, 2 sacos de nylon de gran tama\u00f1o, los cuales en su interior manten\u00edan aparentemente marihuana elaborada.<\/p>\n<p style=\"text-align: justify;\">Al seguir con la revisi\u00f3n, se percatan de una pistola calibre 9mm\u00a0que se manten\u00eda con un cargador con 15 cartuchos en su interior. Mientras que, dentro de una mochila, se encontraron tambi\u00e9n 9 cartuchos adicionales correspondientes al calibre de la pistola antes se\u00f1alada, procediendo a la detenci\u00f3n en forma inmediata y adoptando el procedimiento de rigor.<\/p>\n<p style=\"text-align: justify;\">La prueba de campo de Carabineros del OS7 permiti\u00f3 establecer que lo decomisado\u00a0corresponde a 9,9 kilos de marihuana elaborada.<\/p>\n<p style=\"text-align: justify;\">A ra\u00edz de lo anterior se tom\u00f3 contacto con el fiscal de turno, quien instruy\u00f3 la incautaci\u00f3n del veh\u00edculo en el que se transportaba la droga, la incautaci\u00f3n de un tel\u00e9fono celular, el armamento recuperado con su respectiva munici\u00f3n derivado a Labocar y la droga que fuese remitida al Servicio de Salud Aconcagua.<\/p>\n<p style=\"text-align: justify;\">El conductor fue identificado con las iniciales <strong>J.M.O.R.<\/strong>, quien pas\u00f3 a control de detenci\u00f3n para ser formalizado por infracci\u00f3n a la ley de drogas y porte de arma de fuego.<\/p>\n<p style=\"text-align: justify;\">\n<figure id=\"attachment_107041\" aria-describedby=\"caption-attachment-107041\" style=\"width: 699px\" class=\"wp-caption alignnone\"><img data-recalc-dims=\"1\" loading=\"lazy\" decoding=\"async\" class=\"size-full wp-image-107041\" src=\"https:\/\/i0.wp.com\/eltrabajo.cl\/portal\/wp-content\/uploads\/2021\/03\/Decomiso-2.jpg?resize=640%2C479&#038;ssl=1\" alt=\"La marihuana era transportada en bolsas de nylon, alcanzando un peso de pr\u00e1cticamente 10 kilos.\" width=\"640\" height=\"479\" srcset=\"https:\/\/i0.wp.com\/eltrabajo.cl\/portal\/wp-content\/uploads\/2021\/03\/Decomiso-2.jpg?w=699&amp;ssl=1 699w, https:\/\/i0.wp.com\/eltrabajo.cl\/portal\/wp-content\/uploads\/2021\/03\/Decomiso-2.jpg?resize=300%2C224&amp;ssl=1 300w, https:\/\/i0.wp.com\/eltrabajo.cl\/portal\/wp-content\/uploads\/2021\/03\/Decomiso-2.jpg?resize=200%2C150&amp;ssl=1 200w, https:\/\/i0.wp.com\/eltrabajo.cl\/portal\/wp-content\/uploads\/2021\/03\/Decomiso-2.jpg?resize=696%2C521&amp;ssl=1 696w\" sizes=\"auto, (max-width: 640px) 100vw, 640px\" \/><figcaption id=\"caption-attachment-107041\" class=\"wp-caption-text\">La marihuana era transportada en bolsas de nylon, alcanzando un peso de pr\u00e1cticamente 10 kilos.<\/figcaption><\/figure>\n<figure id=\"attachment_107042\" aria-describedby=\"caption-attachment-107042\" style=\"width: 699px\" class=\"wp-caption alignnone\"><img data-recalc-dims=\"1\" loading=\"lazy\" decoding=\"async\" class=\"size-full wp-image-107042\" src=\"https:\/\/i0.wp.com\/eltrabajo.cl\/portal\/wp-content\/uploads\/2021\/03\/Decomiso-3.jpg?resize=640%2C480&#038;ssl=1\" alt=\"Esta es el arma de fuego que fue incautada al conductor.\" width=\"640\" height=\"480\" srcset=\"https:\/\/i0.wp.com\/eltrabajo.cl\/portal\/wp-content\/uploads\/2021\/03\/Decomiso-3.jpg?w=699&amp;ssl=1 699w, https:\/\/i0.wp.com\/eltrabajo.cl\/portal\/wp-content\/uploads\/2021\/03\/Decomiso-3.jpg?resize=300%2C225&amp;ssl=1 300w, https:\/\/i0.wp.com\/eltrabajo.cl\/portal\/wp-content\/uploads\/2021\/03\/Decomiso-3.jpg?resize=200%2C150&amp;ssl=1 200w, https:\/\/i0.wp.com\/eltrabajo.cl\/portal\/wp-content\/uploads\/2021\/03\/Decomiso-3.jpg?resize=696%2C522&amp;ssl=1 696w\" sizes=\"auto, (max-width: 640px) 100vw, 640px\" \/><figcaption id=\"caption-attachment-107042\" class=\"wp-caption-text\">Esta es el arma de fuego que fue incautada al conductor.<\/figcaption><\/figure>\n","protected":false},"excerpt":{"rendered":"<p>Carabineros de la SIAT San Felipe: Carabineros de la Subcomisaria Investigadora de Accidentes de Tr\u00e1nsito y Carreteras San Felipe, a\u00a0eso de las 21:00 horas, en la calzada Poniente de la Ruta 5&#8230;<\/p>\n","protected":false},"author":482,"featured_media":107040,"comment_status":"closed","ping_status":"open","sticky":false,"template":"","format":"standard","meta":{"advanced_seo_description":"","jetpack_seo_html_title":"","jetpack_seo_noindex":false,"_jetpack_memberships_contains_paid_content":false,"footnotes":""},"categories":[21],"tags":[],"class_list":["post-107039","post","type-post","status-publish","format-standard","has-post-thumbnail","hentry","category-policial"],"jetpack_featured_media_url":"https:\/\/i0.wp.com\/eltrabajo.cl\/portal\/wp-content\/uploads\/2021\/03\/Decomiso.jpg?fit=699%2C523&ssl=1","jetpack_sharing_enabled":true,"jetpack_likes_enabled":true,"jetpack-related-posts":[],"_links":{"self":[{"href":"https:\/\/eltrabajo.cl\/portal\/wp-json\/wp\/v2\/posts\/107039","targetHints":{"allow":["GET"]}}],"collection":[{"href":"https:\/\/eltrabajo.cl\/portal\/wp-json\/wp\/v2\/posts"}],"about":[{"href":"https:\/\/eltrabajo.cl\/portal\/wp-json\/wp\/v2\/types\/post"}],"author":[{"embeddable":true,"href":"https:\/\/eltrabajo.cl\/portal\/wp-json\/wp\/v2\/users\/482"}],"replies":[{"embeddable":true,"href":"https:\/\/eltrabajo.cl\/portal\/wp-json\/wp\/v2\/comments?post=107039"}],"version-history":[{"count":0,"href":"https:\/\/eltrabajo.cl\/portal\/wp-json\/wp\/v2\/posts\/107039\/revisions"}],"wp:featuredmedia":[{"embeddable":true,"href":"https:\/\/eltrabajo.cl\/portal\/wp-json\/wp\/v2\/media\/107040"}],"wp:attachment":[{"href":"https:\/\/eltrabajo.cl\/portal\/wp-json\/wp\/v2\/media?parent=107039"}],"wp:term":[{"taxonomy":"category","embeddable":true,"href":"https:\/\/eltrabajo.cl\/portal\/wp-json\/wp\/v2\/categories?post=107039"},{"taxonomy":"post_tag","embeddable":true,"href":"https:\/\/eltrabajo.cl\/portal\/wp-json\/wp\/v2\/tags?post=107039"}],"curies":[{"name":"wp","href":"https:\/\/api.w.org\/{rel}","templated":true}]}}