{"id":107044,"date":"2021-03-26T21:36:22","date_gmt":"2021-03-27T00:36:22","guid":{"rendered":"https:\/\/www.eltrabajo.cl\/portal\/?p=107044"},"modified":"2021-03-26T22:11:34","modified_gmt":"2021-03-27T01:11:34","slug":"menor-de-10-anos-muere-al-caer-de-un-tercer-piso-en-la-villa-departamental","status":"publish","type":"post","link":"https:\/\/eltrabajo.cl\/portal\/menor-de-10-anos-muere-al-caer-de-un-tercer-piso-en-la-villa-departamental\/","title":{"rendered":"Menor de 10 a\u00f1os muere al caer de un tercer piso en la Villa Departamental"},"content":{"rendered":"<p style=\"text-align: justify;\">Una terrible tragedia enfrenta una familia sanfelipe\u00f1a luego que este viernes por la tarde, su hijo de 10 a\u00f1os de edad falleciera poco despu\u00e9s de caer de un tercer piso en la Villa Departamental.<\/p>\n<p style=\"text-align: justify;\">El hecho se registr\u00f3 poco antes de las 16 horas, d\u00e1ndose la alarma a las 15,58 y s\u00f3lo 3 minutos despu\u00e9s se despacharon las unidades de Bomberos, Carabineros y el SAMU.<\/p>\n<p style=\"text-align: justify;\">El lugar de la tragedia corresponde a la Villa Departamental, espec\u00edficamente el block 1320, donde el menor, de iniciales <strong>JGP<\/strong>, por circunstancias que se desconocen, cay\u00f3 desde un tercer piso.<\/p>\n<p style=\"text-align: justify;\">A ra\u00edz de la ca\u00edda, el menor fue atendido en el mismo lugar por personal del SAMU y posteriormente trasladado al servicio de Urgencia del Hospital San Camilo, donde lamentablemente no fue posible salvarle la vida, falleciendo debido a un traumatismo de cr\u00e1neo.<\/p>\n<p style=\"text-align: justify;\">En el lugar se vivieron momentos de mucho dramatismo. Incluso en forma espont\u00e1nea un grupo de personas, entre ellas una funcionaria de Carabineros, se unieron en una cadena de oraci\u00f3n mientras el menor era asistido por personal del SAMU.<\/p>\n<figure id=\"attachment_107045\" aria-describedby=\"caption-attachment-107045\" style=\"width: 700px\" class=\"wp-caption alignnone\"><img data-recalc-dims=\"1\" loading=\"lazy\" decoding=\"async\" class=\"size-full wp-image-107045\" src=\"https:\/\/i0.wp.com\/eltrabajo.cl\/portal\/wp-content\/uploads\/2021\/03\/carabinera-reza.jpg?resize=640%2C480&#038;ssl=1\" alt=\"Familiares, vecinos, amigos, se unen en una cadena de oraci\u00f3n espont\u00e1nea para rogar por la vida del menor.\" width=\"640\" height=\"480\" srcset=\"https:\/\/i0.wp.com\/eltrabajo.cl\/portal\/wp-content\/uploads\/2021\/03\/carabinera-reza.jpg?w=700&amp;ssl=1 700w, https:\/\/i0.wp.com\/eltrabajo.cl\/portal\/wp-content\/uploads\/2021\/03\/carabinera-reza.jpg?resize=300%2C225&amp;ssl=1 300w, https:\/\/i0.wp.com\/eltrabajo.cl\/portal\/wp-content\/uploads\/2021\/03\/carabinera-reza.jpg?resize=200%2C150&amp;ssl=1 200w, https:\/\/i0.wp.com\/eltrabajo.cl\/portal\/wp-content\/uploads\/2021\/03\/carabinera-reza.jpg?resize=696%2C522&amp;ssl=1 696w\" sizes=\"auto, (max-width: 640px) 100vw, 640px\" \/><figcaption id=\"caption-attachment-107045\" class=\"wp-caption-text\">Familiares, vecinos, amigos, se unen en una cadena de oraci\u00f3n espont\u00e1nea para rogar por la vida del menor.<\/figcaption><\/figure>\n","protected":false},"excerpt":{"rendered":"<p>Una terrible tragedia enfrenta una familia sanfelipe\u00f1a luego que este viernes por la tarde, su hijo de 10 a\u00f1os de edad falleciera poco despu\u00e9s de caer de un tercer piso en la&#8230;<\/p>\n","protected":false},"author":482,"featured_media":107045,"comment_status":"closed","ping_status":"open","sticky":false,"template":"","format":"standard","meta":{"advanced_seo_description":"","jetpack_seo_html_title":"","jetpack_seo_noindex":false,"_jetpack_memberships_contains_paid_content":false,"footnotes":""},"categories":[21],"tags":[],"class_list":["post-107044","post","type-post","status-publish","format-standard","has-post-thumbnail","hentry","category-policial"],"jetpack_featured_media_url":"https:\/\/i0.wp.com\/eltrabajo.cl\/portal\/wp-content\/uploads\/2021\/03\/carabinera-reza.jpg?fit=700%2C525&ssl=1","jetpack_sharing_enabled":true,"jetpack_likes_enabled":true,"jetpack-related-posts":[],"_links":{"self":[{"href":"https:\/\/eltrabajo.cl\/portal\/wp-json\/wp\/v2\/posts\/107044","targetHints":{"allow":["GET"]}}],"collection":[{"href":"https:\/\/eltrabajo.cl\/portal\/wp-json\/wp\/v2\/posts"}],"about":[{"href":"https:\/\/eltrabajo.cl\/portal\/wp-json\/wp\/v2\/types\/post"}],"author":[{"embeddable":true,"href":"https:\/\/eltrabajo.cl\/portal\/wp-json\/wp\/v2\/users\/482"}],"replies":[{"embeddable":true,"href":"https:\/\/eltrabajo.cl\/portal\/wp-json\/wp\/v2\/comments?post=107044"}],"version-history":[{"count":0,"href":"https:\/\/eltrabajo.cl\/portal\/wp-json\/wp\/v2\/posts\/107044\/revisions"}],"wp:featuredmedia":[{"embeddable":true,"href":"https:\/\/eltrabajo.cl\/portal\/wp-json\/wp\/v2\/media\/107045"}],"wp:attachment":[{"href":"https:\/\/eltrabajo.cl\/portal\/wp-json\/wp\/v2\/media?parent=107044"}],"wp:term":[{"taxonomy":"category","embeddable":true,"href":"https:\/\/eltrabajo.cl\/portal\/wp-json\/wp\/v2\/categories?post=107044"},{"taxonomy":"post_tag","embeddable":true,"href":"https:\/\/eltrabajo.cl\/portal\/wp-json\/wp\/v2\/tags?post=107044"}],"curies":[{"name":"wp","href":"https:\/\/api.w.org\/{rel}","templated":true}]}}