{"id":107052,"date":"2021-03-29T07:40:25","date_gmt":"2021-03-29T10:40:25","guid":{"rendered":"https:\/\/www.eltrabajo.cl\/portal\/?p=107052"},"modified":"2021-03-28T23:35:18","modified_gmt":"2021-03-29T02:35:18","slug":"bailarinas-de-media-punta-clasifican-al-mundial-de-danza-cancun-2022","status":"publish","type":"post","link":"https:\/\/eltrabajo.cl\/portal\/bailarinas-de-media-punta-clasifican-al-mundial-de-danza-cancun-2022\/","title":{"rendered":"Bailarinas de Media Punta clasifican al Mundial de Danza Canc\u00fan 2022"},"content":{"rendered":"<p style=\"text-align: justify;\">La academia sanfelipe\u00f1a de Danza Media Punta, a pesar de haber pasado un a\u00f1o 2020 de pandemia de dif\u00edcil situaci\u00f3n para el mundo art\u00edstico y de la cultura, pudo lograr adaptarse y continuar todo el a\u00f1o con sus clases, realizando de igual manera sus tres galas anuales de forma virtual \u2018<strong>Mi Casa Danza<\/strong>\u2019, \u2018<strong>Circus<\/strong>\u2019, y \u2018<strong>El Quinto Elemento<\/strong>\u2019.<\/p>\n<p style=\"text-align: justify;\">Las ni\u00f1as de esta academia tambi\u00e9n lograron participar en diferentes eventos nacionales, obteniendo reconocidos premios a la <strong>Mejor Instituci\u00f3n<\/strong>, <strong>Mejor Directora<\/strong>, <strong>Mejor Bailar\u00edn<\/strong> y <strong>Bailar\u00edn Revelaci\u00f3n<\/strong>.<\/p>\n<p style=\"text-align: justify;\">\u00ab<em>Pero lo m\u00e1s destacado del 2020 fue su partici\u00f3n Online del Mundial de Danza, transmitido en vivo y adaptando toda la tecnolog\u00eda para poder llevar a cabo la participaci\u00f3n de las bailarinas en representaci\u00f3n de Chile, logrando as\u00ed importantes lugares ubicados dentro de los Top 10 Mundiales. Comenzamos 2021 en un nuevo evento nacional realizado en 31 de enero a trav\u00e9s de Zoom en directo junto a la marca Stage Dance Champions Chile<\/em>\u00bb, coment\u00f3 a <strong>Diario El Trabajo<\/strong> la directora de la academia, <strong>Karen Cataldo Pino<\/strong>.<\/p>\n<p style=\"text-align: justify;\">&#8211; <strong>\u00bfCu\u00e1ntos bailarines en escena este a\u00f1o?<\/strong><\/p>\n<p style=\"text-align: justify;\">&#8211; Participaron 25 bailarines en escena (online) demostrando excelente nivel danc\u00edstico de sus participaciones representando orgullosamente a San Felipe, adem\u00e1s alcanzando el Top 3 gracias a los altos puntajes, lo que le permitieron un pase directo a la gran final <strong>Stage Dance International M\u00e9xico &#8211; Canc\u00fan 2022<\/strong>, representando a chile en este importante evento.<\/p>\n<p style=\"text-align: justify;\">&#8211; <strong>\u00bfQu\u00e9 lugares conquistaron tus bailarinas?<\/strong><\/p>\n<p style=\"text-align: justify;\">&#8211; Los lugares obtenidos fueron 1er lugar solista profesional contempor\u00e1neo Karen Cataldo; 1er lugar solista profesional show <strong>Karen Cataldo<\/strong>; 1er lugar solista estudiante show <strong>Emilia Artiaga<\/strong>; 1er lugar solista estudiante Jazz, <strong>Antonia Terraza<\/strong>; 1er lugar solista estudiante lyrical <strong>Alexandra Lorca<\/strong>; 1er lugar D\u00fao estudiante show <strong>Ivanna Jamet<\/strong> y <strong>Estephanie Mu\u00f1oz<\/strong>; 1er lugar grupal estudiante contempor\u00e1neo <strong>Macarena Bustos<\/strong>; <strong>Martina P\u00e1ez<\/strong>, <strong>Soet Mancilla<\/strong>, <strong>Emilia Artiaga<\/strong>, <strong>Ayelen Ram\u00edrez<\/strong> y <strong>Antonia C\u00f3rdoba<\/strong>. En los segundos lugares tenemos en solista\u00a0 estudiante lyrical <strong>Emilia L\u00f3pez<\/strong>; solista estudiante jazz <strong>Ivanna Jamet<\/strong>; solista estudiante lyrical <strong>Ariadna Machuca<\/strong>; y tercer lugar solista estudiante jazz <strong>Enara Machuca<\/strong>; solista estudiante teatro musical <strong>Trinidad Moreno<\/strong> y el tr\u00edo estudiante <strong>Alexandra Lorca<\/strong>, <strong>Matilde Tapia<\/strong>, <strong>Trinidad Moreno<\/strong>.<\/p>\n<p style=\"text-align: justify;\">&#8211; <strong>\u00bfC\u00f3mo se sienten entonces con esta clasificaci\u00f3n al Mundial en Canc\u00fan?<\/strong><\/p>\n<p style=\"text-align: justify;\">&#8211; Estamos muy felices de este nuevo logro y desaf\u00edo, ya nos encontramos inscritas para viajar si dios quiere a Canc\u00fan el 2022, es para nosotros una linda luz de esperanza pensar que para ese a\u00f1o la pandemia estar\u00e1 en mejor situaci\u00f3n, estamos optimistas a poder concretar, ya estamos realizando actividades internas publicando algunas en nuestro Instagram <strong>@danzamediapunta<\/strong> y buscando el apoyo de entidades, empresas, emprendedores, persona natural y si fuera posible de la Municipalidad, ya que somos m\u00e1s de 70 personas hasta el momento que vamos represento al valle y a Chile, queremos seguir cultivando la danza y entregando experiencia a todos los apasionados de la danza, como lo hemos hecho en nuestro anteriores viajes.<\/p>\n<p style=\"text-align: justify;\">&#8211; <strong>\u00bfY qu\u00e9 tan preparados est\u00e1n para este gran reto?<\/strong><\/p>\n<p style=\"text-align: justify;\">&#8211; Por supuesto, ya nos encontramos trabajando t\u00e9cnicamente y coreogr\u00e1ficamente para llevar las mejores puesta en escena al nivel internacional que se exige, quiz\u00e1s se puede pensar que falta tiempo pero para la danza la preparaci\u00f3n es justamente de tiempo y mucho tiempo.<\/p>\n<p style=\"text-align: justify;\"><strong>Roberto Gonz\u00e1lez Short<\/strong><\/p>\n<figure id=\"attachment_107053\" aria-describedby=\"caption-attachment-107053\" style=\"width: 699px\" class=\"wp-caption alignnone\"><img data-recalc-dims=\"1\" loading=\"lazy\" decoding=\"async\" class=\"size-full wp-image-107053\" src=\"https:\/\/i0.wp.com\/eltrabajo.cl\/portal\/wp-content\/uploads\/2021\/03\/Media1.jpg?resize=640%2C413&#038;ssl=1\" alt=\"LOS EXPERTOS.- \u00c9l y ellas son el equipo de Maestros 2021, Karen Cataldo, Daniela Cataldo, Camila Canales y Jes\u00fas Herrera.\" width=\"640\" height=\"413\" srcset=\"https:\/\/i0.wp.com\/eltrabajo.cl\/portal\/wp-content\/uploads\/2021\/03\/Media1.jpg?w=699&amp;ssl=1 699w, https:\/\/i0.wp.com\/eltrabajo.cl\/portal\/wp-content\/uploads\/2021\/03\/Media1.jpg?resize=300%2C194&amp;ssl=1 300w, https:\/\/i0.wp.com\/eltrabajo.cl\/portal\/wp-content\/uploads\/2021\/03\/Media1.jpg?resize=200%2C129&amp;ssl=1 200w, https:\/\/i0.wp.com\/eltrabajo.cl\/portal\/wp-content\/uploads\/2021\/03\/Media1.jpg?resize=696%2C449&amp;ssl=1 696w\" sizes=\"auto, (max-width: 640px) 100vw, 640px\" \/><figcaption id=\"caption-attachment-107053\" class=\"wp-caption-text\">LOS EXPERTOS.- \u00c9l y ellas son el equipo de Maestros 2021, Karen Cataldo, Daniela Cataldo, Camila Canales y Jes\u00fas Herrera.<\/figcaption><\/figure>\n<figure id=\"attachment_107054\" aria-describedby=\"caption-attachment-107054\" style=\"width: 699px\" class=\"wp-caption alignnone\"><img data-recalc-dims=\"1\" loading=\"lazy\" decoding=\"async\" class=\"size-full wp-image-107054\" src=\"https:\/\/i0.wp.com\/eltrabajo.cl\/portal\/wp-content\/uploads\/2021\/03\/Media2.jpg?resize=640%2C414&#038;ssl=1\" alt=\"FABULOSAS.- Ellas presentaron la coreograf\u00eda grupal contempor\u00e1nea denominada \u2018El Metal\u2019, la que obtuvo primer lugar en la pasada competencia, logrando clasificar a toda la academia para el Internacional en Canc\u00fan.\" width=\"640\" height=\"414\" srcset=\"https:\/\/i0.wp.com\/eltrabajo.cl\/portal\/wp-content\/uploads\/2021\/03\/Media2.jpg?w=699&amp;ssl=1 699w, https:\/\/i0.wp.com\/eltrabajo.cl\/portal\/wp-content\/uploads\/2021\/03\/Media2.jpg?resize=300%2C194&amp;ssl=1 300w, https:\/\/i0.wp.com\/eltrabajo.cl\/portal\/wp-content\/uploads\/2021\/03\/Media2.jpg?resize=200%2C129&amp;ssl=1 200w, https:\/\/i0.wp.com\/eltrabajo.cl\/portal\/wp-content\/uploads\/2021\/03\/Media2.jpg?resize=696%2C450&amp;ssl=1 696w\" sizes=\"auto, (max-width: 640px) 100vw, 640px\" \/><figcaption id=\"caption-attachment-107054\" class=\"wp-caption-text\">FABULOSAS.- Ellas presentaron la coreograf\u00eda grupal contempor\u00e1nea denominada \u2018El Metal\u2019, la que obtuvo primer lugar en la pasada competencia, logrando clasificar a toda la academia para el Internacional en Canc\u00fan.<\/figcaption><\/figure>\n<figure id=\"attachment_107055\" aria-describedby=\"caption-attachment-107055\" style=\"width: 698px\" class=\"wp-caption alignnone\"><img data-recalc-dims=\"1\" loading=\"lazy\" decoding=\"async\" class=\"size-full wp-image-107055\" src=\"https:\/\/i0.wp.com\/eltrabajo.cl\/portal\/wp-content\/uploads\/2021\/03\/Media3.jpg?resize=640%2C397&#038;ssl=1\" alt=\"LAS MEJORES DE LA ACADEMIA.- No hay l\u00edmites de edad para participar en este proyecto art\u00edstico aconcag\u00fcino.\" width=\"640\" height=\"397\" srcset=\"https:\/\/i0.wp.com\/eltrabajo.cl\/portal\/wp-content\/uploads\/2021\/03\/Media3.jpg?w=698&amp;ssl=1 698w, https:\/\/i0.wp.com\/eltrabajo.cl\/portal\/wp-content\/uploads\/2021\/03\/Media3.jpg?resize=300%2C186&amp;ssl=1 300w, https:\/\/i0.wp.com\/eltrabajo.cl\/portal\/wp-content\/uploads\/2021\/03\/Media3.jpg?resize=200%2C124&amp;ssl=1 200w, https:\/\/i0.wp.com\/eltrabajo.cl\/portal\/wp-content\/uploads\/2021\/03\/Media3.jpg?resize=696%2C432&amp;ssl=1 696w\" sizes=\"auto, (max-width: 640px) 100vw, 640px\" \/><figcaption id=\"caption-attachment-107055\" class=\"wp-caption-text\">LAS MEJORES DE LA ACADEMIA.- No hay l\u00edmites de edad para participar en este proyecto art\u00edstico aconcag\u00fcino.<\/figcaption><\/figure>\n<figure id=\"attachment_107056\" aria-describedby=\"caption-attachment-107056\" style=\"width: 699px\" class=\"wp-caption alignnone\"><img data-recalc-dims=\"1\" loading=\"lazy\" decoding=\"async\" class=\"size-full wp-image-107056\" src=\"https:\/\/i0.wp.com\/eltrabajo.cl\/portal\/wp-content\/uploads\/2021\/03\/Media4.jpg?resize=640%2C748&#038;ssl=1\" alt=\"GRAN COSECHA.- Muchas son las medallas y galvanos que esta Academia cosech\u00f3 en 2020, a pesar de la pandemia.\" width=\"640\" height=\"748\" srcset=\"https:\/\/i0.wp.com\/eltrabajo.cl\/portal\/wp-content\/uploads\/2021\/03\/Media4.jpg?w=699&amp;ssl=1 699w, https:\/\/i0.wp.com\/eltrabajo.cl\/portal\/wp-content\/uploads\/2021\/03\/Media4.jpg?resize=257%2C300&amp;ssl=1 257w, https:\/\/i0.wp.com\/eltrabajo.cl\/portal\/wp-content\/uploads\/2021\/03\/Media4.jpg?resize=128%2C150&amp;ssl=1 128w, https:\/\/i0.wp.com\/eltrabajo.cl\/portal\/wp-content\/uploads\/2021\/03\/Media4.jpg?resize=696%2C813&amp;ssl=1 696w\" sizes=\"auto, (max-width: 640px) 100vw, 640px\" \/><figcaption id=\"caption-attachment-107056\" class=\"wp-caption-text\">GRAN COSECHA.- Muchas son las medallas y galvanos que esta Academia cosech\u00f3 en 2020, a pesar de la pandemia.<\/figcaption><\/figure>\n<figure id=\"attachment_107057\" aria-describedby=\"caption-attachment-107057\" style=\"width: 699px\" class=\"wp-caption alignnone\"><img data-recalc-dims=\"1\" loading=\"lazy\" decoding=\"async\" class=\"size-full wp-image-107057\" src=\"https:\/\/i0.wp.com\/eltrabajo.cl\/portal\/wp-content\/uploads\/2021\/03\/Media_Karen-Cataldo-Pino.jpg?resize=640%2C668&#038;ssl=1\" alt=\"Directora de la academia, Karen Cataldo Pino.\" width=\"640\" height=\"668\" srcset=\"https:\/\/i0.wp.com\/eltrabajo.cl\/portal\/wp-content\/uploads\/2021\/03\/Media_Karen-Cataldo-Pino.jpg?w=699&amp;ssl=1 699w, https:\/\/i0.wp.com\/eltrabajo.cl\/portal\/wp-content\/uploads\/2021\/03\/Media_Karen-Cataldo-Pino.jpg?resize=287%2C300&amp;ssl=1 287w, https:\/\/i0.wp.com\/eltrabajo.cl\/portal\/wp-content\/uploads\/2021\/03\/Media_Karen-Cataldo-Pino.jpg?resize=144%2C150&amp;ssl=1 144w, https:\/\/i0.wp.com\/eltrabajo.cl\/portal\/wp-content\/uploads\/2021\/03\/Media_Karen-Cataldo-Pino.jpg?resize=696%2C727&amp;ssl=1 696w\" sizes=\"auto, (max-width: 640px) 100vw, 640px\" \/><figcaption id=\"caption-attachment-107057\" class=\"wp-caption-text\">Directora de la academia, Karen Cataldo Pino.<\/figcaption><\/figure>\n","protected":false},"excerpt":{"rendered":"<p>La academia sanfelipe\u00f1a de Danza Media Punta, a pesar de haber pasado un a\u00f1o 2020 de pandemia de dif\u00edcil situaci\u00f3n para el mundo art\u00edstico y de la cultura, pudo lograr adaptarse y&#8230;<\/p>\n","protected":false},"author":482,"featured_media":107055,"comment_status":"closed","ping_status":"open","sticky":false,"template":"","format":"standard","meta":{"advanced_seo_description":"","jetpack_seo_html_title":"","jetpack_seo_noindex":false,"_jetpack_memberships_contains_paid_content":false,"footnotes":""},"categories":[15],"tags":[],"class_list":["post-107052","post","type-post","status-publish","format-standard","has-post-thumbnail","hentry","category-comunidad"],"jetpack_featured_media_url":"https:\/\/i0.wp.com\/eltrabajo.cl\/portal\/wp-content\/uploads\/2021\/03\/Media3.jpg?fit=698%2C433&ssl=1","jetpack_sharing_enabled":true,"jetpack_likes_enabled":true,"jetpack-related-posts":[],"_links":{"self":[{"href":"https:\/\/eltrabajo.cl\/portal\/wp-json\/wp\/v2\/posts\/107052","targetHints":{"allow":["GET"]}}],"collection":[{"href":"https:\/\/eltrabajo.cl\/portal\/wp-json\/wp\/v2\/posts"}],"about":[{"href":"https:\/\/eltrabajo.cl\/portal\/wp-json\/wp\/v2\/types\/post"}],"author":[{"embeddable":true,"href":"https:\/\/eltrabajo.cl\/portal\/wp-json\/wp\/v2\/users\/482"}],"replies":[{"embeddable":true,"href":"https:\/\/eltrabajo.cl\/portal\/wp-json\/wp\/v2\/comments?post=107052"}],"version-history":[{"count":0,"href":"https:\/\/eltrabajo.cl\/portal\/wp-json\/wp\/v2\/posts\/107052\/revisions"}],"wp:featuredmedia":[{"embeddable":true,"href":"https:\/\/eltrabajo.cl\/portal\/wp-json\/wp\/v2\/media\/107055"}],"wp:attachment":[{"href":"https:\/\/eltrabajo.cl\/portal\/wp-json\/wp\/v2\/media?parent=107052"}],"wp:term":[{"taxonomy":"category","embeddable":true,"href":"https:\/\/eltrabajo.cl\/portal\/wp-json\/wp\/v2\/categories?post=107052"},{"taxonomy":"post_tag","embeddable":true,"href":"https:\/\/eltrabajo.cl\/portal\/wp-json\/wp\/v2\/tags?post=107052"}],"curies":[{"name":"wp","href":"https:\/\/api.w.org\/{rel}","templated":true}]}}