{"id":107059,"date":"2021-03-29T07:45:44","date_gmt":"2021-03-29T10:45:44","guid":{"rendered":"https:\/\/www.eltrabajo.cl\/portal\/?p=107059"},"modified":"2021-03-28T23:36:46","modified_gmt":"2021-03-29T02:36:46","slug":"el-martes-de-la-proxima-semana-sera-el-estreno-del-uni-uni-en-la-competencia-2021","status":"publish","type":"post","link":"https:\/\/eltrabajo.cl\/portal\/el-martes-de-la-proxima-semana-sera-el-estreno-del-uni-uni-en-la-competencia-2021\/","title":{"rendered":"El martes de la pr\u00f3xima semana ser\u00e1 el estreno del Un\u00ed Un\u00ed en la competencia 2021"},"content":{"rendered":"<p style=\"text-align: justify;\">Al instante mismo en que la ANFP hizo p\u00fablico el fixture para el Torneo 2021 de la Primera Divisi\u00f3n B del F\u00fatbol Profesional Chileno, ya se sab\u00eda que esa programaci\u00f3n era s\u00f3lo tentativa debido a que era poco probable, por no decir imposible que todos los partidos pudieran jugarse en d\u00eda domingo, a lo que hay que agregar que en el balompi\u00e9 nacional nunca un calendario competitivo ha quedado amarrado con semanas de anticipaci\u00f3n.<\/p>\n<p style=\"text-align: justify;\">Esta vez no fue la excepci\u00f3n, y s\u00f3lo pocas horas despu\u00e9s de conocida la agenda para la pr\u00f3xima temporada, el organismo rector del f\u00fatbol criollo inform\u00f3 la programaci\u00f3n definitiva para la primera fecha del campeonato de plata que partir\u00e1 este fin de semana.<\/p>\n<p style=\"text-align: justify;\">As\u00ed las cosas, el duelo entre Rangers y Uni\u00f3n San Felipe que se jugar\u00e1 en el estadio Fiscal de Talca, se agend\u00f3 de manera definitiva para las 20:00 horas del martes 6 de abril, y ser\u00e1 televisado por las c\u00e1maras de TNT, lo que sin lugar a dudas e una buena noticia para la hinchada unionista que podr\u00e1 en vivo y en directo ver c\u00f3mo funcionar\u00e1 el equipo bajo la conducci\u00f3n del trasandino <strong>Tom\u00e1s Arrotea<\/strong>.<\/p>\n<p style=\"text-align: justify;\">La programaci\u00f3n de la primera fecha del torneo B es la siguiente:<\/p>\n<p style=\"text-align: justify;\">S\u00e1bado 3 de abril<\/p>\n<p style=\"text-align: justify;\">15:00 horas: Puerto Montt \u2013 Deportes Copiap\u00f3.<\/p>\n<p style=\"text-align: justify;\">Domingo 4 de abril.<\/p>\n<p style=\"text-align: justify;\">11:00 horas: Magallanes \u2013 San Marcos.<\/p>\n<p style=\"text-align: justify;\">11:00 horas: Temuco \u2013 San Luis.<\/p>\n<p style=\"text-align: justify;\">11:00 horas: Cobreloa \u2013 Barnechea.<\/p>\n<p style=\"text-align: justify;\">11:00 horas: Iquique \u2013 Coquimbo Unido.<\/p>\n<p style=\"text-align: justify;\">Lunes 5 de abril<\/p>\n<p style=\"text-align: justify;\">20:00 horas: Santa Cruz \u2013 Lautaro de Buin.<\/p>\n<p style=\"text-align: justify;\">Martes 6 de abril<\/p>\n<p style=\"text-align: justify;\">20:00 horas: Rangers \u2013 Uni\u00f3n San Felipe.<\/p>\n<p style=\"text-align: justify;\">Lunes 12 de abril<\/p>\n<p style=\"text-align: justify;\">17:00 horas: Universidad de Concepci\u00f3n \u2013 Santiago Morning.<\/p>\n<figure id=\"attachment_107060\" aria-describedby=\"caption-attachment-107060\" style=\"width: 698px\" class=\"wp-caption alignnone\"><img data-recalc-dims=\"1\" loading=\"lazy\" decoding=\"async\" class=\"size-full wp-image-107060\" src=\"https:\/\/i0.wp.com\/eltrabajo.cl\/portal\/wp-content\/uploads\/2021\/03\/uni-uni-1.jpg?resize=640%2C427&#038;ssl=1\" alt=\"El conjunto aconcag\u00fcino durante una de las pr\u00e1cticas futbol\u00edsticas de pretemporada.\" width=\"640\" height=\"427\" srcset=\"https:\/\/i0.wp.com\/eltrabajo.cl\/portal\/wp-content\/uploads\/2021\/03\/uni-uni-1.jpg?w=698&amp;ssl=1 698w, https:\/\/i0.wp.com\/eltrabajo.cl\/portal\/wp-content\/uploads\/2021\/03\/uni-uni-1.jpg?resize=300%2C200&amp;ssl=1 300w, https:\/\/i0.wp.com\/eltrabajo.cl\/portal\/wp-content\/uploads\/2021\/03\/uni-uni-1.jpg?resize=200%2C134&amp;ssl=1 200w, https:\/\/i0.wp.com\/eltrabajo.cl\/portal\/wp-content\/uploads\/2021\/03\/uni-uni-1.jpg?resize=696%2C465&amp;ssl=1 696w\" sizes=\"auto, (max-width: 640px) 100vw, 640px\" \/><figcaption id=\"caption-attachment-107060\" class=\"wp-caption-text\">El conjunto aconcag\u00fcino durante una de las pr\u00e1cticas futbol\u00edsticas de pretemporada.<\/figcaption><\/figure>\n","protected":false},"excerpt":{"rendered":"<p>Al instante mismo en que la ANFP hizo p\u00fablico el fixture para el Torneo 2021 de la Primera Divisi\u00f3n B del F\u00fatbol Profesional Chileno, ya se sab\u00eda que esa programaci\u00f3n era s\u00f3lo&#8230;<\/p>\n","protected":false},"author":482,"featured_media":107060,"comment_status":"closed","ping_status":"open","sticky":false,"template":"","format":"standard","meta":{"advanced_seo_description":"","jetpack_seo_html_title":"","jetpack_seo_noindex":false,"_jetpack_memberships_contains_paid_content":false,"footnotes":""},"categories":[19],"tags":[],"class_list":["post-107059","post","type-post","status-publish","format-standard","has-post-thumbnail","hentry","category-deportes"],"jetpack_featured_media_url":"https:\/\/i0.wp.com\/eltrabajo.cl\/portal\/wp-content\/uploads\/2021\/03\/uni-uni-1.jpg?fit=698%2C466&ssl=1","jetpack_sharing_enabled":true,"jetpack_likes_enabled":true,"jetpack-related-posts":[],"_links":{"self":[{"href":"https:\/\/eltrabajo.cl\/portal\/wp-json\/wp\/v2\/posts\/107059","targetHints":{"allow":["GET"]}}],"collection":[{"href":"https:\/\/eltrabajo.cl\/portal\/wp-json\/wp\/v2\/posts"}],"about":[{"href":"https:\/\/eltrabajo.cl\/portal\/wp-json\/wp\/v2\/types\/post"}],"author":[{"embeddable":true,"href":"https:\/\/eltrabajo.cl\/portal\/wp-json\/wp\/v2\/users\/482"}],"replies":[{"embeddable":true,"href":"https:\/\/eltrabajo.cl\/portal\/wp-json\/wp\/v2\/comments?post=107059"}],"version-history":[{"count":0,"href":"https:\/\/eltrabajo.cl\/portal\/wp-json\/wp\/v2\/posts\/107059\/revisions"}],"wp:featuredmedia":[{"embeddable":true,"href":"https:\/\/eltrabajo.cl\/portal\/wp-json\/wp\/v2\/media\/107060"}],"wp:attachment":[{"href":"https:\/\/eltrabajo.cl\/portal\/wp-json\/wp\/v2\/media?parent=107059"}],"wp:term":[{"taxonomy":"category","embeddable":true,"href":"https:\/\/eltrabajo.cl\/portal\/wp-json\/wp\/v2\/categories?post=107059"},{"taxonomy":"post_tag","embeddable":true,"href":"https:\/\/eltrabajo.cl\/portal\/wp-json\/wp\/v2\/tags?post=107059"}],"curies":[{"name":"wp","href":"https:\/\/api.w.org\/{rel}","templated":true}]}}