{"id":107080,"date":"2021-03-30T07:40:59","date_gmt":"2021-03-30T10:40:59","guid":{"rendered":"https:\/\/www.eltrabajo.cl\/portal\/?p=107080"},"modified":"2021-03-29T23:12:27","modified_gmt":"2021-03-30T02:12:27","slug":"salud-aconcagua-y-u-de-chile-realizan-estudio-sobre-defensas-naturales-contra-el-covid","status":"publish","type":"post","link":"https:\/\/eltrabajo.cl\/portal\/salud-aconcagua-y-u-de-chile-realizan-estudio-sobre-defensas-naturales-contra-el-covid\/","title":{"rendered":"Salud Aconcagua y U. de Chile realizan estudio sobre defensas naturales contra el Covid"},"content":{"rendered":"<p style=\"text-align: left;\"><span style=\"color: #ff0000;\"><strong>Tomas de muestras son a nivel de todo el pa\u00eds:<\/strong><\/span><\/p>\n<ul style=\"text-align: left;\">\n<li><strong>Hoy martes contin\u00faa la toma de muestras en la Plaza de Armas de San Felipe.<\/strong><\/li>\n<\/ul>\n<p style=\"text-align: justify;\">El Servicio de Salud de Aconcagua inici\u00f3 la toma de un test r\u00e1pido de Covid-19, que tiene fines investigativos y permitir\u00e1 conocer la tasa de anticuerpos presentes en la poblaci\u00f3n. Se trata de un estudio de Seroprevalencia para saber si existe presencia de anticuerpos frente al SARS-CoV2, que es liderado por el Ministerio de Salud, el Instituto de Sistemas Complejos de Ingenier\u00eda y la Universidad de Chile, proyecto que se est\u00e1 llevando a cabo en todo el pa\u00eds. Este es un proyecto liderado desde el nivel central, aprobado desde el Comit\u00e9 de \u00c9tica y lo que busca es un estudio, con fines de investigaci\u00f3n, para determinar cu\u00e1l es la tasa de anticuerpos en la poblaci\u00f3n en general.<\/p>\n<p style=\"text-align: justify;\">\n<p style=\"text-align: justify;\"><strong><span style=\"color: #ff0000;\">YA EN TERRENO<\/span><\/strong><\/p>\n<p style=\"text-align: justify;\">Apuntando en esa direcci\u00f3n es que la ma\u00f1ana de este lunes inici\u00f3 este estudio en la Plaza de Armas de San Felipe, en donde se instal\u00f3 un equipo de trabajo con tales fines. <strong>Diario El Trabajo<\/strong> convers\u00f3 con <strong>Francia Canale<\/strong>s, kinesi\u00f3loga del Servicio de Salud Aconcagua, quien nos habl\u00f3 sobre el Test R\u00e1pido: <em>\u00abEste lunes estuvimos en la Plaza C\u00edvica realizando el Test R\u00e1pido para verificar la presencia de anticuerpos en la sangre, esto quiere decir la presencia de nuestras defensas naturales ante el virus del Covid. Este es un estudio a nivel nacional que se est\u00e1 realizando en ciertos puntos de Chile, lo hacemos en coordinaci\u00f3n con el Instituto de Sistemas Complejos de Ingenier\u00eda de la Universidad de Chile<\/em> (ISCI).<em> La participaci\u00f3n de la ciudadan\u00eda en general ha sido bastante buena, estamos por ello muy contentos, pues la idea es determinar c\u00f3mo est\u00e1 nuestra generaci\u00f3n de defensas, o sea, testeamos las defensas o anticuerpos. Este es un estudio muy importante porque es la primera vez que lo estamos realizando en Chile, para San Felipe tenemos una meta de 2.000 test a realizar, la cantidad y lugares est\u00e1 sujeto a lo que nuestras jefaturas vayan evaluando su accionar. Este test se hace a trav\u00e9s de una punci\u00f3n digital <\/em>(dactilar) <em>con una peque\u00f1a lanceta, se extrae una muestra de sangre que es una gotita de sangre y se pone a reaccionar en un dispositivo, luego de esto, este dispositivo nos entrega un marcaje y dicho marcaje nos indicar\u00e1 si tenemos o no buenas defensas contra el Coronavirus. Cualquier persona se lo puede realizar siempre y cuando sea mayor de 18 a\u00f1os de edad, no hay ning\u00fan otro requisito, estaremos ac\u00e1 en la Plaza C\u00edvica los d\u00edas lunes, martes, jueves y viernes, pero tambi\u00e9n estamos sujetos a cambios de nuestros jefes, desde las 9:00 horas al mediod\u00eda<\/em>\u00bb, coment\u00f3 la profesional a <strong>Diario El Trabajo<\/strong>.<\/p>\n<p style=\"text-align: justify;\">Importante se\u00f1alar que esta prueba r\u00e1pida se estuvo realizando este lunes en un stand m\u00e9dico al lado del que funcion\u00f3 para las muestras del PCR.<\/p>\n<p style=\"text-align: justify;\"><strong>Roberto Gonz\u00e1lez Short<\/strong><\/p>\n<figure id=\"attachment_107081\" aria-describedby=\"caption-attachment-107081\" style=\"width: 698px\" class=\"wp-caption alignnone\"><img data-recalc-dims=\"1\" loading=\"lazy\" decoding=\"async\" class=\"size-full wp-image-107081\" src=\"https:\/\/i0.wp.com\/eltrabajo.cl\/portal\/wp-content\/uploads\/2021\/03\/Rapida1.jpg?resize=640%2C414&#038;ssl=1\" alt=\"ESTUDIO NACIONAL.- Hoy martes se continuar\u00e1n realizando los Test R\u00e1pidos de este importante estudio sobre las defensas naturales de los aconcag\u00fcinos contra el Covid.\" width=\"640\" height=\"414\" srcset=\"https:\/\/i0.wp.com\/eltrabajo.cl\/portal\/wp-content\/uploads\/2021\/03\/Rapida1.jpg?w=698&amp;ssl=1 698w, https:\/\/i0.wp.com\/eltrabajo.cl\/portal\/wp-content\/uploads\/2021\/03\/Rapida1.jpg?resize=300%2C194&amp;ssl=1 300w, https:\/\/i0.wp.com\/eltrabajo.cl\/portal\/wp-content\/uploads\/2021\/03\/Rapida1.jpg?resize=200%2C130&amp;ssl=1 200w, https:\/\/i0.wp.com\/eltrabajo.cl\/portal\/wp-content\/uploads\/2021\/03\/Rapida1.jpg?resize=696%2C451&amp;ssl=1 696w\" sizes=\"auto, (max-width: 640px) 100vw, 640px\" \/><figcaption id=\"caption-attachment-107081\" class=\"wp-caption-text\">ESTUDIO NACIONAL.- Hoy martes se continuar\u00e1n realizando los Test R\u00e1pidos de este importante estudio sobre las defensas naturales de los aconcag\u00fcinos contra el Covid.<\/figcaption><\/figure>\n<figure id=\"attachment_107082\" aria-describedby=\"caption-attachment-107082\" style=\"width: 699px\" class=\"wp-caption alignnone\"><img data-recalc-dims=\"1\" loading=\"lazy\" decoding=\"async\" class=\"size-full wp-image-107082\" src=\"https:\/\/i0.wp.com\/eltrabajo.cl\/portal\/wp-content\/uploads\/2021\/03\/Rapida2.jpg?resize=640%2C396&#038;ssl=1\" alt=\"LISTA EN MINUTOS.- Esta prueba se realiza haciendo una punci\u00f3n capilar en uno de los dedos y con una prueba r\u00e1pida, que dura entre 12 a 15 minutos, y as\u00ed se determina o no la presencia de anticuerpos para Covid-19.\" width=\"640\" height=\"396\" srcset=\"https:\/\/i0.wp.com\/eltrabajo.cl\/portal\/wp-content\/uploads\/2021\/03\/Rapida2.jpg?w=699&amp;ssl=1 699w, https:\/\/i0.wp.com\/eltrabajo.cl\/portal\/wp-content\/uploads\/2021\/03\/Rapida2.jpg?resize=300%2C185&amp;ssl=1 300w, https:\/\/i0.wp.com\/eltrabajo.cl\/portal\/wp-content\/uploads\/2021\/03\/Rapida2.jpg?resize=200%2C124&amp;ssl=1 200w, https:\/\/i0.wp.com\/eltrabajo.cl\/portal\/wp-content\/uploads\/2021\/03\/Rapida2.jpg?resize=696%2C430&amp;ssl=1 696w\" sizes=\"auto, (max-width: 640px) 100vw, 640px\" \/><figcaption id=\"caption-attachment-107082\" class=\"wp-caption-text\">LISTA EN MINUTOS.- Esta prueba se realiza haciendo una punci\u00f3n capilar en uno de los dedos y con una prueba r\u00e1pida, que dura entre 12 a 15 minutos, y as\u00ed se determina o no la presencia de anticuerpos para Covid-19.<\/figcaption><\/figure>\n<figure id=\"attachment_107083\" aria-describedby=\"caption-attachment-107083\" style=\"width: 699px\" class=\"wp-caption alignnone\"><img data-recalc-dims=\"1\" loading=\"lazy\" decoding=\"async\" class=\"size-full wp-image-107083\" src=\"https:\/\/i0.wp.com\/eltrabajo.cl\/portal\/wp-content\/uploads\/2021\/03\/Rapida_Francia-Canales.jpg?resize=640%2C656&#038;ssl=1\" alt=\"Francia Canales, kinesi\u00f3loga del Servicio de Salud Aconcagua.\" width=\"640\" height=\"656\" srcset=\"https:\/\/i0.wp.com\/eltrabajo.cl\/portal\/wp-content\/uploads\/2021\/03\/Rapida_Francia-Canales.jpg?w=699&amp;ssl=1 699w, https:\/\/i0.wp.com\/eltrabajo.cl\/portal\/wp-content\/uploads\/2021\/03\/Rapida_Francia-Canales.jpg?resize=293%2C300&amp;ssl=1 293w, https:\/\/i0.wp.com\/eltrabajo.cl\/portal\/wp-content\/uploads\/2021\/03\/Rapida_Francia-Canales.jpg?resize=146%2C150&amp;ssl=1 146w, https:\/\/i0.wp.com\/eltrabajo.cl\/portal\/wp-content\/uploads\/2021\/03\/Rapida_Francia-Canales.jpg?resize=696%2C713&amp;ssl=1 696w\" sizes=\"auto, (max-width: 640px) 100vw, 640px\" \/><figcaption id=\"caption-attachment-107083\" class=\"wp-caption-text\">Francia Canales, kinesi\u00f3loga del Servicio de Salud Aconcagua.<\/figcaption><\/figure>\n","protected":false},"excerpt":{"rendered":"<p>Tomas de muestras son a nivel de todo el pa\u00eds: Hoy martes contin\u00faa la toma de muestras en la Plaza de Armas de San Felipe. El Servicio de Salud de Aconcagua inici\u00f3&#8230;<\/p>\n","protected":false},"author":482,"featured_media":107081,"comment_status":"closed","ping_status":"open","sticky":false,"template":"","format":"standard","meta":{"advanced_seo_description":"","jetpack_seo_html_title":"","jetpack_seo_noindex":false,"_jetpack_memberships_contains_paid_content":false,"footnotes":""},"categories":[105],"tags":[],"class_list":["post-107080","post","type-post","status-publish","format-standard","has-post-thumbnail","hentry","category-covid-19"],"jetpack_featured_media_url":"https:\/\/i0.wp.com\/eltrabajo.cl\/portal\/wp-content\/uploads\/2021\/03\/Rapida1.jpg?fit=698%2C452&ssl=1","jetpack_sharing_enabled":true,"jetpack_likes_enabled":true,"jetpack-related-posts":[],"_links":{"self":[{"href":"https:\/\/eltrabajo.cl\/portal\/wp-json\/wp\/v2\/posts\/107080","targetHints":{"allow":["GET"]}}],"collection":[{"href":"https:\/\/eltrabajo.cl\/portal\/wp-json\/wp\/v2\/posts"}],"about":[{"href":"https:\/\/eltrabajo.cl\/portal\/wp-json\/wp\/v2\/types\/post"}],"author":[{"embeddable":true,"href":"https:\/\/eltrabajo.cl\/portal\/wp-json\/wp\/v2\/users\/482"}],"replies":[{"embeddable":true,"href":"https:\/\/eltrabajo.cl\/portal\/wp-json\/wp\/v2\/comments?post=107080"}],"version-history":[{"count":0,"href":"https:\/\/eltrabajo.cl\/portal\/wp-json\/wp\/v2\/posts\/107080\/revisions"}],"wp:featuredmedia":[{"embeddable":true,"href":"https:\/\/eltrabajo.cl\/portal\/wp-json\/wp\/v2\/media\/107081"}],"wp:attachment":[{"href":"https:\/\/eltrabajo.cl\/portal\/wp-json\/wp\/v2\/media?parent=107080"}],"wp:term":[{"taxonomy":"category","embeddable":true,"href":"https:\/\/eltrabajo.cl\/portal\/wp-json\/wp\/v2\/categories?post=107080"},{"taxonomy":"post_tag","embeddable":true,"href":"https:\/\/eltrabajo.cl\/portal\/wp-json\/wp\/v2\/tags?post=107080"}],"curies":[{"name":"wp","href":"https:\/\/api.w.org\/{rel}","templated":true}]}}